{"id":283,"date":"2020-10-23T08:44:22","date_gmt":"2020-10-23T11:44:22","guid":{"rendered":"https:\/\/blogs.correiobraziliense.com.br\/capital-sa\/?p=283"},"modified":"2020-10-23T11:22:50","modified_gmt":"2020-10-23T14:22:50","slug":"novo-shopping-e-primeira-fabrica-de-veiculos-no-df","status":"publish","type":"post","link":"https:\/\/blogs.correiobraziliense.com.br\/capital-sa\/2020\/10\/23\/novo-shopping-e-primeira-fabrica-de-veiculos-no-df\/","title":{"rendered":"Novo shopping e primeira f\u00e1brica de ve\u00edculos no DF"},"content":{"rendered":"<p>A Terracap est\u00e1 finalizando projeto de parceria p\u00fablico-privada para a constru\u00e7\u00e3o de um shopping, numa \u00e1rea\u00a0de 62 mil m\u00b2, no Noroeste. Tradicionais bandeiras do segmento j\u00e1\u00a0demonstram interesse. A previs\u00e3o\u00a0\u00e9\u00a0conclu\u00ed-lo, para in\u00edcio da constru\u00e7\u00e3o, at\u00e9 2022. E foi retomado o processo de instala\u00e7\u00e3o\u00a0da primeira f\u00e1brica de autom\u00f3veis\u00a0na capital, numa \u00e1rea de 70 mil m\u00b2, no Polo JK.\u00a0 A concess\u00e3o\u00a0do terreno \u00e0 montadora Cab Motors foi assinada no\u00a0come\u00e7o\u00a0do ano. Mas, com a pandemia, o projeto atrasou.<\/p>\n<p>&nbsp;<\/p>\n<blockquote><p>Investimento de<\/p>\n<p><strong>R$ 200 milh\u00f5es<\/strong><\/p>\n<p>Vai gerar<\/p>\n<p><strong>400<\/strong> empregos<\/p><\/blockquote>\n<p>&nbsp;<\/p>\n<h3>Infraestrutura no Noroeste<\/h3>\n<p>&nbsp;<\/p>\n<figure id=\"attachment_285\" aria-describedby=\"caption-attachment-285\" style=\"width: 246px\" class=\"wp-caption aligncenter\"><img loading=\"lazy\" decoding=\"async\" class=\"size-medium wp-image-285\" src=\"https:\/\/blogs.correiobraziliense.com.br\/capital-sa\/wp-content\/uploads\/sites\/59\/2020\/10\/8c643186-b59b-4af3-94ad-14d3db6c4c20-246x300.jpg\" alt=\"\" width=\"246\" height=\"300\" srcset=\"https:\/\/blogs.correiobraziliense.com.br\/capital-sa\/wp-content\/uploads\/sites\/59\/2020\/10\/8c643186-b59b-4af3-94ad-14d3db6c4c20-246x300.jpg 246w, https:\/\/blogs.correiobraziliense.com.br\/capital-sa\/wp-content\/uploads\/sites\/59\/2020\/10\/8c643186-b59b-4af3-94ad-14d3db6c4c20-768x938.jpg 768w, https:\/\/blogs.correiobraziliense.com.br\/capital-sa\/wp-content\/uploads\/sites\/59\/2020\/10\/8c643186-b59b-4af3-94ad-14d3db6c4c20-550x672.jpg 550w, https:\/\/blogs.correiobraziliense.com.br\/capital-sa\/wp-content\/uploads\/sites\/59\/2020\/10\/8c643186-b59b-4af3-94ad-14d3db6c4c20-230x281.jpg 230w, https:\/\/blogs.correiobraziliense.com.br\/capital-sa\/wp-content\/uploads\/sites\/59\/2020\/10\/8c643186-b59b-4af3-94ad-14d3db6c4c20.jpg 781w\" sizes=\"auto, (max-width: 246px) 100vw, 246px\" \/><figcaption id=\"caption-attachment-285\" class=\"wp-caption-text\">Cr\u00e9dito: Luara Baggi<\/figcaption><\/figure>\n<p>Uma velha demanda dos investidores do setor privado no Noroeste \u00e9 a conclus\u00e3o da via W9. O presidente da Terracap, Izidio dos Santos, afirmou que ainda este ano ser\u00e1 entregue a pista.\u00a0Uma das pend\u00eancias era a falta de acordo com as tribos ind\u00edgenas, mas a quest\u00e3o\u00a0foi resolvida recentemente.\u00a0A W9 ser\u00e1 batizada de Avenida dos Ip\u00eas. Em novembro, a Novacap j\u00e1\u00a0come\u00e7a\u00a0a plantar nas margens as mudas\u00a0de esp\u00e9cies de diversas colora\u00e7\u00f5es.<\/p>\n<p>A Terracap tamb\u00e9m\u00a0garante que as melhorias internas do\u00a0Parque Burle Marx est\u00e3o\u00a0aceleradas. Os investimentos sinalizam o potencial de valoriza\u00e7\u00e3o do setor. E a empresa quer dar confian\u00e7a\u00a0aos investidores das \u00e1reas\u00a0comerciais.\u00a0\u201cEstamos investindo bastante na infraestrutura. Nossa meta \u00e9 concluir a implanta\u00e7\u00e3o\u00a0urban\u00edstica da \u00e1rea. H\u00e1\u00a0um passivo dos \u00faltimos\u00a0anos, coisas que deixaram\u00a0de ser feitas. E as demandas se acumularam. Mas estamos trabalhando para reverter isso\u201d, afirma o presidente da Terracap.<\/p>\n<p>Foram vendidas 35 proje\u00e7\u00f5es\u00a0no Noroeste, entre 2019 e 2020,\u00a0e h\u00e1\u00a010% do total dispon\u00edvel de \u00e1rea\u00a0residencial.\u00a0Mas 50% dos terrenos comerciais\u00a0ainda n\u00e3o foram vendidos.<\/p>\n<p>&nbsp;<\/p>\n<p>&nbsp;<\/p>\n","protected":false},"excerpt":{"rendered":"<p>A Terracap est\u00e1 finalizando projeto de parceria p\u00fablico-privada para a constru\u00e7\u00e3o de um shopping, numa \u00e1rea\u00a0de 62 mil m\u00b2, no Noroeste. Tradicionais bandeiras do segmento j\u00e1\u00a0demonstram interesse. A previs\u00e3o\u00a0\u00e9\u00a0conclu\u00ed-lo, para in\u00edcio da constru\u00e7\u00e3o, at\u00e9 2022. E foi retomado o processo de instala\u00e7\u00e3o\u00a0da primeira f\u00e1brica de autom\u00f3veis\u00a0na capital, numa \u00e1rea de 70 mil m\u00b2, no Polo JK.\u00a0 A concess\u00e3o\u00a0do terreno \u00e0 [&hellip;]<\/p>\n","protected":false},"author":125,"featured_media":284,"comment_status":"open","ping_status":"open","sticky":false,"template":"","format":"standard","meta":{"footnotes":""},"categories":[6],"tags":[],"class_list":["post-283","post","type-post","status-publish","format-standard","has-post-thumbnail","hentry","category-coluna-capital-s-a"],"_links":{"self":[{"href":"https:\/\/blogs.correiobraziliense.com.br\/capital-sa\/wp-json\/wp\/v2\/posts\/283","targetHints":{"allow":["GET"]}}],"collection":[{"href":"https:\/\/blogs.correiobraziliense.com.br\/capital-sa\/wp-json\/wp\/v2\/posts"}],"about":[{"href":"https:\/\/blogs.correiobraziliense.com.br\/capital-sa\/wp-json\/wp\/v2\/types\/post"}],"author":[{"embeddable":true,"href":"https:\/\/blogs.correiobraziliense.com.br\/capital-sa\/wp-json\/wp\/v2\/users\/125"}],"replies":[{"embeddable":true,"href":"https:\/\/blogs.correiobraziliense.com.br\/capital-sa\/wp-json\/wp\/v2\/comments?post=283"}],"version-history":[{"count":7,"href":"https:\/\/blogs.correiobraziliense.com.br\/capital-sa\/wp-json\/wp\/v2\/posts\/283\/revisions"}],"predecessor-version":[{"id":305,"href":"https:\/\/blogs.correiobraziliense.com.br\/capital-sa\/wp-json\/wp\/v2\/posts\/283\/revisions\/305"}],"wp:featuredmedia":[{"embeddable":true,"href":"https:\/\/blogs.correiobraziliense.com.br\/capital-sa\/wp-json\/wp\/v2\/media\/284"}],"wp:attachment":[{"href":"https:\/\/blogs.correiobraziliense.com.br\/capital-sa\/wp-json\/wp\/v2\/media?parent=283"}],"wp:term":[{"taxonomy":"category","embeddable":true,"href":"https:\/\/blogs.correiobraziliense.com.br\/capital-sa\/wp-json\/wp\/v2\/categories?post=283"},{"taxonomy":"post_tag","embeddable":true,"href":"https:\/\/blogs.correiobraziliense.com.br\/capital-sa\/wp-json\/wp\/v2\/tags?post=283"}],"curies":[{"name":"wp","href":"https:\/\/api.w.org\/{rel}","templated":true}]}}