{"id":2755,"date":"2021-03-26T16:32:34","date_gmt":"2021-03-26T19:32:34","guid":{"rendered":"https:\/\/blogs.correiobraziliense.com.br\/capital-sa\/?p=2755"},"modified":"2021-03-26T17:44:06","modified_gmt":"2021-03-26T20:44:06","slug":"ibaneis-vai-prorrogar-recolhimento-de-impostos-para-pequenas-empresas","status":"publish","type":"post","link":"https:\/\/blogs.correiobraziliense.com.br\/capital-sa\/2021\/03\/26\/ibaneis-vai-prorrogar-recolhimento-de-impostos-para-pequenas-empresas\/","title":{"rendered":"Ibaneis prorroga recolhimento de impostos para pequenas empresas"},"content":{"rendered":"<p>Por Samanta Sallum<\/p>\n<p class=\"p1\">Seguindo a Resolu\u00e7\u00e3o do Comit\u00ea Gestor do Simples Nacional &#8211; CGSN de 24 de mar\u00e7o, o governador Ibaneis Rocha decretou a prorroga\u00e7\u00e3o do calend\u00e1rio do ICMS e ISS. A medida beneficia cerca de 300 mil pequenas empresas.<\/p>\n<p class=\"p1\"><span class=\"s1\">Em fun\u00e7\u00e3o dos impactos da pandemia da Covid-19, as datas de vencimento do Impostos<span class=\"Apple-converted-space\">\u00a0 <\/span>ficam prorrogadas para os contribuintes do Distrito Federal optantes do Simples Nacional. A medida ser\u00e1 executada pela Secretaria de Economia do DF.<\/span><\/p>\n<p><b>Novas datas:\u00a0<\/b><\/p>\n<p class=\"p1\"><span class=\"s1\">O per\u00edodo de apura\u00e7\u00e3o rela<\/span><span class=\"s2\">\udbff\udc00tivo\u00a0<\/span><span class=\"s1\">a mar\u00e7o de 2021, com vencimento original em 20 de abril de 2021, vencer\u00e1 \u00a0em 20 de julho de 2021;<\/span><\/p>\n<p class=\"p1\"><span class=\"s1\">O per\u00edodo de apura\u00e7\u00e3o de\u00a0<\/span><span class=\"s1\">abril de 2021, com vencimento original em 20 de maio de 2021, vencer\u00e1 \u00a0em 20 de setembro de 2021;\u00a0<\/span><\/p>\n<p class=\"p1\"><span class=\"s1\">O per\u00edodo de apura\u00e7\u00e3o de\u00a0<\/span><span class=\"s1\">maio de 2021, com vencimento original em 21 de junho de 2021, vence em 22 de novembro de 2021.<\/span><\/p>\n<p class=\"p1\"><span class=\"s1\">A Secretaria de Economia prop\u00f4s a renova\u00e7\u00e3o de mais 41 isen\u00e7\u00f5es ou redu\u00e7\u00f5es de al\u00edquotas do ICMS para diversas categorias. Microempresas individuais (MEIs) e pequenas empresas est\u00e3o sendo beneficiadas pelo decreto que ser\u00e1 publicado no pr\u00f3ximo Di\u00e1rio Oficial do DF.<\/span><\/p>\n<blockquote>\n<p class=\"p1\"><span class=\"s1\">\u201cS\u00e3o importantes medidas de impacto social e econ\u00f4mico, que garantem mais qualidade de vida para os brasilienses e mant\u00eam a economia do Distrito Federal din\u00e2mica\u201d destacou o secret\u00e1rio Andr\u00e9 Clemente.<\/span><\/p>\n<\/blockquote>\n","protected":false},"excerpt":{"rendered":"<p>Por Samanta Sallum Seguindo a Resolu\u00e7\u00e3o do Comit\u00ea Gestor do Simples Nacional &#8211; CGSN de 24 de mar\u00e7o, o governador Ibaneis Rocha decretou a prorroga\u00e7\u00e3o do calend\u00e1rio do ICMS e ISS. A medida beneficia cerca de 300 mil pequenas empresas. Em fun\u00e7\u00e3o dos impactos da pandemia da Covid-19, as datas de vencimento do Impostos\u00a0 ficam prorrogadas para os contribuintes do [&hellip;]<\/p>\n","protected":false},"author":125,"featured_media":1267,"comment_status":"open","ping_status":"open","sticky":false,"template":"","format":"standard","meta":{"footnotes":""},"categories":[6],"tags":[],"class_list":["post-2755","post","type-post","status-publish","format-standard","has-post-thumbnail","hentry","category-coluna-capital-s-a"],"_links":{"self":[{"href":"https:\/\/blogs.correiobraziliense.com.br\/capital-sa\/wp-json\/wp\/v2\/posts\/2755","targetHints":{"allow":["GET"]}}],"collection":[{"href":"https:\/\/blogs.correiobraziliense.com.br\/capital-sa\/wp-json\/wp\/v2\/posts"}],"about":[{"href":"https:\/\/blogs.correiobraziliense.com.br\/capital-sa\/wp-json\/wp\/v2\/types\/post"}],"author":[{"embeddable":true,"href":"https:\/\/blogs.correiobraziliense.com.br\/capital-sa\/wp-json\/wp\/v2\/users\/125"}],"replies":[{"embeddable":true,"href":"https:\/\/blogs.correiobraziliense.com.br\/capital-sa\/wp-json\/wp\/v2\/comments?post=2755"}],"version-history":[{"count":9,"href":"https:\/\/blogs.correiobraziliense.com.br\/capital-sa\/wp-json\/wp\/v2\/posts\/2755\/revisions"}],"predecessor-version":[{"id":2768,"href":"https:\/\/blogs.correiobraziliense.com.br\/capital-sa\/wp-json\/wp\/v2\/posts\/2755\/revisions\/2768"}],"wp:featuredmedia":[{"embeddable":true,"href":"https:\/\/blogs.correiobraziliense.com.br\/capital-sa\/wp-json\/wp\/v2\/media\/1267"}],"wp:attachment":[{"href":"https:\/\/blogs.correiobraziliense.com.br\/capital-sa\/wp-json\/wp\/v2\/media?parent=2755"}],"wp:term":[{"taxonomy":"category","embeddable":true,"href":"https:\/\/blogs.correiobraziliense.com.br\/capital-sa\/wp-json\/wp\/v2\/categories?post=2755"},{"taxonomy":"post_tag","embeddable":true,"href":"https:\/\/blogs.correiobraziliense.com.br\/capital-sa\/wp-json\/wp\/v2\/tags?post=2755"}],"curies":[{"name":"wp","href":"https:\/\/api.w.org\/{rel}","templated":true}]}}