{"id":275,"date":"2020-10-22T08:42:51","date_gmt":"2020-10-22T11:42:51","guid":{"rendered":"https:\/\/blogs.correiobraziliense.com.br\/capital-sa\/?p=275"},"modified":"2020-10-22T08:42:51","modified_gmt":"2020-10-22T11:42:51","slug":"atelie-de-docura-contra-o-estresse","status":"publish","type":"post","link":"https:\/\/blogs.correiobraziliense.com.br\/capital-sa\/2020\/10\/22\/atelie-de-docura-contra-o-estresse\/","title":{"rendered":"Ateli\u00ea de do\u00e7ura contra o estresse"},"content":{"rendered":"<p>Jamile Bilu, 32 anos, come\u00e7ou a fazer doces por hobby, para relaxar um pouco, numa \u00e9poca em que vivia estressada. Passava muitas horas concentrada nos estudos para concurso p\u00fablico. Mas a distra\u00e7\u00e3o virou coisa s\u00e9ria. Jamile e a m\u00e3e, uma cozinheira de m\u00e3o cheia, viraram s\u00f3cias do Ateli\u00ea de Bolos Bem Delicioso. E o concurso p\u00fablico foi trocado pela confeitaria.<\/p>\n<p>Em uma viagem de lazer a S\u00e3o Paulo, Jamile e a m\u00e3e tiveram a oportunidade de fazer um curso com uma das cozinheiras que mais admiravam, Roberta Juli\u00e3o.\u00a0Aprenderam a receita do bolo de cookie, que hoje \u00e9 o carro-chefe do Bem Delicioso.<\/p>\n<p><img loading=\"lazy\" decoding=\"async\" class=\"aligncenter size-medium wp-image-277\" src=\"https:\/\/blogs.correiobraziliense.com.br\/capital-sa\/wp-content\/uploads\/sites\/59\/2020\/10\/WhatsApp-Image-2020-10-21-at-22.01.44-254x300.jpeg\" alt=\"\" width=\"254\" height=\"300\" srcset=\"https:\/\/blogs.correiobraziliense.com.br\/capital-sa\/wp-content\/uploads\/sites\/59\/2020\/10\/WhatsApp-Image-2020-10-21-at-22.01.44-254x300.jpeg 254w, https:\/\/blogs.correiobraziliense.com.br\/capital-sa\/wp-content\/uploads\/sites\/59\/2020\/10\/WhatsApp-Image-2020-10-21-at-22.01.44-550x650.jpeg 550w, https:\/\/blogs.correiobraziliense.com.br\/capital-sa\/wp-content\/uploads\/sites\/59\/2020\/10\/WhatsApp-Image-2020-10-21-at-22.01.44-230x272.jpeg 230w, https:\/\/blogs.correiobraziliense.com.br\/capital-sa\/wp-content\/uploads\/sites\/59\/2020\/10\/WhatsApp-Image-2020-10-21-at-22.01.44.jpeg 750w\" sizes=\"auto, (max-width: 254px) 100vw, 254px\" \/><\/p>\n<p><strong>Surpresa na pandemia<\/strong><\/p>\n<p>O ateli\u00ea, em \u00c1guas Claras, come\u00e7ou a tomar forma com um plano de neg\u00f3cios apoiado pelo Sebrae DF. Jamile conta que no come\u00e7o da pandemia o medo foi grande, mas veio\u00a0a boa surpresa: os clientes continuaram a procurar para realizar encomendas.<\/p>\n<p>\u201cEles queriam presentear com bolos as pessoas queridas que estavam sozinhas ou que n\u00e3o viam h\u00e1 muito tempo. Os doces levam esse carinho e conforto\u201d, diz ela.<\/p>\n<p>A confeiteira buscou mais conhecimento para lidar com a crise. \u201cVamos atrair novos clientes. E j\u00e1 estamos entrando no e-commerce.\u201d O ateli\u00ea\u00a0deve reabrir as portas nas pr\u00f3ximas semanas.\u00a0At\u00e9 l\u00e1, continuam com o delivery\u00a0e pelo Instagram.<\/p>\n<p>&nbsp;<\/p>\n<h3><strong>CVP celebra 40 anos\u00a0<\/strong><strong>c<\/strong><strong>om inova\u00e7\u00e3o\u00a0<\/strong><\/h3>\n<p>&nbsp;<\/p>\n<p><img loading=\"lazy\" decoding=\"async\" class=\"aligncenter size-medium wp-image-279\" src=\"https:\/\/blogs.correiobraziliense.com.br\/capital-sa\/wp-content\/uploads\/sites\/59\/2020\/10\/WhatsApp-Image-2020-10-21-at-22.01.57-225x300.jpeg\" alt=\"\" width=\"225\" height=\"300\" srcset=\"https:\/\/blogs.correiobraziliense.com.br\/capital-sa\/wp-content\/uploads\/sites\/59\/2020\/10\/WhatsApp-Image-2020-10-21-at-22.01.57-225x300.jpeg 225w, https:\/\/blogs.correiobraziliense.com.br\/capital-sa\/wp-content\/uploads\/sites\/59\/2020\/10\/WhatsApp-Image-2020-10-21-at-22.01.57-768x1024.jpeg 768w, https:\/\/blogs.correiobraziliense.com.br\/capital-sa\/wp-content\/uploads\/sites\/59\/2020\/10\/WhatsApp-Image-2020-10-21-at-22.01.57-550x733.jpeg 550w, https:\/\/blogs.correiobraziliense.com.br\/capital-sa\/wp-content\/uploads\/sites\/59\/2020\/10\/WhatsApp-Image-2020-10-21-at-22.01.57-230x307.jpeg 230w, https:\/\/blogs.correiobraziliense.com.br\/capital-sa\/wp-content\/uploads\/sites\/59\/2020\/10\/WhatsApp-Image-2020-10-21-at-22.01.57.jpeg 960w\" sizes=\"auto, (max-width: 225px) 100vw, 225px\" \/><\/p>\n<p>A tradicional concession\u00e1ria FIAT faz anivers\u00e1rio neste m\u00eas. Inovar mantendo a tradi\u00e7\u00e3o \u00e9 o lema da empresa familiar, que est\u00e1 na terceira gera\u00e7\u00e3o. Atualmente, \u00e9 comandada por Marcos Roberto Pereira, neto do fundador da CVP e pioneiro de Bras\u00edlia, Jos\u00e9 Pedro Pereira.<\/p>\n<p>A hist\u00f3ria de sucesso come\u00e7a na d\u00e9cada de 1980, quando o patriarca chegou \u00e0 capital federal e abriu as portas da concession\u00e1ria no Pist\u00e3o Sul, em Taguatinga, onde a CVP est\u00e1 localizada at\u00e9 hoje.<\/p>\n<p><strong>Rea\u00e7\u00e3o em vendas\u00a0<\/strong><\/p>\n<p>A empresa passou por uma reestrutura\u00e7\u00e3o em 2020 e dobrou o faturamento em seis meses. Em abril \u00faltimo, no auge da pandemia, o volume de vendas de ve\u00edculos 0km caiu 80%. A rea\u00e7\u00e3o veio com as vendas on-line. Em junho, a CVP apresentou resultado 40% maior em rela\u00e7\u00e3o ao mesmo m\u00eas de 2019.<\/p>\n<p><strong>Escolha digital\u00a0<\/strong><\/p>\n<p>Com exce\u00e7\u00e3o do test-drive, tudo \u00e9 feito de forma digital. Escolha do modelo, assinatura do financiamento e forma de pagamento s\u00e3o realizadas por meio de um clique e o ve\u00edculo novo chega ao endere\u00e7o do cliente.<\/p>\n<p>&nbsp;<\/p>\n<p>&nbsp;<\/p>\n","protected":false},"excerpt":{"rendered":"<p>Jamile Bilu, 32 anos, come\u00e7ou a fazer doces por hobby, para relaxar um pouco, numa \u00e9poca em que vivia estressada. Passava muitas horas concentrada nos estudos para concurso p\u00fablico. Mas a distra\u00e7\u00e3o virou coisa s\u00e9ria. Jamile e a m\u00e3e, uma cozinheira de m\u00e3o cheia, viraram s\u00f3cias do Ateli\u00ea de Bolos Bem Delicioso. E o concurso p\u00fablico foi trocado pela confeitaria. [&hellip;]<\/p>\n","protected":false},"author":125,"featured_media":276,"comment_status":"open","ping_status":"open","sticky":false,"template":"","format":"standard","meta":{"footnotes":""},"categories":[1],"tags":[],"class_list":["post-275","post","type-post","status-publish","format-standard","has-post-thumbnail","hentry","category-sem-categoria"],"_links":{"self":[{"href":"https:\/\/blogs.correiobraziliense.com.br\/capital-sa\/wp-json\/wp\/v2\/posts\/275","targetHints":{"allow":["GET"]}}],"collection":[{"href":"https:\/\/blogs.correiobraziliense.com.br\/capital-sa\/wp-json\/wp\/v2\/posts"}],"about":[{"href":"https:\/\/blogs.correiobraziliense.com.br\/capital-sa\/wp-json\/wp\/v2\/types\/post"}],"author":[{"embeddable":true,"href":"https:\/\/blogs.correiobraziliense.com.br\/capital-sa\/wp-json\/wp\/v2\/users\/125"}],"replies":[{"embeddable":true,"href":"https:\/\/blogs.correiobraziliense.com.br\/capital-sa\/wp-json\/wp\/v2\/comments?post=275"}],"version-history":[{"count":3,"href":"https:\/\/blogs.correiobraziliense.com.br\/capital-sa\/wp-json\/wp\/v2\/posts\/275\/revisions"}],"predecessor-version":[{"id":281,"href":"https:\/\/blogs.correiobraziliense.com.br\/capital-sa\/wp-json\/wp\/v2\/posts\/275\/revisions\/281"}],"wp:featuredmedia":[{"embeddable":true,"href":"https:\/\/blogs.correiobraziliense.com.br\/capital-sa\/wp-json\/wp\/v2\/media\/276"}],"wp:attachment":[{"href":"https:\/\/blogs.correiobraziliense.com.br\/capital-sa\/wp-json\/wp\/v2\/media?parent=275"}],"wp:term":[{"taxonomy":"category","embeddable":true,"href":"https:\/\/blogs.correiobraziliense.com.br\/capital-sa\/wp-json\/wp\/v2\/categories?post=275"},{"taxonomy":"post_tag","embeddable":true,"href":"https:\/\/blogs.correiobraziliense.com.br\/capital-sa\/wp-json\/wp\/v2\/tags?post=275"}],"curies":[{"name":"wp","href":"https:\/\/api.w.org\/{rel}","templated":true}]}}