{"id":268,"date":"2020-10-22T08:29:07","date_gmt":"2020-10-22T11:29:07","guid":{"rendered":"https:\/\/blogs.correiobraziliense.com.br\/capital-sa\/?p=268"},"modified":"2020-10-22T10:20:03","modified_gmt":"2020-10-22T13:20:03","slug":"incentivo-fiscal-para-w3","status":"publish","type":"post","link":"https:\/\/blogs.correiobraziliense.com.br\/capital-sa\/2020\/10\/22\/incentivo-fiscal-para-w3\/","title":{"rendered":"Acordo para W3 e incentivo fiscal"},"content":{"rendered":"<p>Um documento ser\u00e1 enviado oficialmente ao governador Ibaneis Rocha, pelo setor produtivo do DF, para resolver o impasse sobre o futuro da W3 Sul. Entre as sugest\u00f5es, colocar uma condi\u00e7\u00e3o para que empresas de fora ganhem benef\u00edcio fiscal: instalar uma unidade na W3.<\/p>\n<p><strong>Magazine Luiza<\/strong><br \/>\nSe j\u00e1 estivesse em pr\u00e1tica a condi\u00e7\u00e3o, o grupo Magazine Luiza, de S\u00e3o Paulo, que acaba de chegar ao DF, atra\u00eddo por incentivo fiscal, teria de abrir uma loja na W3. Levar novas e importantes marcas para a avenida seria uma forma de ajudar a revitalizar o local.<\/p>\n<p><strong>Consenso<\/strong><br \/>\nOs empres\u00e1rios sugerem que, aos domingos e feriados, parte da W3 Sul fique fechada para o tr\u00e2nsito de ve\u00edculos, para uso de lazer, da 504 \u00e0 508 Sul, e outra fique aberta para o acesso dos clientes de supermercados na regi\u00e3o, que se sentiam prejudicados com o bloqueio.<\/p>\n<p><strong>Espa\u00e7o Renato Russo<\/strong><br \/>\nO documento \u00e9 resultado de reuni\u00e3o ontem, organizada pela Fecom\u00e9rcio, com representantes do setor produtivo, entre eles, Sindivarejista e o sindicato dos supermercados. Tamb\u00e9m teve a participa\u00e7\u00e3o de secret\u00e1rios do GDF.\u00a0A carta defende a cria\u00e7\u00e3o do corredor cultural entre o Sesc e o Espa\u00e7o Renato Russo para atividades culturais, feiras de produtos org\u00e2nicos e de artesanato.<\/p>\n<p>&nbsp;<\/p>\n<blockquote><p><img loading=\"lazy\" decoding=\"async\" class=\"aligncenter size-medium wp-image-270\" src=\"https:\/\/blogs.correiobraziliense.com.br\/capital-sa\/wp-content\/uploads\/sites\/59\/2020\/10\/coluna1-300x254.jpeg\" alt=\"\" width=\"300\" height=\"254\" srcset=\"https:\/\/blogs.correiobraziliense.com.br\/capital-sa\/wp-content\/uploads\/sites\/59\/2020\/10\/coluna1-300x254.jpeg 300w, https:\/\/blogs.correiobraziliense.com.br\/capital-sa\/wp-content\/uploads\/sites\/59\/2020\/10\/coluna1-550x466.jpeg 550w, https:\/\/blogs.correiobraziliense.com.br\/capital-sa\/wp-content\/uploads\/sites\/59\/2020\/10\/coluna1-230x195.jpeg 230w, https:\/\/blogs.correiobraziliense.com.br\/capital-sa\/wp-content\/uploads\/sites\/59\/2020\/10\/coluna1.jpeg 633w\" sizes=\"auto, (max-width: 300px) 100vw, 300px\" \/><\/p>\n<p>\u201cAssim vamos conseguir resolver o problema dos lojistas que est\u00e3o tendo dificuldades em vender por conta da restri\u00e7\u00e3o de ve\u00edculos na regi\u00e3o\u201d, <strong>Francisco Maia, presidente da Fecom\u00e9rcio-DF<\/strong><\/p><\/blockquote>\n<p>&nbsp;<\/p>\n<blockquote><p>\u201cEstamos hoje com uma grande for\u00e7a motriz em prol da W3 Sul, isso n\u00e3o acontecia havia muito tempo\u201d,\u00a0<strong>vice-presidente da C\u00e2mara de Economia Criativa, Miguel Galv\u00e3o<\/strong><\/p><\/blockquote>\n<p>&nbsp;<\/p>\n<p><strong>VLT<\/strong><br \/>\nA secret\u00e1ria executiva de Pol\u00edticas P\u00fablicas do GDF, Meire Mota, apresentou o projeto de revitaliza\u00e7\u00e3o da avenida. E relembrou o do VLT, h\u00e1 anos previsto, mas parado. Segundo ela, vai sair do papel neste governo.<\/p>\n","protected":false},"excerpt":{"rendered":"<p>Um documento ser\u00e1 enviado oficialmente ao governador Ibaneis Rocha, pelo setor produtivo do DF, para resolver o impasse sobre o futuro da W3 Sul. Entre as sugest\u00f5es, colocar uma condi\u00e7\u00e3o para que empresas de fora ganhem benef\u00edcio fiscal: instalar uma unidade na W3. Magazine Luiza Se j\u00e1 estivesse em pr\u00e1tica a condi\u00e7\u00e3o, o grupo Magazine Luiza, de S\u00e3o Paulo, que [&hellip;]<\/p>\n","protected":false},"author":125,"featured_media":269,"comment_status":"open","ping_status":"open","sticky":false,"template":"","format":"standard","meta":{"footnotes":""},"categories":[6],"tags":[],"class_list":["post-268","post","type-post","status-publish","format-standard","has-post-thumbnail","hentry","category-coluna-capital-s-a"],"_links":{"self":[{"href":"https:\/\/blogs.correiobraziliense.com.br\/capital-sa\/wp-json\/wp\/v2\/posts\/268","targetHints":{"allow":["GET"]}}],"collection":[{"href":"https:\/\/blogs.correiobraziliense.com.br\/capital-sa\/wp-json\/wp\/v2\/posts"}],"about":[{"href":"https:\/\/blogs.correiobraziliense.com.br\/capital-sa\/wp-json\/wp\/v2\/types\/post"}],"author":[{"embeddable":true,"href":"https:\/\/blogs.correiobraziliense.com.br\/capital-sa\/wp-json\/wp\/v2\/users\/125"}],"replies":[{"embeddable":true,"href":"https:\/\/blogs.correiobraziliense.com.br\/capital-sa\/wp-json\/wp\/v2\/comments?post=268"}],"version-history":[{"count":5,"href":"https:\/\/blogs.correiobraziliense.com.br\/capital-sa\/wp-json\/wp\/v2\/posts\/268\/revisions"}],"predecessor-version":[{"id":282,"href":"https:\/\/blogs.correiobraziliense.com.br\/capital-sa\/wp-json\/wp\/v2\/posts\/268\/revisions\/282"}],"wp:featuredmedia":[{"embeddable":true,"href":"https:\/\/blogs.correiobraziliense.com.br\/capital-sa\/wp-json\/wp\/v2\/media\/269"}],"wp:attachment":[{"href":"https:\/\/blogs.correiobraziliense.com.br\/capital-sa\/wp-json\/wp\/v2\/media?parent=268"}],"wp:term":[{"taxonomy":"category","embeddable":true,"href":"https:\/\/blogs.correiobraziliense.com.br\/capital-sa\/wp-json\/wp\/v2\/categories?post=268"},{"taxonomy":"post_tag","embeddable":true,"href":"https:\/\/blogs.correiobraziliense.com.br\/capital-sa\/wp-json\/wp\/v2\/tags?post=268"}],"curies":[{"name":"wp","href":"https:\/\/api.w.org\/{rel}","templated":true}]}}