{"id":2604,"date":"2021-03-17T09:53:35","date_gmt":"2021-03-17T12:53:35","guid":{"rendered":"https:\/\/blogs.correiobraziliense.com.br\/capital-sa\/?p=2604"},"modified":"2021-03-17T10:04:29","modified_gmt":"2021-03-17T13:04:29","slug":"big-box-e-academia-acuas-parceria-em-expansao","status":"publish","type":"post","link":"https:\/\/blogs.correiobraziliense.com.br\/capital-sa\/2021\/03\/17\/big-box-e-academia-acuas-parceria-em-expansao\/","title":{"rendered":"Big Box e Academia Acuas: parceria em expans\u00e3o"},"content":{"rendered":"<p>Por Samanta Sallum<\/p>\n<p>Uma dobradinha que est\u00e1 dando certo e crescendo. Com o mesmo grupo empresarial investidor, a rede Big Box de supermercados e a Academia Acuas est\u00e3o otimizando os clientes e os neg\u00f3cios. A quinta unidade da Acuas ser\u00e1 inaugurada na 508 Sul, em <a href=\"\/\/2\">29 de mar\u00e7o<\/a>.<\/p>\n<p><strong>Equipamentos<br \/>\nde \u00faltima gera\u00e7\u00e3o<\/strong><\/p>\n<p>A academia \u00e9 localizada sempre perto de uma loja do Big Box. Um estimula o p\u00fablico do outro. O grupo est\u00e1 apostando em equipamentos de ponta para os exerc\u00edcios f\u00edsicos, como os de muscula\u00e7\u00e3o da marca italiana Technogym, com Mini Unity, e um personal rob\u00f4 de \u00faltima gera\u00e7\u00e3o que auxilia no treino, apresentando execu\u00e7\u00e3o correta e contagem de repeti\u00e7\u00f5es.<\/p>\n<p><img loading=\"lazy\" decoding=\"async\" class=\"aligncenter size-medium wp-image-2610\" src=\"https:\/\/blogs.correiobraziliense.com.br\/capital-sa\/wp-content\/uploads\/sites\/59\/2021\/03\/820AC61C-44B8-4EC7-A282-480FF3332B2A-300x169.jpeg\" alt=\"\" width=\"300\" height=\"169\" srcset=\"https:\/\/blogs.correiobraziliense.com.br\/capital-sa\/wp-content\/uploads\/sites\/59\/2021\/03\/820AC61C-44B8-4EC7-A282-480FF3332B2A-300x169.jpeg 300w, https:\/\/blogs.correiobraziliense.com.br\/capital-sa\/wp-content\/uploads\/sites\/59\/2021\/03\/820AC61C-44B8-4EC7-A282-480FF3332B2A-768x432.jpeg 768w, https:\/\/blogs.correiobraziliense.com.br\/capital-sa\/wp-content\/uploads\/sites\/59\/2021\/03\/820AC61C-44B8-4EC7-A282-480FF3332B2A.jpeg 800w, https:\/\/blogs.correiobraziliense.com.br\/capital-sa\/wp-content\/uploads\/sites\/59\/2021\/03\/820AC61C-44B8-4EC7-A282-480FF3332B2A-550x309.jpeg 550w, https:\/\/blogs.correiobraziliense.com.br\/capital-sa\/wp-content\/uploads\/sites\/59\/2021\/03\/820AC61C-44B8-4EC7-A282-480FF3332B2A-230x129.jpeg 230w\" sizes=\"auto, (max-width: 300px) 100vw, 300px\" \/><\/p>\n<p><strong>Piscina semiol\u00edmpica<br \/>\n<\/strong><br \/>\nA nova academia ser\u00e1 climatizada com 1.800 metros quadrados, ter\u00e1 estacionamento coberto e exclusivo, brinquedoteca e\u00a0piscina semiol\u00edmpica coberta, aquecida com tratamento moderno \u00e0 base de oz\u00f4nio. Tamb\u00e9m disponibilizar\u00e1 os servi\u00e7os de Fisioterapia Dr.Habka, nutri\u00e7\u00e3o e cl\u00ednica est\u00e9tica.<\/p>\n<p><strong>Chegando ao Lago Sul<\/strong><\/p>\n<p>A primeira academia do grupo foi inaugurada h\u00e1 13 anos, em \u00c1guas Claras. Hoje Sudoeste, Asa Norte e Asa Sul j\u00e1 contam com unidades. A pr\u00f3xima ser\u00e1 aberta no Lago Sul, em maio.<\/p>\n<p><img loading=\"lazy\" decoding=\"async\" class=\"aligncenter size-medium wp-image-2611\" src=\"https:\/\/blogs.correiobraziliense.com.br\/capital-sa\/wp-content\/uploads\/sites\/59\/2021\/03\/123055C2-4907-4D62-8AC6-0800DCBBE0B6-300x225.jpeg\" alt=\"\" width=\"300\" height=\"225\" srcset=\"https:\/\/blogs.correiobraziliense.com.br\/capital-sa\/wp-content\/uploads\/sites\/59\/2021\/03\/123055C2-4907-4D62-8AC6-0800DCBBE0B6-300x225.jpeg 300w, https:\/\/blogs.correiobraziliense.com.br\/capital-sa\/wp-content\/uploads\/sites\/59\/2021\/03\/123055C2-4907-4D62-8AC6-0800DCBBE0B6-768x576.jpeg 768w, https:\/\/blogs.correiobraziliense.com.br\/capital-sa\/wp-content\/uploads\/sites\/59\/2021\/03\/123055C2-4907-4D62-8AC6-0800DCBBE0B6.jpeg 1024w, https:\/\/blogs.correiobraziliense.com.br\/capital-sa\/wp-content\/uploads\/sites\/59\/2021\/03\/123055C2-4907-4D62-8AC6-0800DCBBE0B6-800x600.jpeg 800w, https:\/\/blogs.correiobraziliense.com.br\/capital-sa\/wp-content\/uploads\/sites\/59\/2021\/03\/123055C2-4907-4D62-8AC6-0800DCBBE0B6-550x413.jpeg 550w, https:\/\/blogs.correiobraziliense.com.br\/capital-sa\/wp-content\/uploads\/sites\/59\/2021\/03\/123055C2-4907-4D62-8AC6-0800DCBBE0B6-230x173.jpeg 230w\" sizes=\"auto, (max-width: 300px) 100vw, 300px\" \/><\/p>\n<p><strong>Sa\u00fade f\u00edsica e mental\u00a0<\/strong><\/p>\n<p>\u201cNo momento, com as restri\u00e7\u00f5es do decreto de lockdown, estamos funcionando das 6h <a href=\"\/\/4\">\u00e0s<\/a> <a href=\"\/\/4\">22h<\/a> s\u00f3 para muscula\u00e7\u00e3o. As aulas coletivas est\u00e3o suspensas. Mas, assim que isso passar, voltaremos com nossas aulas e atividades. Ir \u00e0 academia \u00e9 importante para a sa\u00fade do corpo e tamb\u00e9m mental\u201d, diz Itana Habka, diretora da rede Acuas. Ela conta com a ajuda do primo Konstantin Pappas, que \u00e9 gerente das unidades.<\/p>\n<p>&nbsp;<\/p>\n","protected":false},"excerpt":{"rendered":"<p>Por Samanta Sallum Uma dobradinha que est\u00e1 dando certo e crescendo. Com o mesmo grupo empresarial investidor, a rede Big Box de supermercados e a Academia Acuas est\u00e3o otimizando os clientes e os neg\u00f3cios. A quinta unidade da Acuas ser\u00e1 inaugurada na 508 Sul, em 29 de mar\u00e7o. Equipamentos de \u00faltima gera\u00e7\u00e3o A academia \u00e9 localizada sempre perto de uma [&hellip;]<\/p>\n","protected":false},"author":125,"featured_media":2609,"comment_status":"open","ping_status":"open","sticky":false,"template":"","format":"standard","meta":{"footnotes":""},"categories":[6],"tags":[],"class_list":["post-2604","post","type-post","status-publish","format-standard","has-post-thumbnail","hentry","category-coluna-capital-s-a"],"_links":{"self":[{"href":"https:\/\/blogs.correiobraziliense.com.br\/capital-sa\/wp-json\/wp\/v2\/posts\/2604","targetHints":{"allow":["GET"]}}],"collection":[{"href":"https:\/\/blogs.correiobraziliense.com.br\/capital-sa\/wp-json\/wp\/v2\/posts"}],"about":[{"href":"https:\/\/blogs.correiobraziliense.com.br\/capital-sa\/wp-json\/wp\/v2\/types\/post"}],"author":[{"embeddable":true,"href":"https:\/\/blogs.correiobraziliense.com.br\/capital-sa\/wp-json\/wp\/v2\/users\/125"}],"replies":[{"embeddable":true,"href":"https:\/\/blogs.correiobraziliense.com.br\/capital-sa\/wp-json\/wp\/v2\/comments?post=2604"}],"version-history":[{"count":9,"href":"https:\/\/blogs.correiobraziliense.com.br\/capital-sa\/wp-json\/wp\/v2\/posts\/2604\/revisions"}],"predecessor-version":[{"id":2616,"href":"https:\/\/blogs.correiobraziliense.com.br\/capital-sa\/wp-json\/wp\/v2\/posts\/2604\/revisions\/2616"}],"wp:featuredmedia":[{"embeddable":true,"href":"https:\/\/blogs.correiobraziliense.com.br\/capital-sa\/wp-json\/wp\/v2\/media\/2609"}],"wp:attachment":[{"href":"https:\/\/blogs.correiobraziliense.com.br\/capital-sa\/wp-json\/wp\/v2\/media?parent=2604"}],"wp:term":[{"taxonomy":"category","embeddable":true,"href":"https:\/\/blogs.correiobraziliense.com.br\/capital-sa\/wp-json\/wp\/v2\/categories?post=2604"},{"taxonomy":"post_tag","embeddable":true,"href":"https:\/\/blogs.correiobraziliense.com.br\/capital-sa\/wp-json\/wp\/v2\/tags?post=2604"}],"curies":[{"name":"wp","href":"https:\/\/api.w.org\/{rel}","templated":true}]}}