{"id":26,"date":"2020-09-23T06:01:29","date_gmt":"2020-09-23T09:01:29","guid":{"rendered":"https:\/\/blogs.correiobraziliense.com.br\/capital-sa\/?p=26"},"modified":"2020-09-23T00:18:55","modified_gmt":"2020-09-23T03:18:55","slug":"pandemia-derruba-pib-no-df","status":"publish","type":"post","link":"https:\/\/blogs.correiobraziliense.com.br\/capital-sa\/2020\/09\/23\/pandemia-derruba-pib-no-df\/","title":{"rendered":"Pandemia derruba PIB no DF"},"content":{"rendered":"<h2><em>Economia despenca e PIB registra \u00edndice negativo, mostra Boletim de Conjuntura Econ\u00f4mica do DF, a ser divulgado hoje pela Codeplan e Secretaria de Economia do DF<\/em><\/h2>\n<h4>Coluna Capital S\/A, por Samanta Sallum<\/h4>\n<p>Abril, maio e junho entram para a hist\u00f3ria como o per\u00edodo mais agonizante na economia do Distrito Federal. O desempenho desmoronou, com o PIB fechando o segundo trimestre com \u00edndice 4,2%\u00a0menor de crescimento em rela\u00e7\u00e3o ao mesmo per\u00edodo no ano passado.<\/p>\n<p>Uma realidade bem diferente que a dos meses e anos anteriores, em que a curva da economia local estava em ascend\u00eancia. O \u00edndice de desempenho econ\u00f4mico do DF (Idecon) vinha crescendo desde o segundo semestre de 2017. Chegou ao \u00e1pice com alta de 2,6% no quarto trimestre de 2019.<\/p>\n<p>Houve redu\u00e7\u00e3o no primeiro trimestre de 2020, mas o DF ainda se mantinha com \u00edndice positivo. Janeiro, fevereiro e mar\u00e7o fecharam em 1,2 %. O resultado de abril, maio e junho \u00e9 o pior desde 2015. Esses indicadores ser\u00e3o confirmados hoje no Boletim de Conjuntura Econ\u00f4mica do DF, produzido pela Codeplan e pela Secretaria de Economia do DF.<\/p>\n<h3>Servidores s\u00e3o escudo para o PIB<\/h3>\n<p>Em compara\u00e7\u00e3o ao desastre nacional na economia, Bras\u00edlia foi menos impactada, segundo os dados da <a href=\"https:\/\/www.correiobraziliense.com.br\/cidades-df\/2020\/08\/4870305-codeplan-avalia-cenario-de-queda.html\" target=\"_blank\" rel=\"noopener\">Codeplan<\/a>. O PIB do pa\u00eds caiu entre abril e junho para 11, 4%, em rela\u00e7\u00e3o ao mesmo per\u00edodo de 2019. A proje\u00e7\u00e3o \u00e9 que o PIB brasileiro tenha o pior resultado anual desde o in\u00edcio do s\u00e9culo passado.<\/p>\n<p>A crise causada pela pandemia foi menos forte no DF pelo fato de a Administra\u00e7\u00e3o P\u00fablica ter uma participa\u00e7\u00e3o maior na estrutura produtiva aqui do na esfera nacional. O fato de existir uma massa de servidores p\u00fablicos com renda est\u00e1vel cria um certo escudo na capital contra as crises.<\/p>\n<h3>O morango \u00e9 nosso<\/h3>\n<p>O agropecu\u00e1rio foi o \u00fanico segmento econ\u00f4mico no DF que registrou crescimento entre abril e junho de 2020. Foi de 2,11%. A Bras\u00edlia verde existe, \u00e9 pequena, mas marca presen\u00e7a. E n\u00f3s amamos os <a href=\"https:\/\/www.correiobraziliense.com.br\/app\/noticia\/cidades\/2019\/09\/07\/interna_cidadesdf,781215\/produtores-rurais-de-brazlandia-faturam-r-35-milhoes-com-morangos.shtml\" target=\"_blank\" rel=\"noopener\">morangos de Brazl\u00e2ndia<\/a>.<\/p>\n<p>As maiores quedas foram sofridas pelo com\u00e9rcio (20%) e pela constru\u00e7\u00e3o civil (15%). Nos \u00faltimos 12 meses, o com\u00e9rcio varejista teve queda de 2,8%. Os setores mais atingidos foram os de m\u00f3veis, eletrodom\u00e9sticos, tecidos, hipermercados e ve\u00edculos.<\/p>\n<h3>Arca de No\u00e9 do Brasil<\/h3>\n<p>O futuro da agropecu\u00e1ria e tamb\u00e9m da prote\u00e7\u00e3o da biodiversidade do pa\u00eds e do mundo est\u00e1 no Distrito Federal. Fica aqui o maior banco gen\u00e9tico de esp\u00e9cies da Am\u00e9rica Latina. S\u00e3o cerca de 120 mil amostras de sementes e 765 esp\u00e9cies, e mais de 1 milh\u00e3o de amostras animais (embri\u00e3o, s\u00eamen, DNA).<\/p>\n<p>Conservadas a uma temperatura de 20 graus abaixo de zero. \u00c9 o <a href=\"https:\/\/www.correiobraziliense.com.br\/app\/noticia\/economia\/2018\/02\/26\/internas_economia,662206\/embrapa-garante-a-conservacao-de-sementes-e-promove-o-melhoramento-gen.shtml\" target=\"_blank\" rel=\"noopener\">Banco de Recursos Gen\u00e9ticos e Biotecnologia<\/a> da Empresa Brasileira de Pesquisa Agropecu\u00e1ria (Embrapa). \u201c\u00c9 nossa arca de No\u00e9. Nossa contribui\u00e7\u00e3o para humanidade\u201d, diz o presidente da empresa, Celso Moretti.<\/p>\n<p><strong>&gt;&gt; <\/strong><a href=\"https:\/\/wp.me\/pcoHvV-1\" target=\"_blank\" rel=\"noopener\"><strong>Leia tamb\u00e9m:<\/strong> Empres\u00e1ria abre caf\u00e9 e restaurante em plena crise, gerando 500 empregos no DF<\/a><\/p>\n","protected":false},"excerpt":{"rendered":"<p>Economia despenca e PIB registra \u00edndice negativo, mostra Boletim de Conjuntura Econ\u00f4mica do DF, a ser divulgado hoje pela Codeplan e Secretaria de Economia do DF Coluna Capital S\/A, por Samanta Sallum Abril, maio e junho entram para a hist\u00f3ria como o per\u00edodo mais agonizante na economia do Distrito Federal. O desempenho desmoronou, com o PIB fechando o segundo trimestre [&hellip;]<\/p>\n","protected":false},"author":125,"featured_media":27,"comment_status":"open","ping_status":"open","sticky":false,"template":"","format":"standard","meta":{"footnotes":""},"categories":[6],"tags":[8,9,10,11,5,7,12],"class_list":["post-26","post","type-post","status-publish","format-standard","has-post-thumbnail","hentry","category-coluna-capital-s-a","tag-agropecuaria","tag-codeplan","tag-comercio","tag-construcao-civil","tag-pandemia","tag-pib","tag-servidores-publicos"],"_links":{"self":[{"href":"https:\/\/blogs.correiobraziliense.com.br\/capital-sa\/wp-json\/wp\/v2\/posts\/26","targetHints":{"allow":["GET"]}}],"collection":[{"href":"https:\/\/blogs.correiobraziliense.com.br\/capital-sa\/wp-json\/wp\/v2\/posts"}],"about":[{"href":"https:\/\/blogs.correiobraziliense.com.br\/capital-sa\/wp-json\/wp\/v2\/types\/post"}],"author":[{"embeddable":true,"href":"https:\/\/blogs.correiobraziliense.com.br\/capital-sa\/wp-json\/wp\/v2\/users\/125"}],"replies":[{"embeddable":true,"href":"https:\/\/blogs.correiobraziliense.com.br\/capital-sa\/wp-json\/wp\/v2\/comments?post=26"}],"version-history":[{"count":3,"href":"https:\/\/blogs.correiobraziliense.com.br\/capital-sa\/wp-json\/wp\/v2\/posts\/26\/revisions"}],"predecessor-version":[{"id":30,"href":"https:\/\/blogs.correiobraziliense.com.br\/capital-sa\/wp-json\/wp\/v2\/posts\/26\/revisions\/30"}],"wp:featuredmedia":[{"embeddable":true,"href":"https:\/\/blogs.correiobraziliense.com.br\/capital-sa\/wp-json\/wp\/v2\/media\/27"}],"wp:attachment":[{"href":"https:\/\/blogs.correiobraziliense.com.br\/capital-sa\/wp-json\/wp\/v2\/media?parent=26"}],"wp:term":[{"taxonomy":"category","embeddable":true,"href":"https:\/\/blogs.correiobraziliense.com.br\/capital-sa\/wp-json\/wp\/v2\/categories?post=26"},{"taxonomy":"post_tag","embeddable":true,"href":"https:\/\/blogs.correiobraziliense.com.br\/capital-sa\/wp-json\/wp\/v2\/tags?post=26"}],"curies":[{"name":"wp","href":"https:\/\/api.w.org\/{rel}","templated":true}]}}