{"id":2599,"date":"2021-03-16T15:07:29","date_gmt":"2021-03-16T18:07:29","guid":{"rendered":"https:\/\/blogs.correiobraziliense.com.br\/capital-sa\/?p=2599"},"modified":"2021-03-16T15:07:29","modified_gmt":"2021-03-16T18:07:29","slug":"o-comercio-internacional-pos-covid","status":"publish","type":"post","link":"https:\/\/blogs.correiobraziliense.com.br\/capital-sa\/2021\/03\/16\/o-comercio-internacional-pos-covid\/","title":{"rendered":"O com\u00e9rcio internacional p\u00f3s-Covid"},"content":{"rendered":"<p>\u201cUma das ferramentas mais eficientes no enfrentamento da pandemia da Covid-19 e crucial no processo de retomada da economia global ser\u00e1 o com\u00e9rcio internacional.\u201d A opini\u00e3o \u00e9 de Yana Dumaresq, secret\u00e1ria Especial Adjunta do Minist\u00e9rio da Economia, que vai abrir o Emex &#8211; 1\u00ba Encontro Nacional de Mulheres no Com\u00e9rcio Exterior, a ser realizado virtualmente, amanh\u00e3 (<a href=\"\/\/1\">17\/<\/a><a href=\"\/\/1\">3<\/a>),pela Associa\u00e7\u00e3o de Com\u00e9rcio Exterior do Brasil (AEB) em parceria com o hub Mulheres no Comex.<\/p>\n<p><strong>EUA e China<\/strong><\/p>\n<p>Yana abre o evento com o painel \u201cO futuro do com\u00e9rcio internacional p\u00f3s-Covid\u201d. Outros temas, como a rivalidade EUA-China; as perspectivas da OMC e a import\u00e2ncia das redes de contato para as mulheres, tamb\u00e9m est\u00e3o na pauta.<\/p>\n<p><strong>Ag\u00eancias multilaterais<\/strong><\/p>\n<p>\u201c\u00c9 motivo de orgulho e grande expectativa que neste momento, em que mais precisamos impulsionar a agenda comercial, as principais ag\u00eancias multilaterais dedicadas ao tema (OMC, UNCTAD e ITC) sejam dirigidas por mulheres\u201d, diz Yana.<\/p>\n<p><strong>Lideran\u00e7as femininas<\/strong><\/p>\n<p>A programa\u00e7\u00e3o conta com mulheres de relev\u00e2ncia no com\u00e9rcio exterior, como Tatiana Prazeres, pesquisadora-s\u00eanior na Universidade de Neg\u00f3cios Internacionais e Economia, em Pequim, e ex-assessora da Diretoria-Geral da Organiza\u00e7\u00e3o Mundial do Com\u00e9rcio (OMC); Deborah Rossoni, gerente de Competitividade e Ensino da Apex-Brasil; Sonia Rotondo, diretora da SRConsult e Associados e ex-diretora executiva da Associa\u00e7\u00e3o Nacional do Transporte de Carga e Log\u00edstica (NTC), entre outras.<\/p>\n<p><strong>Inscri\u00e7\u00f5es<br \/>\n<\/strong><br \/>\nO Emex &#8211; 1\u00ba Encontro Nacional de Mulheres no Com\u00e9rcio Exterior ser\u00e1 gratuito e totalmente on-line para evitar a transmiss\u00e3o da Covid-19, mas exige inscri\u00e7\u00e3o pr\u00e9via por este link:\u00a0<a href=\"http:\/\/bit.ly\/emex2021\">http:\/\/bit.ly\/emex2021<\/a>. A programa\u00e7\u00e3o completa est\u00e1 em\u00a0<a href=\"http:\/\/aeb.org.br\/emex2021\/\">http:\/\/aeb.org.br\/emex2021\/<\/a>.<\/p>\n<p>&nbsp;<\/p>\n<p>________________________________<\/p>\n","protected":false},"excerpt":{"rendered":"<p>\u201cUma das ferramentas mais eficientes no enfrentamento da pandemia da Covid-19 e crucial no processo de retomada da economia global ser\u00e1 o com\u00e9rcio internacional.\u201d A opini\u00e3o \u00e9 de Yana Dumaresq, secret\u00e1ria Especial Adjunta do Minist\u00e9rio da Economia, que vai abrir o Emex &#8211; 1\u00ba Encontro Nacional de Mulheres no Com\u00e9rcio Exterior, a ser realizado virtualmente, amanh\u00e3 (17\/3),pela Associa\u00e7\u00e3o de Com\u00e9rcio [&hellip;]<\/p>\n","protected":false},"author":125,"featured_media":2602,"comment_status":"open","ping_status":"open","sticky":false,"template":"","format":"standard","meta":{"footnotes":""},"categories":[6],"tags":[],"class_list":["post-2599","post","type-post","status-publish","format-standard","has-post-thumbnail","hentry","category-coluna-capital-s-a"],"_links":{"self":[{"href":"https:\/\/blogs.correiobraziliense.com.br\/capital-sa\/wp-json\/wp\/v2\/posts\/2599","targetHints":{"allow":["GET"]}}],"collection":[{"href":"https:\/\/blogs.correiobraziliense.com.br\/capital-sa\/wp-json\/wp\/v2\/posts"}],"about":[{"href":"https:\/\/blogs.correiobraziliense.com.br\/capital-sa\/wp-json\/wp\/v2\/types\/post"}],"author":[{"embeddable":true,"href":"https:\/\/blogs.correiobraziliense.com.br\/capital-sa\/wp-json\/wp\/v2\/users\/125"}],"replies":[{"embeddable":true,"href":"https:\/\/blogs.correiobraziliense.com.br\/capital-sa\/wp-json\/wp\/v2\/comments?post=2599"}],"version-history":[{"count":2,"href":"https:\/\/blogs.correiobraziliense.com.br\/capital-sa\/wp-json\/wp\/v2\/posts\/2599\/revisions"}],"predecessor-version":[{"id":2601,"href":"https:\/\/blogs.correiobraziliense.com.br\/capital-sa\/wp-json\/wp\/v2\/posts\/2599\/revisions\/2601"}],"wp:featuredmedia":[{"embeddable":true,"href":"https:\/\/blogs.correiobraziliense.com.br\/capital-sa\/wp-json\/wp\/v2\/media\/2602"}],"wp:attachment":[{"href":"https:\/\/blogs.correiobraziliense.com.br\/capital-sa\/wp-json\/wp\/v2\/media?parent=2599"}],"wp:term":[{"taxonomy":"category","embeddable":true,"href":"https:\/\/blogs.correiobraziliense.com.br\/capital-sa\/wp-json\/wp\/v2\/categories?post=2599"},{"taxonomy":"post_tag","embeddable":true,"href":"https:\/\/blogs.correiobraziliense.com.br\/capital-sa\/wp-json\/wp\/v2\/tags?post=2599"}],"curies":[{"name":"wp","href":"https:\/\/api.w.org\/{rel}","templated":true}]}}