{"id":2574,"date":"2021-03-15T12:45:12","date_gmt":"2021-03-15T15:45:12","guid":{"rendered":"https:\/\/blogs.correiobraziliense.com.br\/capital-sa\/?p=2574"},"modified":"2021-03-15T13:25:38","modified_gmt":"2021-03-15T16:25:38","slug":"gdf-libera-mais-recursos-para-o-combate-a-pandemia","status":"publish","type":"post","link":"https:\/\/blogs.correiobraziliense.com.br\/capital-sa\/2021\/03\/15\/gdf-libera-mais-recursos-para-o-combate-a-pandemia\/","title":{"rendered":"GDF libera mais recursos para o combate \u00e0 pandemia"},"content":{"rendered":"<p>Foi publicado hoje no <em>Di\u00e1rio Oficial do DF<\/em> um cr\u00e9dito suplementar, no valor de R$ 53,3 milh\u00f5es, para atender \u00e0s a\u00e7\u00f5es de enfrentamento \u00e0 Covid-19.<\/p>\n<p>Os recursos liberados pela Secretaria de Economia tamb\u00e9m ser\u00e3o destinados para qualifica\u00e7\u00e3o e desenvolvimento da Aten\u00e7\u00e3o Prim\u00e1ria \u00e0 Sa\u00fade, al\u00e9m da manuten\u00e7\u00e3o de servi\u00e7os administrativos, como os contratos de limpeza.<\/p>\n<blockquote><p>&#8220;A guerra contra a Covid exige habilidade or\u00e7ament\u00e1ria e financeira. O governador Ibaneis, deputados distritais e bancada federal est\u00e3o engajados nesta constru\u00e7\u00e3o de viabilizar o maior valor poss\u00edvel de recursos para o Distrito Federal&#8221;, disse o secret\u00e1rio de Economia do DF, Andr\u00e9 Clemente, que assinou a libera\u00e7\u00e3o do cr\u00e9dito suplementar.<\/p><\/blockquote>\n<p>Clemente afirma que o GDF est\u00e1 nomeando servidores para refor\u00e7ar as \u00e1reas de Sa\u00fade e de Assist\u00eancia Social. Foram 400 nomea\u00e7\u00f5es de profissionais para os dois setores na \u00faltima semana.<\/p>\n<p>&nbsp;<\/p>\n<p>&nbsp;<\/p>\n","protected":false},"excerpt":{"rendered":"<p>Foi publicado hoje no Di\u00e1rio Oficial do DF um cr\u00e9dito suplementar, no valor de R$ 53,3 milh\u00f5es, para atender \u00e0s a\u00e7\u00f5es de enfrentamento \u00e0 Covid-19. Os recursos liberados pela Secretaria de Economia tamb\u00e9m ser\u00e3o destinados para qualifica\u00e7\u00e3o e desenvolvimento da Aten\u00e7\u00e3o Prim\u00e1ria \u00e0 Sa\u00fade, al\u00e9m da manuten\u00e7\u00e3o de servi\u00e7os administrativos, como os contratos de limpeza. &#8220;A guerra contra a Covid [&hellip;]<\/p>\n","protected":false},"author":125,"featured_media":2578,"comment_status":"open","ping_status":"open","sticky":false,"template":"","format":"standard","meta":{"footnotes":""},"categories":[6],"tags":[224,203,504,5],"class_list":["post-2574","post","type-post","status-publish","format-standard","has-post-thumbnail","hentry","category-coluna-capital-s-a","tag-covid-19","tag-gdf","tag-recursos","tag-pandemia"],"_links":{"self":[{"href":"https:\/\/blogs.correiobraziliense.com.br\/capital-sa\/wp-json\/wp\/v2\/posts\/2574","targetHints":{"allow":["GET"]}}],"collection":[{"href":"https:\/\/blogs.correiobraziliense.com.br\/capital-sa\/wp-json\/wp\/v2\/posts"}],"about":[{"href":"https:\/\/blogs.correiobraziliense.com.br\/capital-sa\/wp-json\/wp\/v2\/types\/post"}],"author":[{"embeddable":true,"href":"https:\/\/blogs.correiobraziliense.com.br\/capital-sa\/wp-json\/wp\/v2\/users\/125"}],"replies":[{"embeddable":true,"href":"https:\/\/blogs.correiobraziliense.com.br\/capital-sa\/wp-json\/wp\/v2\/comments?post=2574"}],"version-history":[{"count":7,"href":"https:\/\/blogs.correiobraziliense.com.br\/capital-sa\/wp-json\/wp\/v2\/posts\/2574\/revisions"}],"predecessor-version":[{"id":2587,"href":"https:\/\/blogs.correiobraziliense.com.br\/capital-sa\/wp-json\/wp\/v2\/posts\/2574\/revisions\/2587"}],"wp:featuredmedia":[{"embeddable":true,"href":"https:\/\/blogs.correiobraziliense.com.br\/capital-sa\/wp-json\/wp\/v2\/media\/2578"}],"wp:attachment":[{"href":"https:\/\/blogs.correiobraziliense.com.br\/capital-sa\/wp-json\/wp\/v2\/media?parent=2574"}],"wp:term":[{"taxonomy":"category","embeddable":true,"href":"https:\/\/blogs.correiobraziliense.com.br\/capital-sa\/wp-json\/wp\/v2\/categories?post=2574"},{"taxonomy":"post_tag","embeddable":true,"href":"https:\/\/blogs.correiobraziliense.com.br\/capital-sa\/wp-json\/wp\/v2\/tags?post=2574"}],"curies":[{"name":"wp","href":"https:\/\/api.w.org\/{rel}","templated":true}]}}