{"id":2564,"date":"2021-03-15T11:43:56","date_gmt":"2021-03-15T14:43:56","guid":{"rendered":"https:\/\/blogs.correiobraziliense.com.br\/capital-sa\/?p=2564"},"modified":"2021-03-15T13:19:03","modified_gmt":"2021-03-15T16:19:03","slug":"arquivo-publico-do-df-tera-todo-acervo-digitalizado","status":"publish","type":"post","link":"https:\/\/blogs.correiobraziliense.com.br\/capital-sa\/2021\/03\/15\/arquivo-publico-do-df-tera-todo-acervo-digitalizado\/","title":{"rendered":"Arquivo P\u00fablico do DF ter\u00e1 todo o acervo digitalizado"},"content":{"rendered":"<p>Por Samanta Sallum<\/p>\n<p><strong><em>&#8220;A gente tem que sonhar, sen\u00e3o as coisas n\u00e3o acontecem.<\/em><\/strong>&#8221;<br \/>\n<strong>Oscar Niemeyer<\/strong><\/p>\n<p>Garantir a preserva\u00e7\u00e3o da hist\u00f3ria da capital federal e democratizar o acesso ao acervo s\u00e3o as metas do Arquivo P\u00fablico do DF para este ano. O \u00f3rg\u00e3o, ligado \u00e0 Casa Civil do GDF, completou ontem 36 anos. Para celebrar esse marco e, especialmente, os 61 anos de Bras\u00edlia, em <a href=\"\/\/2\">21 de abril<\/a>, iniciou uma s\u00e9rie de projetos. \u201cVamos chegar a 100% do acervo digitalizado. Ser\u00e1 o nosso presente para a capital\u201d, contou o superintendente do Arquivo, Adalberto Scigliano.<\/p>\n<p>S\u00e3o 8 milh\u00f5es de documentos de 44 fundos: 21 p\u00fablicos e 23 privados. O arquivo recebe acervos particulares, como o da bailarina Asta Rose e o do jornalista Carlos Chagas. Existem 559 pel\u00edculas de filmes que precisam ser digitalizadas. O trabalho ser\u00e1 feito gra\u00e7as \u00e0 parceria com a Secretaria de Tecnologia do DF.<\/p>\n<p><strong>Resgate do Museu do Ipiranga<\/strong><\/p>\n<p>Est\u00e1 em S\u00e3o Paulo, no Museu do Ipiranga, um especial acervo de registros e documentos sobre a pedra fundamental da nova capital, que fica em Planaltina. Ela foi instalada em 7 de setembro de 1922 pela celebra\u00e7\u00e3o do centen\u00e1rio da independ\u00eancia. O Arquivo Nacional do DF pediu oficialmente que esse material hist\u00f3rico seja transferido para c\u00e1.<\/p>\n<p><img loading=\"lazy\" decoding=\"async\" class=\"aligncenter size-medium wp-image-2571\" src=\"https:\/\/blogs.correiobraziliense.com.br\/capital-sa\/wp-content\/uploads\/sites\/59\/2021\/03\/8EF8AE90-6E57-4F0A-A009-58DDC5619AEC-300x225.jpeg\" alt=\"\" width=\"300\" height=\"225\" srcset=\"https:\/\/blogs.correiobraziliense.com.br\/capital-sa\/wp-content\/uploads\/sites\/59\/2021\/03\/8EF8AE90-6E57-4F0A-A009-58DDC5619AEC-300x225.jpeg 300w, https:\/\/blogs.correiobraziliense.com.br\/capital-sa\/wp-content\/uploads\/sites\/59\/2021\/03\/8EF8AE90-6E57-4F0A-A009-58DDC5619AEC-768x576.jpeg 768w, https:\/\/blogs.correiobraziliense.com.br\/capital-sa\/wp-content\/uploads\/sites\/59\/2021\/03\/8EF8AE90-6E57-4F0A-A009-58DDC5619AEC.jpeg 800w, https:\/\/blogs.correiobraziliense.com.br\/capital-sa\/wp-content\/uploads\/sites\/59\/2021\/03\/8EF8AE90-6E57-4F0A-A009-58DDC5619AEC-550x413.jpeg 550w, https:\/\/blogs.correiobraziliense.com.br\/capital-sa\/wp-content\/uploads\/sites\/59\/2021\/03\/8EF8AE90-6E57-4F0A-A009-58DDC5619AEC-230x173.jpeg 230w\" sizes=\"auto, (max-width: 300px) 100vw, 300px\" \/><\/p>\n<p><strong>Parceria com GDF e C\u00e2mara<\/strong><\/p>\n<blockquote><p>\u201cA hist\u00f3ria de Bras\u00edlia \u00e9 linda, sou apaixonado por essa cidade, tudo isso precisa ser preservado e levado at\u00e9 a popula\u00e7\u00e3o. Queremos oferecer mais formas de as pessoas interagirem com nosso acervo\u201d, afirma Adalberto, que \u00e9 paulista e assumiu h\u00e1 poucos meses o arquivo.<\/p><\/blockquote>\n<p><img loading=\"lazy\" decoding=\"async\" class=\"aligncenter size-medium wp-image-2568\" src=\"https:\/\/blogs.correiobraziliense.com.br\/capital-sa\/wp-content\/uploads\/sites\/59\/2021\/03\/568951BB-7AAA-4435-9B91-28408D1092FA-300x237.jpeg\" alt=\"\" width=\"300\" height=\"237\" srcset=\"https:\/\/blogs.correiobraziliense.com.br\/capital-sa\/wp-content\/uploads\/sites\/59\/2021\/03\/568951BB-7AAA-4435-9B91-28408D1092FA-300x237.jpeg 300w, https:\/\/blogs.correiobraziliense.com.br\/capital-sa\/wp-content\/uploads\/sites\/59\/2021\/03\/568951BB-7AAA-4435-9B91-28408D1092FA-768x606.jpeg 768w, https:\/\/blogs.correiobraziliense.com.br\/capital-sa\/wp-content\/uploads\/sites\/59\/2021\/03\/568951BB-7AAA-4435-9B91-28408D1092FA-800x632.jpeg 800w, https:\/\/blogs.correiobraziliense.com.br\/capital-sa\/wp-content\/uploads\/sites\/59\/2021\/03\/568951BB-7AAA-4435-9B91-28408D1092FA-550x434.jpeg 550w, https:\/\/blogs.correiobraziliense.com.br\/capital-sa\/wp-content\/uploads\/sites\/59\/2021\/03\/568951BB-7AAA-4435-9B91-28408D1092FA-230x182.jpeg 230w, https:\/\/blogs.correiobraziliense.com.br\/capital-sa\/wp-content\/uploads\/sites\/59\/2021\/03\/568951BB-7AAA-4435-9B91-28408D1092FA.jpeg 894w\" sizes=\"auto, (max-width: 300px) 100vw, 300px\" \/><\/p>\n<p>Ele aponta parcerias importantes com as secretarias de Cultura e de Turismo e o apoio da C\u00e2mara Legislativa. O deputado Roberio Negreiros destinou emenda parlamentar para o \u00f3rg\u00e3o.<\/p>\n<p><strong>Inclus\u00e3o<\/strong><\/p>\n<p>O arquivo finalmente entrou para valer na era digital e est\u00e1 investindo tamb\u00e9m nas redes sociais. Entre os projetos para este ano, exposi\u00e7\u00f5es virtuais com acervos pouco conhecidos e at\u00e9 in\u00e9ditos ao p\u00fablico. &#8220;Acredito que teremos o arquivo p\u00fablico mais inclusivo do pa\u00eds, nossos projetos s\u00e3o criados para atender a todas as pessoas com defici\u00eancia&#8221;, conta Adalberto.<\/p>\n","protected":false},"excerpt":{"rendered":"<p>Por Samanta Sallum &#8220;A gente tem que sonhar, sen\u00e3o as coisas n\u00e3o acontecem.&#8221; Oscar Niemeyer Garantir a preserva\u00e7\u00e3o da hist\u00f3ria da capital federal e democratizar o acesso ao acervo s\u00e3o as metas do Arquivo P\u00fablico do DF para este ano. O \u00f3rg\u00e3o, ligado \u00e0 Casa Civil do GDF, completou ontem 36 anos. Para celebrar esse marco e, especialmente, os 61 [&hellip;]<\/p>\n","protected":false},"author":125,"featured_media":2567,"comment_status":"open","ping_status":"open","sticky":false,"template":"","format":"standard","meta":{"footnotes":""},"categories":[6],"tags":[502,498,500,501,503,499],"class_list":["post-2564","post","type-post","status-publish","format-standard","has-post-thumbnail","hentry","category-coluna-capital-s-a","tag-acesso","tag-arquivopublico","tag-digitalizacao","tag-documentos","tag-inclusao","tag-parcerias"],"_links":{"self":[{"href":"https:\/\/blogs.correiobraziliense.com.br\/capital-sa\/wp-json\/wp\/v2\/posts\/2564","targetHints":{"allow":["GET"]}}],"collection":[{"href":"https:\/\/blogs.correiobraziliense.com.br\/capital-sa\/wp-json\/wp\/v2\/posts"}],"about":[{"href":"https:\/\/blogs.correiobraziliense.com.br\/capital-sa\/wp-json\/wp\/v2\/types\/post"}],"author":[{"embeddable":true,"href":"https:\/\/blogs.correiobraziliense.com.br\/capital-sa\/wp-json\/wp\/v2\/users\/125"}],"replies":[{"embeddable":true,"href":"https:\/\/blogs.correiobraziliense.com.br\/capital-sa\/wp-json\/wp\/v2\/comments?post=2564"}],"version-history":[{"count":7,"href":"https:\/\/blogs.correiobraziliense.com.br\/capital-sa\/wp-json\/wp\/v2\/posts\/2564\/revisions"}],"predecessor-version":[{"id":2586,"href":"https:\/\/blogs.correiobraziliense.com.br\/capital-sa\/wp-json\/wp\/v2\/posts\/2564\/revisions\/2586"}],"wp:featuredmedia":[{"embeddable":true,"href":"https:\/\/blogs.correiobraziliense.com.br\/capital-sa\/wp-json\/wp\/v2\/media\/2567"}],"wp:attachment":[{"href":"https:\/\/blogs.correiobraziliense.com.br\/capital-sa\/wp-json\/wp\/v2\/media?parent=2564"}],"wp:term":[{"taxonomy":"category","embeddable":true,"href":"https:\/\/blogs.correiobraziliense.com.br\/capital-sa\/wp-json\/wp\/v2\/categories?post=2564"},{"taxonomy":"post_tag","embeddable":true,"href":"https:\/\/blogs.correiobraziliense.com.br\/capital-sa\/wp-json\/wp\/v2\/tags?post=2564"}],"curies":[{"name":"wp","href":"https:\/\/api.w.org\/{rel}","templated":true}]}}