{"id":2526,"date":"2021-03-12T14:27:51","date_gmt":"2021-03-12T17:27:51","guid":{"rendered":"https:\/\/blogs.correiobraziliense.com.br\/capital-sa\/?p=2526"},"modified":"2021-03-12T14:27:52","modified_gmt":"2021-03-12T17:27:52","slug":"grupo-paulooctavio-inaugura-a-bali-jeep","status":"publish","type":"post","link":"https:\/\/blogs.correiobraziliense.com.br\/capital-sa\/2021\/03\/12\/grupo-paulooctavio-inaugura-a-bali-jeep\/","title":{"rendered":"Grupo PaulOOctavio  inaugura a Bali Jeep"},"content":{"rendered":"<p class=\"p1\">A Bali Autom\u00f3veis inaugurou, no \u00faltimo s\u00e1bado (6), sua primeira concession\u00e1ria Jeep no Distrito Federal. A unidade fica na\u00a0Quadra\u00a03 do Saan. O evento foi ajustado \u00e0s recomenda\u00e7\u00f5es da Organiza\u00e7\u00e3o Mundial da\u00a0Sa\u00fade (OMS), com controle de clientes por hor\u00e1rios para evitar aglomera\u00e7\u00f5es.<\/p>\n<p class=\"p1\"><span class=\"s1\"><b>Segmento Premium<\/b><\/span><\/p>\n<p class=\"p1\"><span class=\"s2\">Segundo Ildeumar Fernandes, diretor-superintendente do ramo automotivo das Organiza\u00e7\u00f5es PaulOOctavio, a expectativa inicial para a nova concession\u00e1ria, que integra o segmento premium, \u00e9 de uma venda m\u00ednima de 100 unidades\/m\u00eas. Com a abertura da Bali Jeep,\u00a0foram criados\u00a040 empregos.<\/span><\/p>\n<p class=\"p1\"><span class=\"s1\"><b>Estrutura arrojada <\/b><\/span><\/p>\n<p class=\"p1\"><span class=\"s2\">\u201cA Jeep nos procurou ap\u00f3s avaliar que precisava de uma presen\u00e7a maior em Bras\u00edlia. Depois\u00a0de\u00a0verem nossa estrutura de marketing, financeira e empresarial,\u00a0e nosso ponto de vendas, firmaram a parceria\u201d, acrescentou o presidente do Grupo, o empres\u00e1rio Paulo Octavio, que esteve presente ao evento com os filhos\u00a0Felipe Octavio Kubitschek e Andr\u00e9 Octavio Kubitschek.<\/span><\/p>\n<p><img loading=\"lazy\" decoding=\"async\" class=\"aligncenter size-full wp-image-2533\" src=\"https:\/\/blogs.correiobraziliense.com.br\/capital-sa\/wp-content\/uploads\/sites\/59\/2021\/03\/DE6244C1-B6AD-4DBB-9A50-86507AB9679D.jpeg\" alt=\"\" width=\"218\" height=\"203\" \/><\/p>\n<p class=\"p1\"><span class=\"s2\">A Jeep Bali tamb\u00e9m vai suprir a car\u00eancia na \u00e1rea de oficina, pois a frota circulante de Jeep \u00e9 grande e as demais oficinas s\u00e3o pequenas. \u201cNossa concession\u00e1ria ter\u00e1 oficina capaz de atender mil autom\u00f3veis por m\u00eas\u201d, acrescenta Fernandes.<\/span><\/p>\n<p class=\"p1\"><span class=\"s1\"><b>Parceria consolidada<\/b><\/span><\/p>\n<p class=\"p1\"><span class=\"s2\">A parceria de 25 anos da Bali com a Fiat, um dos bra\u00e7os do grupo FCA \u2013 que congrega as marcas Fiat, Chrysler e Peugeot \u2013,\u00a0tamb\u00e9m pesou favoravelmente no neg\u00f3cio.<\/span><\/p>\n<p class=\"p1\"><span class=\"s1\"><b>Vendas on-line<\/b><\/span><\/p>\n<p class=\"p1\"><span class=\"s2\">Nem a pandemia atrapalhou o crescimento da rede de concession\u00e1rias dentro do grupo. \u201cFizemos o que foi necess\u00e1rio para vender bem, como live de vendas e investimento em marketing digital. A recompensa veio pelos n\u00fameros. A Bali Fiat est\u00e1 muito bem,\u00a0e com a Bali Jeep n\u00e3o ser\u00e1 diferente\u201d, conta Fernandes.<\/span><\/p>\n<p class=\"p1\"><span class=\"s1\"><b>Renegade e Cherokee<\/b><\/span><\/p>\n<p class=\"p1\"><span class=\"s2\">A aposta da nova concession\u00e1ria \u00e9 uma venda maior de dois produtos, o Renegade e o Compass, que s\u00e3o sucesso no mercado brasileiro. Mas a loja tamb\u00e9m ter\u00e1, inicialmente, mais outros dois: o Wrangler e o Cherokee. E, adiante, a Jeep Chrysler Dodge RAM.<\/span><\/p>\n","protected":false},"excerpt":{"rendered":"<p>A Bali Autom\u00f3veis inaugurou, no \u00faltimo s\u00e1bado (6), sua primeira concession\u00e1ria Jeep no Distrito Federal. A unidade fica na\u00a0Quadra\u00a03 do Saan. O evento foi ajustado \u00e0s recomenda\u00e7\u00f5es da Organiza\u00e7\u00e3o Mundial da\u00a0Sa\u00fade (OMS), com controle de clientes por hor\u00e1rios para evitar aglomera\u00e7\u00f5es. Segmento Premium Segundo Ildeumar Fernandes, diretor-superintendente do ramo automotivo das Organiza\u00e7\u00f5es PaulOOctavio, a expectativa inicial para a nova concession\u00e1ria, [&hellip;]<\/p>\n","protected":false},"author":125,"featured_media":2532,"comment_status":"open","ping_status":"open","sticky":false,"template":"","format":"standard","meta":{"footnotes":""},"categories":[6],"tags":[],"class_list":["post-2526","post","type-post","status-publish","format-standard","has-post-thumbnail","hentry","category-coluna-capital-s-a"],"_links":{"self":[{"href":"https:\/\/blogs.correiobraziliense.com.br\/capital-sa\/wp-json\/wp\/v2\/posts\/2526","targetHints":{"allow":["GET"]}}],"collection":[{"href":"https:\/\/blogs.correiobraziliense.com.br\/capital-sa\/wp-json\/wp\/v2\/posts"}],"about":[{"href":"https:\/\/blogs.correiobraziliense.com.br\/capital-sa\/wp-json\/wp\/v2\/types\/post"}],"author":[{"embeddable":true,"href":"https:\/\/blogs.correiobraziliense.com.br\/capital-sa\/wp-json\/wp\/v2\/users\/125"}],"replies":[{"embeddable":true,"href":"https:\/\/blogs.correiobraziliense.com.br\/capital-sa\/wp-json\/wp\/v2\/comments?post=2526"}],"version-history":[{"count":5,"href":"https:\/\/blogs.correiobraziliense.com.br\/capital-sa\/wp-json\/wp\/v2\/posts\/2526\/revisions"}],"predecessor-version":[{"id":2534,"href":"https:\/\/blogs.correiobraziliense.com.br\/capital-sa\/wp-json\/wp\/v2\/posts\/2526\/revisions\/2534"}],"wp:featuredmedia":[{"embeddable":true,"href":"https:\/\/blogs.correiobraziliense.com.br\/capital-sa\/wp-json\/wp\/v2\/media\/2532"}],"wp:attachment":[{"href":"https:\/\/blogs.correiobraziliense.com.br\/capital-sa\/wp-json\/wp\/v2\/media?parent=2526"}],"wp:term":[{"taxonomy":"category","embeddable":true,"href":"https:\/\/blogs.correiobraziliense.com.br\/capital-sa\/wp-json\/wp\/v2\/categories?post=2526"},{"taxonomy":"post_tag","embeddable":true,"href":"https:\/\/blogs.correiobraziliense.com.br\/capital-sa\/wp-json\/wp\/v2\/tags?post=2526"}],"curies":[{"name":"wp","href":"https:\/\/api.w.org\/{rel}","templated":true}]}}