{"id":2491,"date":"2021-03-10T09:26:18","date_gmt":"2021-03-10T12:26:18","guid":{"rendered":"https:\/\/blogs.correiobraziliense.com.br\/capital-sa\/?p=2491"},"modified":"2021-03-10T09:30:30","modified_gmt":"2021-03-10T12:30:30","slug":"setor-atacadista-reivindica-liberacao-do-toque-de-recolher","status":"publish","type":"post","link":"https:\/\/blogs.correiobraziliense.com.br\/capital-sa\/2021\/03\/10\/setor-atacadista-reivindica-liberacao-do-toque-de-recolher\/","title":{"rendered":"Setor atacadista  reivindica libera\u00e7\u00e3o  do toque de recolher"},"content":{"rendered":"<p>Por Samanta Sallum<\/p>\n<p>O presidente da Fecom\u00e9rcio-DF, Jos\u00e9 Aparecido, se reuniu com o governador Ibaneis Rocha para tratar de pleitos do setor neste momento de lockdown e toque de recolher. Aparecido pediu que as empresas atacadistas no DF sejam exclu\u00eddas da restri\u00e7\u00e3o de funcionamento noturno.<\/p>\n<p>Explicou que o segmento tem uma rotina operacional e de log\u00edstica durante a noite. \u201c\u00c9 na madrugada que os produtos s\u00e3o separados e colocados nos caminh\u00f5es para que sejam distribu\u00eddos a partir das\u00a0<a href=\"\/\/1\">6 da manh\u00e3<\/a>\u201d, diz. Ele acredita que o GDF vai resolver a situa\u00e7\u00e3o nos pr\u00f3ximos dias.<\/p>\n<p><strong>Di\u00e1logo e parceria<\/strong><\/p>\n<p>Na reuni\u00e3o, Ibaneis pediu ajuda da Fecom\u00e9rcio no enfrentamento da pandemia no DF. \u201cEst\u00e1 sendo muito doloroso para o nosso setor o lockdown. Sabemos do momento dif\u00edcil. O governador mostrou os n\u00fameros mais uma vez e reafirmou que as medidas s\u00e3o necess\u00e1rias. O momento agora pede di\u00e1logo entre n\u00f3s e o governo. Precisamos atuar em parceria\u201d, destaca Aparecido.<\/p>\n<p><strong>For\u00e7a no PIB<\/strong><\/p>\n<p>A base empresarial representada pela Fecom\u00e9rcio no DF, com\u00a027 sindicatos dos setores do com\u00e9rcio, bens, servi\u00e7os e turismo, representa 95% do PIB da capital federal.<\/p>\n","protected":false},"excerpt":{"rendered":"<p>Por Samanta Sallum O presidente da Fecom\u00e9rcio-DF, Jos\u00e9 Aparecido, se reuniu com o governador Ibaneis Rocha para tratar de pleitos do setor neste momento de lockdown e toque de recolher. Aparecido pediu que as empresas atacadistas no DF sejam exclu\u00eddas da restri\u00e7\u00e3o de funcionamento noturno. Explicou que o segmento tem uma rotina operacional e de log\u00edstica durante a noite. \u201c\u00c9 [&hellip;]<\/p>\n","protected":false},"author":125,"featured_media":2493,"comment_status":"open","ping_status":"open","sticky":false,"template":"","format":"standard","meta":{"footnotes":""},"categories":[6],"tags":[],"class_list":["post-2491","post","type-post","status-publish","format-standard","has-post-thumbnail","hentry","category-coluna-capital-s-a"],"_links":{"self":[{"href":"https:\/\/blogs.correiobraziliense.com.br\/capital-sa\/wp-json\/wp\/v2\/posts\/2491","targetHints":{"allow":["GET"]}}],"collection":[{"href":"https:\/\/blogs.correiobraziliense.com.br\/capital-sa\/wp-json\/wp\/v2\/posts"}],"about":[{"href":"https:\/\/blogs.correiobraziliense.com.br\/capital-sa\/wp-json\/wp\/v2\/types\/post"}],"author":[{"embeddable":true,"href":"https:\/\/blogs.correiobraziliense.com.br\/capital-sa\/wp-json\/wp\/v2\/users\/125"}],"replies":[{"embeddable":true,"href":"https:\/\/blogs.correiobraziliense.com.br\/capital-sa\/wp-json\/wp\/v2\/comments?post=2491"}],"version-history":[{"count":2,"href":"https:\/\/blogs.correiobraziliense.com.br\/capital-sa\/wp-json\/wp\/v2\/posts\/2491\/revisions"}],"predecessor-version":[{"id":2494,"href":"https:\/\/blogs.correiobraziliense.com.br\/capital-sa\/wp-json\/wp\/v2\/posts\/2491\/revisions\/2494"}],"wp:featuredmedia":[{"embeddable":true,"href":"https:\/\/blogs.correiobraziliense.com.br\/capital-sa\/wp-json\/wp\/v2\/media\/2493"}],"wp:attachment":[{"href":"https:\/\/blogs.correiobraziliense.com.br\/capital-sa\/wp-json\/wp\/v2\/media?parent=2491"}],"wp:term":[{"taxonomy":"category","embeddable":true,"href":"https:\/\/blogs.correiobraziliense.com.br\/capital-sa\/wp-json\/wp\/v2\/categories?post=2491"},{"taxonomy":"post_tag","embeddable":true,"href":"https:\/\/blogs.correiobraziliense.com.br\/capital-sa\/wp-json\/wp\/v2\/tags?post=2491"}],"curies":[{"name":"wp","href":"https:\/\/api.w.org\/{rel}","templated":true}]}}