{"id":2457,"date":"2021-03-08T14:45:41","date_gmt":"2021-03-08T17:45:41","guid":{"rendered":"https:\/\/blogs.correiobraziliense.com.br\/capital-sa\/?p=2457"},"modified":"2021-03-08T17:07:37","modified_gmt":"2021-03-08T20:07:37","slug":"ibaneis-decreta-toque-de-recolher-no-df-das-22h-as-5h","status":"publish","type":"post","link":"https:\/\/blogs.correiobraziliense.com.br\/capital-sa\/2021\/03\/08\/ibaneis-decreta-toque-de-recolher-no-df-das-22h-as-5h\/","title":{"rendered":"Ibaneis decreta toque de recolher no DF das 22h \u00e0s 5h"},"content":{"rendered":"<p>Por Samanta Sallum<\/p>\n<p>Decreto do GDF publicado agora em edi\u00e7\u00e3o extra determina toque de recolher das 22h \u00e0s 05h em todo o territ\u00f3rio do Distrito Federal. O governador Ibaneis Rocha tamb\u00e9m prorrogou o lockdown at\u00e9 22 de mar\u00e7o para conter o avan\u00e7o da pandemia na capital federal.<\/p>\n<p>Segundo o decreto, que entra em vigor a partir de hoje \u00e0 noite, todos dever\u00e3o permanecer em suas resid\u00eancias em per\u00edodo integral, ressalvado o deslocamento realizado, em car\u00e1ter excepcional, para atender a eventual necessidade de tratamento de sa\u00fade emergencial, ou de aquisi\u00e7\u00e3o de medicamentos em farm\u00e1cias.<\/p>\n<p><b>Multa e delegacia\u00a0<\/b><\/p>\n<p>Quem desrespeitar ser\u00e1 levado \u00e0 delegacia e ter\u00e1 de pagar tamb\u00e9m multa prevista de R$ 2 mil.<\/p>\n<p class=\"p1\"><span class=\"s1\">Ser\u00e1 admitido, ainda, o deslocamento individual realizado ap\u00f3s as 22h, desde que configurada a inten\u00e7\u00e3o de retorno \u00e0 resid\u00eancia e seja realizado logo ap\u00f3s o t\u00e9rmino de jornada de trabalho regular.<\/span><\/p>\n<p class=\"p1\"><span class=\"s1\">Todos os estabelecimentos privados autorizados a funcionar pelo Decreto no 41.849, de 27 de fevereiro de 2021, dever\u00e3o encerrar as suas atividades \u00e0s 22h, ressalvados os hospitais, cl\u00ednicas m\u00e9dicas e veterin\u00e1rias, farm\u00e1cias, postos de gasolina e funer\u00e1rias.<br \/>\n<\/span><\/p>\n<p class=\"p1\"><span class=\"s1\"><b>Servi\u00e7os de delivery at\u00e9 as 23h<\/b><\/span><\/p>\n<p class=\"p1\"><span class=\"s1\">As entregas realizadas por servi\u00e7o de delivery poder\u00e3o ser realizadas, em car\u00e1ter residual, em todo o Distrito Federal, at\u00e9 as 23h, caso a ordem de servi\u00e7o tenha sido comandada, por qualquer meio registr\u00e1vel, at\u00e9 as 22h, ficando o estabelecimento autorizado a funcionar exclusivamente para finalizar as referidas entregas.<\/span><\/p>\n<p class=\"p1\"><span class=\"s1\">A fim de atender \u00e0s emerg\u00eancias e \u00e0 necessidade de deslocamentos inadi\u00e1veis que possam vir a ocorrer durante o per\u00edodo, o transporte coletivo continuar\u00e1 a funcionar de acordo com as exig\u00eancias previstas nos contratos de concess\u00e3o e permiss\u00e3o ou em regulamentos da SEMOB.<\/span><\/p>\n<p><b>Policiais continuar\u00e3o nas ruas\u00a0<\/b><\/p>\n<p class=\"p1\"><span class=\"s1\">O toque de recolher n\u00e3o se aplica a servidores p\u00fablicos, civis ou militares, a agentes de seguran\u00e7a privada e aos profissionais de sa\u00fade que estiverem em servi\u00e7o, bem como aos membros do Poder Judici\u00e1rio, do Minist\u00e9rio P\u00fablico, das pol\u00edcias Civil e Militar, do Corpo de Bombeiros, a advogados em dilig\u00eancia de cumprimento de alvar\u00e1s de soltura, tampouco a representantes eleitos dos Poderes Legislativo e do Executivo, no \u00e2mbito federal ou distrital, desde que devidamente identificados.<\/span><\/p>\n<p class=\"p1\"><span class=\"s1\">O decreto entrar\u00e1 em vigor \u00e0s 22h de 8 de mar\u00e7o de 2021 e valer\u00e1 at\u00e9 as 05h de 22 de mar\u00e7o de 2021, podendo ser alterado ou prorrogado a ju\u00edzo de conveni\u00eancia e oportunidade do governador do Distrito Federal.<br \/>\n<\/span><\/p>\n<p>&nbsp;<\/p>\n","protected":false},"excerpt":{"rendered":"<p>Por Samanta Sallum Decreto do GDF publicado agora em edi\u00e7\u00e3o extra determina toque de recolher das 22h \u00e0s 05h em todo o territ\u00f3rio do Distrito Federal. O governador Ibaneis Rocha tamb\u00e9m prorrogou o lockdown at\u00e9 22 de mar\u00e7o para conter o avan\u00e7o da pandemia na capital federal. Segundo o decreto, que entra em vigor a partir de hoje \u00e0 noite, [&hellip;]<\/p>\n","protected":false},"author":125,"featured_media":2106,"comment_status":"open","ping_status":"open","sticky":false,"template":"","format":"standard","meta":{"footnotes":""},"categories":[6],"tags":[224,495],"class_list":["post-2457","post","type-post","status-publish","format-standard","has-post-thumbnail","hentry","category-coluna-capital-s-a","tag-covid-19","tag-gdf-toquederecolher-pandemia-multa"],"_links":{"self":[{"href":"https:\/\/blogs.correiobraziliense.com.br\/capital-sa\/wp-json\/wp\/v2\/posts\/2457","targetHints":{"allow":["GET"]}}],"collection":[{"href":"https:\/\/blogs.correiobraziliense.com.br\/capital-sa\/wp-json\/wp\/v2\/posts"}],"about":[{"href":"https:\/\/blogs.correiobraziliense.com.br\/capital-sa\/wp-json\/wp\/v2\/types\/post"}],"author":[{"embeddable":true,"href":"https:\/\/blogs.correiobraziliense.com.br\/capital-sa\/wp-json\/wp\/v2\/users\/125"}],"replies":[{"embeddable":true,"href":"https:\/\/blogs.correiobraziliense.com.br\/capital-sa\/wp-json\/wp\/v2\/comments?post=2457"}],"version-history":[{"count":20,"href":"https:\/\/blogs.correiobraziliense.com.br\/capital-sa\/wp-json\/wp\/v2\/posts\/2457\/revisions"}],"predecessor-version":[{"id":2477,"href":"https:\/\/blogs.correiobraziliense.com.br\/capital-sa\/wp-json\/wp\/v2\/posts\/2457\/revisions\/2477"}],"wp:featuredmedia":[{"embeddable":true,"href":"https:\/\/blogs.correiobraziliense.com.br\/capital-sa\/wp-json\/wp\/v2\/media\/2106"}],"wp:attachment":[{"href":"https:\/\/blogs.correiobraziliense.com.br\/capital-sa\/wp-json\/wp\/v2\/media?parent=2457"}],"wp:term":[{"taxonomy":"category","embeddable":true,"href":"https:\/\/blogs.correiobraziliense.com.br\/capital-sa\/wp-json\/wp\/v2\/categories?post=2457"},{"taxonomy":"post_tag","embeddable":true,"href":"https:\/\/blogs.correiobraziliense.com.br\/capital-sa\/wp-json\/wp\/v2\/tags?post=2457"}],"curies":[{"name":"wp","href":"https:\/\/api.w.org\/{rel}","templated":true}]}}