{"id":244,"date":"2020-10-20T09:43:40","date_gmt":"2020-10-20T12:43:40","guid":{"rendered":"https:\/\/blogs.correiobraziliense.com.br\/capital-sa\/?p=244"},"modified":"2020-10-21T08:39:27","modified_gmt":"2020-10-21T11:39:27","slug":"astromelias-vacina-de-beleza-na-pandemia","status":"publish","type":"post","link":"https:\/\/blogs.correiobraziliense.com.br\/capital-sa\/2020\/10\/20\/astromelias-vacina-de-beleza-na-pandemia\/","title":{"rendered":"Astrom\u00e9lias, vacina de beleza na pandemia"},"content":{"rendered":"<p>A empres\u00e1ria Suely de Paula viu seu neg\u00f3cio virar de ponta-cabe\u00e7a com a pandemia. H\u00e1 30 anos, \u00e9 refer\u00eancia no setor de floricultura e decora\u00e7\u00e3o para eventos. Entre os clientes, multinacionais como Nestl\u00e9, Kibon e Ford.<\/p>\n<p>Cativou o mercado com sua criatividade e originalidade ao fazer arranjos com as marcas das empresas. Tamb\u00e9m tinha como fiel clientela os congressistas que, por assinatura mensal, recebiam em suas resid\u00eancias as flores decorativas.<\/p>\n<p>Suely tem como ponto comercial fixo a Umana Flores no aeroporto. Por\u00e9m come\u00e7ou com a loja da 302 Norte. Mas, com a pandemia, os parlamentares deixaram de vir a Bras\u00edlia e os eventos tamb\u00e9m foram cancelados. A virada veio com as vendas on-line.<\/p>\n<p><img loading=\"lazy\" decoding=\"async\" class=\"aligncenter size-medium wp-image-253\" src=\"https:\/\/blogs.correiobraziliense.com.br\/capital-sa\/wp-content\/uploads\/sites\/59\/2020\/10\/WhatsApp-Image-2020-10-20-at-09.18.18-225x300.jpeg\" alt=\"\" width=\"225\" height=\"300\" srcset=\"https:\/\/blogs.correiobraziliense.com.br\/capital-sa\/wp-content\/uploads\/sites\/59\/2020\/10\/WhatsApp-Image-2020-10-20-at-09.18.18-225x300.jpeg 225w, https:\/\/blogs.correiobraziliense.com.br\/capital-sa\/wp-content\/uploads\/sites\/59\/2020\/10\/WhatsApp-Image-2020-10-20-at-09.18.18-768x1024.jpeg 768w, https:\/\/blogs.correiobraziliense.com.br\/capital-sa\/wp-content\/uploads\/sites\/59\/2020\/10\/WhatsApp-Image-2020-10-20-at-09.18.18-550x733.jpeg 550w, https:\/\/blogs.correiobraziliense.com.br\/capital-sa\/wp-content\/uploads\/sites\/59\/2020\/10\/WhatsApp-Image-2020-10-20-at-09.18.18-230x307.jpeg 230w, https:\/\/blogs.correiobraziliense.com.br\/capital-sa\/wp-content\/uploads\/sites\/59\/2020\/10\/WhatsApp-Image-2020-10-20-at-09.18.18.jpeg 960w\" sizes=\"auto, (max-width: 225px) 100vw, 225px\" \/><\/p>\n<p><strong>Presente mais procurado<\/strong><\/p>\n<p>Portas se fecharam e outras se abriram. A dist\u00e2ncia entre familiares, namorados e amigos, no per\u00edodo de isolamento, e o com\u00e9rcio fechado fizeram com o que o presente mais comprado fossem as flores, para entrega em domic\u00edlio.<\/p>\n<p>Suely, que tem 7 irm\u00e3os, conta ser a \u00fanica da fam\u00edlia que n\u00e3o entrou para o servi\u00e7o p\u00fablico. \u201cEu digo para os meus filhos: o importante \u00e9 fazer o que se gosta. Desde crian\u00e7a, gostava de mexer com flores, era encantada\u201d.<\/p>\n<p><strong>Novas pr\u00e1ticas comerciais<\/strong><\/p>\n<p>Segundo ela, o mercado est\u00e1 reagindo com a retomada das atividades econ\u00f4micas, mas \u00e9 ineg\u00e1vel o \u201cnovo normal\u201d. \u201cNovas pr\u00e1ticas comerciais chegaram com a pandemia, como as vendas on-line\u201d, afirma a representante do segmento na C\u00e2mara de Mulheres Empreendedoras.<\/p>\n<p>E s\u00e3o as astrom\u00e9lias o carro-chefe da temporada. Beleza e pre\u00e7o (R$ 59) &#8211; combina\u00e7\u00e3o que se tornou sucesso de vendas.<\/p>\n<blockquote><p>&#8220;Qualquer pessoa pode ser um empreendedor. Temos de mudar a mentalidade do brasileiro. Nos EUA, a meta de quem sai formado de uma universidade \u00e9 ganhar o seu primeiro milh\u00e3o de d\u00f3lares. Aqui no Brasil, \u00e9 fazer concurso p\u00fablico\u201d<br \/>\n<strong>Mauro da Mata, secret\u00e1rio de Empreendedorismo do DF<\/strong><\/p>\n<figure id=\"attachment_248\" aria-describedby=\"caption-attachment-248\" style=\"width: 210px\" class=\"wp-caption aligncenter\"><img loading=\"lazy\" decoding=\"async\" class=\"wp-image-248 size-medium\" src=\"https:\/\/blogs.correiobraziliense.com.br\/capital-sa\/wp-content\/uploads\/sites\/59\/2020\/10\/WhatsApp-Image-2020-10-20-at-09.18.42-210x300.jpeg\" alt=\"\" width=\"210\" height=\"300\" srcset=\"https:\/\/blogs.correiobraziliense.com.br\/capital-sa\/wp-content\/uploads\/sites\/59\/2020\/10\/WhatsApp-Image-2020-10-20-at-09.18.42-210x300.jpeg 210w, https:\/\/blogs.correiobraziliense.com.br\/capital-sa\/wp-content\/uploads\/sites\/59\/2020\/10\/WhatsApp-Image-2020-10-20-at-09.18.42-550x785.jpeg 550w, https:\/\/blogs.correiobraziliense.com.br\/capital-sa\/wp-content\/uploads\/sites\/59\/2020\/10\/WhatsApp-Image-2020-10-20-at-09.18.42-230x328.jpeg 230w, https:\/\/blogs.correiobraziliense.com.br\/capital-sa\/wp-content\/uploads\/sites\/59\/2020\/10\/WhatsApp-Image-2020-10-20-at-09.18.42.jpeg 654w\" sizes=\"auto, (max-width: 210px) 100vw, 210px\" \/><figcaption id=\"caption-attachment-248\" class=\"wp-caption-text\">Cr\u00e9dito: divulga\u00e7\u00e3o<\/figcaption><\/figure><\/blockquote>\n<h3>Mulheres Hipercriativas<\/h3>\n<p>A Organiza\u00e7\u00e3o dos Estados Ibero-Americanos (OEI), com apoio da Secretaria da Mulher do DF, lan\u00e7ou o Projeto Mulheres Hipercriativas. Empres\u00e1rias de Bras\u00edlia ser\u00e3o escolhidas como embaixadoras do projeto. A miss\u00e3o ser\u00e1 inspirar outras mulheres a entrar no mundo do empreendedorismo pela economia criativa.<\/p>\n<figure id=\"attachment_250\" aria-describedby=\"caption-attachment-250\" style=\"width: 300px\" class=\"wp-caption aligncenter\"><img loading=\"lazy\" decoding=\"async\" class=\"size-medium wp-image-250\" src=\"https:\/\/blogs.correiobraziliense.com.br\/capital-sa\/wp-content\/uploads\/sites\/59\/2020\/10\/WhatsApp-Image-2020-10-20-at-09.18.53-300x181.jpeg\" alt=\"\" width=\"300\" height=\"181\" srcset=\"https:\/\/blogs.correiobraziliense.com.br\/capital-sa\/wp-content\/uploads\/sites\/59\/2020\/10\/WhatsApp-Image-2020-10-20-at-09.18.53-300x181.jpeg 300w, https:\/\/blogs.correiobraziliense.com.br\/capital-sa\/wp-content\/uploads\/sites\/59\/2020\/10\/WhatsApp-Image-2020-10-20-at-09.18.53-230x138.jpeg 230w, https:\/\/blogs.correiobraziliense.com.br\/capital-sa\/wp-content\/uploads\/sites\/59\/2020\/10\/WhatsApp-Image-2020-10-20-at-09.18.53.jpeg 472w\" sizes=\"auto, (max-width: 300px) 100vw, 300px\" \/><figcaption id=\"caption-attachment-250\" class=\"wp-caption-text\">Cr\u00e9dito: divulga\u00e7\u00e3o<\/figcaption><\/figure>\n<h3>Em giro<\/h3>\n<h3>Quem ganha e quem perde com o e-commerce<\/h3>\n<p>Na disputa dos estados por atrair receitas, o DF est\u00e1 perdendo empregos e renda para outras regi\u00f5es. Com o aumento das compras on-line, o brasiliense consome produtos de empresas sediadas em S\u00e3o Paulo.<\/p>\n<p>Desde o ano passado, \u00e9 devido ao estado de destino (onde mora o consumidor final) o ICMS pela diferen\u00e7a entre a al\u00edquota interna e a al\u00edquota interestadual. No caso do DF, que compra mais das regi\u00f5es Sul e Sudeste, a al\u00edquota interestadual \u00e9 de 7% e a al\u00edquota interna (DF), de 18%.<\/p>\n<p><strong>Preju\u00edzo&#8230;<\/strong><\/p>\n<p>Assim, os estados de origem ficam com 7% de ICMS, os empregos e a renda gerada na fabrica\u00e7\u00e3o, na distribui\u00e7\u00e3o e na venda ao consumidor final aqui localizado. A economia distrital (importadora) perde a renda e os empregos da fase de distribui\u00e7\u00e3o e revenda que ocorreram no estado produtor\/exportador.<\/p>\n<p><strong>Sil\u00eancio&#8230;<\/strong><\/p>\n<p>As empresas do DF estranham o sil\u00eancio do poder p\u00fablico local.<\/p>\n<p>O com\u00e9rcio eletr\u00f4nico avan\u00e7a a partir das economias produtoras\/exportadoras em detrimento das economias consumidoras\/importadoras \u2013 caso do DF.<\/p>\n<p><strong>Alta renda<\/strong><\/p>\n<p>Esse cen\u00e1rio exige do poder p\u00fablico e do setor produtivo a\u00e7\u00f5es e projetos para reverter os efeitos desta nova realidade econ\u00f4mica, que se intensifica com a pandemia e a alta renda per capita do Distrito Federal.<\/p>\n<p><strong>Centro de distribui\u00e7\u00e3o<\/strong><\/p>\n<p>Uma das solu\u00e7\u00f5es do setor produtivo local \u00e9, pela localiza\u00e7\u00e3o e log\u00edstica do DF, transformar a capital num centro de distribui\u00e7\u00e3o para o mercado interno (venda a consumidor final e revenda) e num entreposto para abastecimento das regi\u00f5es Norte e Nordeste.<\/p>\n","protected":false},"excerpt":{"rendered":"<p>A empres\u00e1ria Suely de Paula viu seu neg\u00f3cio virar de ponta-cabe\u00e7a com a pandemia. H\u00e1 30 anos, \u00e9 refer\u00eancia no setor de floricultura e decora\u00e7\u00e3o para eventos. Entre os clientes, multinacionais como Nestl\u00e9, Kibon e Ford. Cativou o mercado com sua criatividade e originalidade ao fazer arranjos com as marcas das empresas. Tamb\u00e9m tinha como fiel clientela os congressistas que, [&hellip;]<\/p>\n","protected":false},"author":125,"featured_media":245,"comment_status":"open","ping_status":"open","sticky":false,"template":"","format":"standard","meta":{"footnotes":""},"categories":[6],"tags":[],"class_list":["post-244","post","type-post","status-publish","format-standard","has-post-thumbnail","hentry","category-coluna-capital-s-a"],"_links":{"self":[{"href":"https:\/\/blogs.correiobraziliense.com.br\/capital-sa\/wp-json\/wp\/v2\/posts\/244","targetHints":{"allow":["GET"]}}],"collection":[{"href":"https:\/\/blogs.correiobraziliense.com.br\/capital-sa\/wp-json\/wp\/v2\/posts"}],"about":[{"href":"https:\/\/blogs.correiobraziliense.com.br\/capital-sa\/wp-json\/wp\/v2\/types\/post"}],"author":[{"embeddable":true,"href":"https:\/\/blogs.correiobraziliense.com.br\/capital-sa\/wp-json\/wp\/v2\/users\/125"}],"replies":[{"embeddable":true,"href":"https:\/\/blogs.correiobraziliense.com.br\/capital-sa\/wp-json\/wp\/v2\/comments?post=244"}],"version-history":[{"count":6,"href":"https:\/\/blogs.correiobraziliense.com.br\/capital-sa\/wp-json\/wp\/v2\/posts\/244\/revisions"}],"predecessor-version":[{"id":254,"href":"https:\/\/blogs.correiobraziliense.com.br\/capital-sa\/wp-json\/wp\/v2\/posts\/244\/revisions\/254"}],"wp:featuredmedia":[{"embeddable":true,"href":"https:\/\/blogs.correiobraziliense.com.br\/capital-sa\/wp-json\/wp\/v2\/media\/245"}],"wp:attachment":[{"href":"https:\/\/blogs.correiobraziliense.com.br\/capital-sa\/wp-json\/wp\/v2\/media?parent=244"}],"wp:term":[{"taxonomy":"category","embeddable":true,"href":"https:\/\/blogs.correiobraziliense.com.br\/capital-sa\/wp-json\/wp\/v2\/categories?post=244"},{"taxonomy":"post_tag","embeddable":true,"href":"https:\/\/blogs.correiobraziliense.com.br\/capital-sa\/wp-json\/wp\/v2\/tags?post=244"}],"curies":[{"name":"wp","href":"https:\/\/api.w.org\/{rel}","templated":true}]}}