{"id":23692,"date":"2026-09-03T13:04:39","date_gmt":"2026-09-03T16:04:39","guid":{"rendered":"https:\/\/blogs.correiobraziliense.com.br\/capital-sa\/?p=23692"},"modified":"2026-09-03T13:10:39","modified_gmt":"2026-09-03T16:10:39","slug":"orcamento-do-df-para-2027-tera-de-ser-modificado-devido-a-mudancas-no-fundo-constitucional","status":"publish","type":"post","link":"https:\/\/blogs.correiobraziliense.com.br\/capital-sa\/2026\/09\/03\/orcamento-do-df-para-2027-tera-de-ser-modificado-devido-a-mudancas-no-fundo-constitucional\/","title":{"rendered":"Or\u00e7amento do DF para 2027 ter\u00e1 de ser modificado devido a mudan\u00e7as no Fundo Constitucional"},"content":{"rendered":"\n<p class=\"wp-block-paragraph\"><strong>Por SAMANTA SALLUM<\/strong><\/p>\n\n\n\n<p class=\"wp-block-paragraph\">O Projeto de Lei Or\u00e7ament\u00e1ria Anual (PLOA) do Distrito Federal j\u00e1 estava pronto para ser encaminhado pelo GDF \u00e0 C\u00e2mara Legislativa, para come\u00e7ar a ser apreciado em setembro, com vota\u00e7\u00e3o at\u00e9 o in\u00edcio de dezembro. No entanto, o efeito surpresa, com a san\u00e7\u00e3o da lei federal que imp\u00f5e novo limite de reajuste do Fundo Constitucional, vai obrigar os t\u00e9cnicos da Secretaria de Economia a recalcular o or\u00e7amento para 2027. A Subsecretaria do Tesouro est\u00e1 concentrada para dimensionar o real impacto que a mudan\u00e7a provocar\u00e1 nos cofres p\u00fablicos locais. H\u00e1 sinais de que o resultado seja maior do que a estimativa inicial de menos R$ 1,8 bi na receita.<\/p>\n\n\n\n<p class=\"wp-block-paragraph\">Distribui\u00e7\u00e3o do or\u00e7amento do DF pela Lei de Diretrizes Or\u00e7ament\u00e1ria (LDO) j\u00e1 aprovada:<\/p>\n\n\n\n<ul class=\"wp-block-list\">\n<li>O or\u00e7amento do Distrito Federal para 2027 est\u00e1 estimado em R$ 74,97 bilh\u00f5es. No entanto, com a mudan\u00e7a no FCDF, esse cen\u00e1rio pode mudar.<\/li>\n\n\n\n<li>Desse total, R$ 45,45 bilh\u00f5es correspondem \u00e0 receita pr\u00f3pria do DF, enquanto R$ 29,52 bilh\u00f5es s\u00e3o oriundos do Fundo Constitucional do DF.<\/li>\n\n\n\n<li>Os recursos do fundo ser\u00e3o destinados \u00e0 seguran\u00e7a p\u00fablica (R$ 15,46 bilh\u00f5es), \u00e0 sa\u00fade (R$ 8,52 bilh\u00f5es) e \u00e0 educa\u00e7\u00e3o (R$ 5,53 bilh\u00f5es).<\/li>\n<\/ul>\n\n\n\n<p class=\"wp-block-paragraph\"><strong>Sil\u00eancio do governo federal preocupa GDF e oposi\u00e7\u00e3o<\/strong><\/p>\n\n\n\n<p class=\"wp-block-paragraph\">Em meio a este cen\u00e1rio, cresce a tens\u00e3o entre os governos local e federal. Somando-se \u00e0 situa\u00e7\u00e3o do BRB, em que o Minist\u00e9rio da Fazenda n\u00e3o teria se empenhado para colaborar na libera\u00e7\u00e3o de empr\u00e9stimo ao GDF, a nova situa\u00e7\u00e3o agora com o FCDF deixou o processo eleitoral na capital federal ainda mais sens\u00edvel.<\/p>\n\n\n\n<p class=\"wp-block-paragraph\">A atual governadora Celina Le\u00e3o (PP) tenta conversas com o ministro Dario Durigan sem receptividade. Ao mesmo tempo, o candidato de oposi\u00e7\u00e3o, Leandro Grass (PT) tamb\u00e9m busca um aceno do governo Lula para que o ajude a esclarecer \u00e0 popula\u00e7\u00e3o que n\u00e3o h\u00e1 uma persegui\u00e7\u00e3o da \u00e1rea federal com Bras\u00edlia.<\/p>\n\n\n\n<p class=\"wp-block-paragraph\"><strong>Acompanhe a Capital S\/A na TV Bras\u00edlia \u00e0s ter\u00e7as e \u00e0s quintas-feiras, 18h30, no JL ao vivo<\/strong><\/p>\n\n\n\n<figure class=\"wp-block-embed is-type-video is-provider-youtube wp-block-embed-youtube wp-embed-aspect-16-9 wp-has-aspect-ratio\"><div class=\"wp-block-embed__wrapper\">\n<iframe loading=\"lazy\" title=\"MAIS DE 60% DOS BARES E RESTAURANTES N\u00c3O EST\u00c3O PREPARADOS PARA A REFORMA TRIBUT\u00c1RIA\" width=\"1440\" height=\"810\" src=\"https:\/\/www.youtube.com\/embed\/xsuJWkCC6bU?start=7&amp;feature=oembed\" frameborder=\"0\" allow=\"accelerometer; autoplay; clipboard-write; encrypted-media; gyroscope; picture-in-picture; web-share\" referrerpolicy=\"strict-origin-when-cross-origin\" allowfullscreen><\/iframe>\n<\/div><\/figure>\n","protected":false},"excerpt":{"rendered":"<p>Por SAMANTA SALLUM O Projeto de Lei Or\u00e7ament\u00e1ria Anual (PLOA) do Distrito Federal j\u00e1 estava pronto para ser encaminhado pelo GDF \u00e0 C\u00e2mara Legislativa, para come\u00e7ar a ser apreciado em setembro, com vota\u00e7\u00e3o at\u00e9 o in\u00edcio de dezembro. No entanto, o efeito surpresa, com a san\u00e7\u00e3o da lei federal que imp\u00f5e novo limite de reajuste do Fundo Constitucional, vai obrigar [&hellip;]<\/p>\n","protected":false},"author":125,"featured_media":23693,"comment_status":"open","ping_status":"open","sticky":false,"template":"","format":"standard","meta":{"footnotes":""},"categories":[6],"tags":[],"class_list":["post-23692","post","type-post","status-publish","format-standard","has-post-thumbnail","hentry","category-coluna-capital-s-a"],"_links":{"self":[{"href":"https:\/\/blogs.correiobraziliense.com.br\/capital-sa\/wp-json\/wp\/v2\/posts\/23692","targetHints":{"allow":["GET"]}}],"collection":[{"href":"https:\/\/blogs.correiobraziliense.com.br\/capital-sa\/wp-json\/wp\/v2\/posts"}],"about":[{"href":"https:\/\/blogs.correiobraziliense.com.br\/capital-sa\/wp-json\/wp\/v2\/types\/post"}],"author":[{"embeddable":true,"href":"https:\/\/blogs.correiobraziliense.com.br\/capital-sa\/wp-json\/wp\/v2\/users\/125"}],"replies":[{"embeddable":true,"href":"https:\/\/blogs.correiobraziliense.com.br\/capital-sa\/wp-json\/wp\/v2\/comments?post=23692"}],"version-history":[{"count":2,"href":"https:\/\/blogs.correiobraziliense.com.br\/capital-sa\/wp-json\/wp\/v2\/posts\/23692\/revisions"}],"predecessor-version":[{"id":23695,"href":"https:\/\/blogs.correiobraziliense.com.br\/capital-sa\/wp-json\/wp\/v2\/posts\/23692\/revisions\/23695"}],"wp:featuredmedia":[{"embeddable":true,"href":"https:\/\/blogs.correiobraziliense.com.br\/capital-sa\/wp-json\/wp\/v2\/media\/23693"}],"wp:attachment":[{"href":"https:\/\/blogs.correiobraziliense.com.br\/capital-sa\/wp-json\/wp\/v2\/media?parent=23692"}],"wp:term":[{"taxonomy":"category","embeddable":true,"href":"https:\/\/blogs.correiobraziliense.com.br\/capital-sa\/wp-json\/wp\/v2\/categories?post=23692"},{"taxonomy":"post_tag","embeddable":true,"href":"https:\/\/blogs.correiobraziliense.com.br\/capital-sa\/wp-json\/wp\/v2\/tags?post=23692"}],"curies":[{"name":"wp","href":"https:\/\/api.w.org\/{rel}","templated":true}]}}