{"id":23665,"date":"2026-09-01T17:23:52","date_gmt":"2026-09-01T20:23:52","guid":{"rendered":"https:\/\/blogs.correiobraziliense.com.br\/capital-sa\/?p=23665"},"modified":"2026-09-03T13:11:32","modified_gmt":"2026-09-03T16:11:32","slug":"lula-sanciona-lei-que-altera-fundo-constitucional-do-df-celina-reage-no-stf","status":"publish","type":"post","link":"https:\/\/blogs.correiobraziliense.com.br\/capital-sa\/2026\/09\/01\/lula-sanciona-lei-que-altera-fundo-constitucional-do-df-celina-reage-no-stf\/","title":{"rendered":"Lula sanciona lei que altera Fundo Constitucional do DF. Celina reage no STF"},"content":{"rendered":"\n<p class=\"wp-block-paragraph\"><strong>Por SAMANTA SALLUM e ANA MARIA CAMPOS<\/strong><\/p>\n\n\n\n<p class=\"wp-block-paragraph\">O presidente da Rep\u00fablica, Luiz In\u00e1cio Lula da Silva, sancionou hoje a Lei Complementar n\u00ba 235\/2026, que cria uma trava que pode limitar o crescimento do repasse do Fundo Constitucional do Distrito Federal (FCDF) em anos de d\u00e9ficit fiscal da Uni\u00e3o. A lei n\u00e3o altera diretamente a Lei n\u00ba 10.633\/2002, que rege o FCDF, mas estabelece uma condi\u00e7\u00e3o, no art. 14, que pode suspender a aplica\u00e7\u00e3o da regra de corre\u00e7\u00e3o que o fundo usa hoje. Atualmente \u00e9 corrigido pela Receita Corrente L\u00edquida (RCL) da Uni\u00e3o, apurada em um per\u00edodo de doze meses encerrado em junho do exerc\u00edcio anterior ao repasse.<\/p>\n\n\n\n<p class=\"wp-block-paragraph\">A governadora do DF, Celina Le\u00e3o, reagiu por meio da Procuradoria Geral do DF, entrando, nesta tarde, com A\u00e7\u00e3o Direta de Inconstitucionalidade contra a lei no Supremo Tribunal Federal. A Secretaria de Economia do DF est\u00e1 realizando os c\u00e1lculos para ter o exato impacto j\u00e1 no or\u00e7amento de 2027. A estimativa \u00e9 de menos R$ 1,8 bi<\/p>\n\n\n\n<p class=\"wp-block-paragraph\"><\/p>\n\n\n\n<p class=\"wp-block-paragraph\"><strong>Limite definido<\/strong><\/p>\n\n\n\n<p class=\"wp-block-paragraph\">Se o Relat\u00f3rio de Avalia\u00e7\u00e3o de Receitas e Despesas Prim\u00e1rias (RARDP), que precede o envio do or\u00e7amento anual, projetar d\u00e9ficit prim\u00e1rio do governo central, o crescimento de despesas vinculadas por lei complementar ou ordin\u00e1ria, categoria que inclui o FCDF, fica limitado ao \u00edndice de crescimento definido pelo arcabou\u00e7o fiscal a partir do exerc\u00edcio <\/p>\n\n\n\n<p class=\"wp-block-paragraph\"><span class=\"s1\" style=\"font-size: 17px;white-space: normal;font-family: UICTFontTextStyleBody\">O PLP <\/span>114: 2026 <span class=\"s1\" style=\"font-size: 17px;white-space: normal;font-family: UICTFontTextStyleBody\">&nbsp;foi chamado &#8220;PLP dos Combust\u00edveis&#8221;.&nbsp;&nbsp;O principal objetivo da medida \u00e9 estabelecer regras para&nbsp;<\/span><span class=\"s2\" style=\"font-size: 17px;white-space: normal;font-family: UICTFontTextStyleEmphasizedBody;font-weight: bold\">ren\u00fancias de receita e redu\u00e7\u00e3o de tributos federais sobre combust\u00edveis<\/span><span class=\"s1\" style=\"font-size: 17px;white-space: normal;font-family: UICTFontTextStyleBody\">, buscando conter a alta de pre\u00e7os gerada pela crise e choques no mercado internacional de energia, devido ao conflito no Oriente M\u00e9dio<\/span>. E, nele, foi inserido o artigo 14 que se refere aos reajustes do Fundo.<\/p>\n\n\n\n<p class=\"wp-block-paragraph\"><\/p>\n\n\n\n<p class=\"wp-block-paragraph\"><strong>Trava tempor\u00e1ria<\/strong><\/p>\n\n\n\n<p class=\"wp-block-paragraph\">Enquanto n\u00e3o houver proje\u00e7\u00e3o de d\u00e9ficit prim\u00e1rio, o FCDF continua sendo corrigido pela Receita Corrente L\u00edquida da Uni\u00e3o, apurada em um per\u00edodo de doze meses encerrado em junho do exerc\u00edcio anterior ao repasse, sem mudan\u00e7as. A partir do momento em que essa proje\u00e7\u00e3o de d\u00e9ficit aparecer no RARDP, o repasse do ano seguinte passa a ser limitado ao teto do arcabou\u00e7o fiscal. Isso tende a resultar em reajustes menores do que os que a RCL proporcionaria em cen\u00e1rios de arrecada\u00e7\u00e3o forte. Essa trava permanece enquanto o governo n\u00e3o voltar a apurar super\u00e1vit prim\u00e1rio.<\/p>\n\n\n\n<p class=\"wp-block-paragraph\"><\/p>\n\n\n\n<p class=\"wp-block-paragraph\"><\/p>\n\n\n\n<p class=\"wp-block-paragraph\"><strong>Acompanhe a Capital S\/A na TV Bras\u00edlia \u00e0s ter\u00e7as e \u00e0s quintas-feiras, 18h30, no JL ao viv<\/strong>o<\/p>\n\n\n\n<figure class=\"wp-block-embed is-type-video is-provider-youtube wp-block-embed-youtube wp-embed-aspect-16-9 wp-has-aspect-ratio\"><div class=\"wp-block-embed__wrapper\">\n<iframe loading=\"lazy\" title=\"MAIS DE 60% DOS BARES E RESTAURANTES N\u00c3O EST\u00c3O PREPARADOS PARA A REFORMA TRIBUT\u00c1RIA\" width=\"1440\" height=\"810\" src=\"https:\/\/www.youtube.com\/embed\/xsuJWkCC6bU?start=7&amp;feature=oembed\" frameborder=\"0\" allow=\"accelerometer; autoplay; clipboard-write; encrypted-media; gyroscope; picture-in-picture; web-share\" referrerpolicy=\"strict-origin-when-cross-origin\" allowfullscreen><\/iframe>\n<\/div><\/figure>\n","protected":false},"excerpt":{"rendered":"<p>Por SAMANTA SALLUM e ANA MARIA CAMPOS O presidente da Rep\u00fablica, Luiz In\u00e1cio Lula da Silva, sancionou hoje a Lei Complementar n\u00ba 235\/2026, que cria uma trava que pode limitar o crescimento do repasse do Fundo Constitucional do Distrito Federal (FCDF) em anos de d\u00e9ficit fiscal da Uni\u00e3o. A lei n\u00e3o altera diretamente a Lei n\u00ba 10.633\/2002, que rege o [&hellip;]<\/p>\n","protected":false},"author":125,"featured_media":23678,"comment_status":"open","ping_status":"open","sticky":false,"template":"","format":"standard","meta":{"footnotes":""},"categories":[6],"tags":[],"class_list":["post-23665","post","type-post","status-publish","format-standard","has-post-thumbnail","hentry","category-coluna-capital-s-a"],"_links":{"self":[{"href":"https:\/\/blogs.correiobraziliense.com.br\/capital-sa\/wp-json\/wp\/v2\/posts\/23665","targetHints":{"allow":["GET"]}}],"collection":[{"href":"https:\/\/blogs.correiobraziliense.com.br\/capital-sa\/wp-json\/wp\/v2\/posts"}],"about":[{"href":"https:\/\/blogs.correiobraziliense.com.br\/capital-sa\/wp-json\/wp\/v2\/types\/post"}],"author":[{"embeddable":true,"href":"https:\/\/blogs.correiobraziliense.com.br\/capital-sa\/wp-json\/wp\/v2\/users\/125"}],"replies":[{"embeddable":true,"href":"https:\/\/blogs.correiobraziliense.com.br\/capital-sa\/wp-json\/wp\/v2\/comments?post=23665"}],"version-history":[{"count":11,"href":"https:\/\/blogs.correiobraziliense.com.br\/capital-sa\/wp-json\/wp\/v2\/posts\/23665\/revisions"}],"predecessor-version":[{"id":23696,"href":"https:\/\/blogs.correiobraziliense.com.br\/capital-sa\/wp-json\/wp\/v2\/posts\/23665\/revisions\/23696"}],"wp:featuredmedia":[{"embeddable":true,"href":"https:\/\/blogs.correiobraziliense.com.br\/capital-sa\/wp-json\/wp\/v2\/media\/23678"}],"wp:attachment":[{"href":"https:\/\/blogs.correiobraziliense.com.br\/capital-sa\/wp-json\/wp\/v2\/media?parent=23665"}],"wp:term":[{"taxonomy":"category","embeddable":true,"href":"https:\/\/blogs.correiobraziliense.com.br\/capital-sa\/wp-json\/wp\/v2\/categories?post=23665"},{"taxonomy":"post_tag","embeddable":true,"href":"https:\/\/blogs.correiobraziliense.com.br\/capital-sa\/wp-json\/wp\/v2\/tags?post=23665"}],"curies":[{"name":"wp","href":"https:\/\/api.w.org\/{rel}","templated":true}]}}