{"id":23656,"date":"2026-09-01T14:27:57","date_gmt":"2026-09-01T17:27:57","guid":{"rendered":"https:\/\/blogs.correiobraziliense.com.br\/capital-sa\/?p=23656"},"modified":"2026-09-01T14:37:31","modified_gmt":"2026-09-01T17:37:31","slug":"setor-produtivo-em-estado-de-alerta-maximo-com-pautas-bomba-no-congresso","status":"publish","type":"post","link":"https:\/\/blogs.correiobraziliense.com.br\/capital-sa\/2026\/09\/01\/setor-produtivo-em-estado-de-alerta-maximo-com-pautas-bomba-no-congresso\/","title":{"rendered":"Setor produtivo em estado de alerta m\u00e1ximo com pautas-bomba no Congresso"},"content":{"rendered":"\n<p class=\"wp-block-paragraph\"><strong>Por SAMANTA SALLUM<\/strong><\/p>\n\n\n\n<p class=\"wp-block-paragraph\">Esfor\u00e7o concentrado do Congresso Nacional vai analisar, nesta semana, propostas de grande impacto para a setor empresarial do pa\u00eds, como o fim da jornada 6&#215;1 e a isen\u00e7\u00e3o de impostos para as compras de at\u00e9 US$ 50 em plataformas digitais, conhecida como \u201ctaxa das blusinhas\u201d. As Confedera\u00e7\u00f5es de todos os segmentos, que incluem com\u00e9rcio, servi\u00e7os, ind\u00fastria e agricultura, est\u00e3o em alerta m\u00e1ximo diante do cen\u00e1rio iminente: a aprova\u00e7\u00e3o das duas pautas-bomba para o empresariado. Em rela\u00e7\u00e3o ao fim da escala 6&#215;1, esperam pelo menos sensibilizar os parlamentares a aprovarem um tempo maior para a transi\u00e7\u00e3o.<\/p>\n\n\n\n<p class=\"wp-block-paragraph\"><strong>Agravantes do momento econ\u00f4mico<\/strong><\/p>\n\n\n\n<p class=\"wp-block-paragraph\">O setor produtivo destaca que a economia brasileira j\u00e1 enfrenta condicionantes severos: juros altos, cr\u00e9dito caro e restritivo, endividamento recordes das fam\u00edlias e inadimpl\u00eancia. Ao mesmo tempo, o fim da taxa das blusinhas, considerado mais um agravante na concorr\u00eancia desleal para o varejo nacional, tamb\u00e9m \u00e9 avaliado com muita como parte do pacote de aprova\u00e7\u00f5es. \u201cEm um per\u00edodo sens\u00edvel em que interesses pol\u00edticos atravessam escolhas econ\u00f4micas\u201d, diz o manifesto do setor.<\/p>\n\n\n\n<p class=\"wp-block-paragraph\"><strong>CNC lan\u00e7a campanha emergencial<\/strong><\/p>\n\n\n\n<p class=\"wp-block-paragraph\">Diante do avan\u00e7o no Senado Federal da Proposta de Emenda \u00e0 Constitui\u00e7\u00e3o (PEC) que altera a jornada de trabalho e extingue a escala 6&#215;1, a Confedera\u00e7\u00e3o Nacional do Com\u00e9rcio de Bens, Servi\u00e7os e Turismo (CNC), ao lado de 34 federa\u00e7\u00f5es e sindicatos filiados, lan\u00e7aram, no final de semana, uma campanha nacional conjunta com o lema: \u201cA conta j\u00e1 est\u00e1 alta demais. Mudan\u00e7a das regras do trabalho \u00e0s v\u00e9speras da elei\u00e7\u00e3o? Agora n\u00e3o.\u201d<\/p>\n\n\n\n<p class=\"wp-block-paragraph\"><strong>CNI: 30 anos para compensar deficit de produtividade com jornada<\/strong><\/p>\n\n\n\n<p class=\"wp-block-paragraph\">Em outra frente de a\u00e7\u00e3o com os parlamentares, a Confedera\u00e7\u00e3o Nacional da Ind\u00fastria (CNI), apresenta hoje um estudo que analisa os efeitos da mudan\u00e7a na economia com o fim da escala 6&#215;1.<br>\u201cO Brasil pode levar de 17 a 30 anos para acumular o ganho de produtividade necess\u00e1rio para compensar uma eventual redu\u00e7\u00e3o da jornada semanal de trabalho para 40 horas, associada \u00e0 altera\u00e7\u00e3o da escala 6&#215;1\u201d, informa a entidade.<\/p>\n\n\n\n<p class=\"wp-block-paragraph\"><strong>Necessidade de salto na produtividade<\/strong><\/p>\n\n\n\n<p class=\"wp-block-paragraph\">A proje\u00e7\u00e3o considera o cen\u00e1rio em que as empresas mant\u00eam empregos e sal\u00e1rios e absorvem a queda nas horas trabalhadas sem desconto na remunera\u00e7\u00e3o. Nesse caso, o total de horas trabalhadas cairia em cerca de7,8%, e a efici\u00eancia por hora trabalhada precisaria aumentar entre 8,3% e 8,5%.\u201d Na pr\u00e1tica, seria necess\u00e1rio alcan\u00e7ar um salto de aumento de produtividade para compensar a redu\u00e7\u00e3o do tempo dispon\u00edvel de trabalho\u201d, segundo o estudo. Ele aponta que, de 1981 a 2024, a produ\u00e7\u00e3o por hora trabalhada cresceu, em m\u00e9dia, 0,5% ao ano. Nesse ritmo, seriam necess\u00e1rios cerca de 17 anos para acumular o ganho estimado.<\/p>\n\n\n\n<p class=\"wp-block-paragraph\"><strong>Acompanhe a Capital S\/A na TV Bras\u00edlia \u00e0s ter\u00e7as e \u00e0s quintas-feiras, 18h30, no JL ao vivo<\/strong><\/p>\n\n\n\n<figure class=\"wp-block-embed is-type-video is-provider-youtube wp-block-embed-youtube wp-embed-aspect-16-9 wp-has-aspect-ratio\"><div class=\"wp-block-embed__wrapper\">\n<iframe loading=\"lazy\" title=\"MAIS DE 60% DOS BARES E RESTAURANTES N\u00c3O EST\u00c3O PREPARADOS PARA A REFORMA TRIBUT\u00c1RIA\" width=\"1440\" height=\"810\" src=\"https:\/\/www.youtube.com\/embed\/xsuJWkCC6bU?start=5&amp;feature=oembed\" frameborder=\"0\" allow=\"accelerometer; autoplay; clipboard-write; encrypted-media; gyroscope; picture-in-picture; web-share\" referrerpolicy=\"strict-origin-when-cross-origin\" allowfullscreen><\/iframe>\n<\/div><\/figure>\n","protected":false},"excerpt":{"rendered":"<p>Por SAMANTA SALLUM Esfor\u00e7o concentrado do Congresso Nacional vai analisar, nesta semana, propostas de grande impacto para a setor empresarial do pa\u00eds, como o fim da jornada 6&#215;1 e a isen\u00e7\u00e3o de impostos para as compras de at\u00e9 US$ 50 em plataformas digitais, conhecida como \u201ctaxa das blusinhas\u201d. As Confedera\u00e7\u00f5es de todos os segmentos, que incluem com\u00e9rcio, servi\u00e7os, ind\u00fastria e [&hellip;]<\/p>\n","protected":false},"author":125,"featured_media":23657,"comment_status":"open","ping_status":"open","sticky":false,"template":"","format":"standard","meta":{"footnotes":""},"categories":[6],"tags":[],"class_list":["post-23656","post","type-post","status-publish","format-standard","has-post-thumbnail","hentry","category-coluna-capital-s-a"],"_links":{"self":[{"href":"https:\/\/blogs.correiobraziliense.com.br\/capital-sa\/wp-json\/wp\/v2\/posts\/23656","targetHints":{"allow":["GET"]}}],"collection":[{"href":"https:\/\/blogs.correiobraziliense.com.br\/capital-sa\/wp-json\/wp\/v2\/posts"}],"about":[{"href":"https:\/\/blogs.correiobraziliense.com.br\/capital-sa\/wp-json\/wp\/v2\/types\/post"}],"author":[{"embeddable":true,"href":"https:\/\/blogs.correiobraziliense.com.br\/capital-sa\/wp-json\/wp\/v2\/users\/125"}],"replies":[{"embeddable":true,"href":"https:\/\/blogs.correiobraziliense.com.br\/capital-sa\/wp-json\/wp\/v2\/comments?post=23656"}],"version-history":[{"count":2,"href":"https:\/\/blogs.correiobraziliense.com.br\/capital-sa\/wp-json\/wp\/v2\/posts\/23656\/revisions"}],"predecessor-version":[{"id":23659,"href":"https:\/\/blogs.correiobraziliense.com.br\/capital-sa\/wp-json\/wp\/v2\/posts\/23656\/revisions\/23659"}],"wp:featuredmedia":[{"embeddable":true,"href":"https:\/\/blogs.correiobraziliense.com.br\/capital-sa\/wp-json\/wp\/v2\/media\/23657"}],"wp:attachment":[{"href":"https:\/\/blogs.correiobraziliense.com.br\/capital-sa\/wp-json\/wp\/v2\/media?parent=23656"}],"wp:term":[{"taxonomy":"category","embeddable":true,"href":"https:\/\/blogs.correiobraziliense.com.br\/capital-sa\/wp-json\/wp\/v2\/categories?post=23656"},{"taxonomy":"post_tag","embeddable":true,"href":"https:\/\/blogs.correiobraziliense.com.br\/capital-sa\/wp-json\/wp\/v2\/tags?post=23656"}],"curies":[{"name":"wp","href":"https:\/\/api.w.org\/{rel}","templated":true}]}}