{"id":23645,"date":"2026-08-28T16:32:42","date_gmt":"2026-08-28T19:32:42","guid":{"rendered":"https:\/\/blogs.correiobraziliense.com.br\/capital-sa\/?p=23645"},"modified":"2026-08-28T16:34:28","modified_gmt":"2026-08-28T19:34:28","slug":"pioneiro-da-farmacia-magistral-no-df-recebe-homenagem-da-fecomercio","status":"publish","type":"post","link":"https:\/\/blogs.correiobraziliense.com.br\/capital-sa\/2026\/08\/28\/pioneiro-da-farmacia-magistral-no-df-recebe-homenagem-da-fecomercio\/","title":{"rendered":"Pioneiro da farm\u00e1cia magistral no DF recebe homenagem da Fecom\u00e9rcio"},"content":{"rendered":"\n<p class=\"wp-block-paragraph\">Coluna Capital de 28 de agosto<\/p>\n\n\n\n<p class=\"wp-block-paragraph\"><strong>Por SAMANTA SALLUM<\/strong><\/p>\n\n\n\n<p class=\"wp-block-paragraph\">O novo Centro de Sa\u00fade do Sesc, no Setor Comercial Sul, ganhou o nome de Rog\u00e9rio Tokarski. Uma solenidade marcou a entrega do novo espa\u00e7o \u00e0 popula\u00e7\u00e3o com homenagem especial ao farmac\u00eautico fundador da Farmacot\u00e9cnica.<\/p>\n\n\n\n<p class=\"wp-block-paragraph\">Formado pela Universidade Federal de Goi\u00e1s, Rog\u00e9rio Tokarski \u00e9 considerado um dos pioneiros da farm\u00e1cia magistral no Brasil. Em 1976, fundou, em Bras\u00edlia, a Farmacot\u00e9cnica, considerada a primeira farm\u00e1cia de manipula\u00e7\u00e3o do Distrito Federal e uma das primeiras do pa\u00eds.<\/p>\n\n\n\n<p class=\"wp-block-paragraph\">\u201cReceber essa homenagem \u00e9 bom porque hoje eu tenho energia, me sinto vivo para trabalhar mais. Gratid\u00e3o ao Sesc, ao Sistema Fecom\u00e9rcio, porque um dia a gente se vai, mas essa homenagem, o nome nesse Centro de Sa\u00fade, fica\u201d, disse.<\/p>\n\n\n<div class=\"wp-block-image\">\n<figure class=\"aligncenter size-medium\"><img loading=\"lazy\" decoding=\"async\" width=\"300\" height=\"200\" src=\"https:\/\/blogs.correiobraziliense.com.br\/capital-sa\/wp-content\/uploads\/sites\/59\/2026\/08\/Foto-2-300x200.jpeg\" alt=\"\" class=\"wp-image-23646\" srcset=\"https:\/\/blogs.correiobraziliense.com.br\/capital-sa\/wp-content\/uploads\/sites\/59\/2026\/08\/Foto-2-300x200.jpeg 300w, https:\/\/blogs.correiobraziliense.com.br\/capital-sa\/wp-content\/uploads\/sites\/59\/2026\/08\/Foto-2-1024x683.jpeg 1024w, https:\/\/blogs.correiobraziliense.com.br\/capital-sa\/wp-content\/uploads\/sites\/59\/2026\/08\/Foto-2-768x512.jpeg 768w, https:\/\/blogs.correiobraziliense.com.br\/capital-sa\/wp-content\/uploads\/sites\/59\/2026\/08\/Foto-2-1536x1024.jpeg 1536w, https:\/\/blogs.correiobraziliense.com.br\/capital-sa\/wp-content\/uploads\/sites\/59\/2026\/08\/Foto-2-1440x960.jpeg 1440w, https:\/\/blogs.correiobraziliense.com.br\/capital-sa\/wp-content\/uploads\/sites\/59\/2026\/08\/Foto-2-800x534.jpeg 800w, https:\/\/blogs.correiobraziliense.com.br\/capital-sa\/wp-content\/uploads\/sites\/59\/2026\/08\/Foto-2-550x367.jpeg 550w, https:\/\/blogs.correiobraziliense.com.br\/capital-sa\/wp-content\/uploads\/sites\/59\/2026\/08\/Foto-2-230x153.jpeg 230w, https:\/\/blogs.correiobraziliense.com.br\/capital-sa\/wp-content\/uploads\/sites\/59\/2026\/08\/Foto-2.jpeg 1600w\" sizes=\"auto, (max-width: 300px) 100vw, 300px\" \/><\/figure>\n<\/div>\n\n\n<p class=\"wp-block-paragraph\"><\/p>\n\n\n\n<p class=\"wp-block-paragraph\">O evento teve a presen\u00e7a do presidente do Sistema Fecom\u00e9rcio-DF, Jos\u00e9 Aparecido Freire, do diretor regional do Sesc-DF, Valcides de Ara\u00fajo, al\u00e9m de familiares e amigos do homenageado e convidados.<\/p>\n\n\n\n<p class=\"wp-block-paragraph\">A iniciativa tamb\u00e9m representa o reconhecimento \u00e0 atua\u00e7\u00e3o de Tokarski junto ao Sistema Fecom\u00e9rcio-DF. Atualmente, ele integra o Conselho Consultivo da Fecom\u00e9rcio-DF. E, ao longo de sua trajet\u00f3ria, tamb\u00e9m atuou como conselheiro do Sesc e do Senac.<\/p>\n\n\n\n<p class=\"wp-block-paragraph\"><strong>Grupo Bizu vai inaugurar novo bar no antigo Braz\u00f3lia<\/strong><\/p>\n\n\n\n<p class=\"wp-block-paragraph\">O espa\u00e7o que durante anos abrigou o tradicional Braz\u00f3lia dar\u00e1 lugar ao Prefeitura, que nasce com a proposta de mais inova\u00e7\u00e3o na experi\u00eancia de bares na capital federal. O empreendimento \u00e9 capitaneado pelo Grupo Bizu, \u00e0 frente de Deboche Bar e Ordin\u00e1rio Bar &amp; M\u00fasica; junto com Grupo 3V, que administra Cantucci, Gran Oliva, Inforno Burger, Koji e Superquadra Bar. Tamb\u00e9m est\u00e1 no neg\u00f3cio a empresa No Plural.<\/p>\n\n\n\n<p class=\"wp-block-paragraph\"><strong>Conceito brasiliense<\/strong><\/p>\n\n\n<div class=\"wp-block-image\">\n<figure class=\"aligncenter size-medium\"><img loading=\"lazy\" decoding=\"async\" width=\"200\" height=\"300\" src=\"https:\/\/blogs.correiobraziliense.com.br\/capital-sa\/wp-content\/uploads\/sites\/59\/2026\/08\/foto-3-200x300.jpeg\" alt=\"\" class=\"wp-image-23647\" srcset=\"https:\/\/blogs.correiobraziliense.com.br\/capital-sa\/wp-content\/uploads\/sites\/59\/2026\/08\/foto-3-200x300.jpeg 200w, https:\/\/blogs.correiobraziliense.com.br\/capital-sa\/wp-content\/uploads\/sites\/59\/2026\/08\/foto-3-682x1024.jpeg 682w, https:\/\/blogs.correiobraziliense.com.br\/capital-sa\/wp-content\/uploads\/sites\/59\/2026\/08\/foto-3-768x1154.jpeg 768w, https:\/\/blogs.correiobraziliense.com.br\/capital-sa\/wp-content\/uploads\/sites\/59\/2026\/08\/foto-3-800x1202.jpeg 800w, https:\/\/blogs.correiobraziliense.com.br\/capital-sa\/wp-content\/uploads\/sites\/59\/2026\/08\/foto-3-550x826.jpeg 550w, https:\/\/blogs.correiobraziliense.com.br\/capital-sa\/wp-content\/uploads\/sites\/59\/2026\/08\/foto-3-230x346.jpeg 230w, https:\/\/blogs.correiobraziliense.com.br\/capital-sa\/wp-content\/uploads\/sites\/59\/2026\/08\/foto-3.jpeg 1023w\" sizes=\"auto, (max-width: 200px) 100vw, 200px\" \/><\/figure>\n<\/div>\n\n\n<p class=\"wp-block-paragraph\"><\/p>\n\n\n\n<p class=\"wp-block-paragraph\">Os s\u00f3cios estimam um investimento inicial de R$ 3 milh\u00f5es a 4 milh\u00f5es no projeto. A previs\u00e3o \u00e9 de que at\u00e9 o fim do ano aconte\u00e7a a inaugura\u00e7\u00e3o. \u201cN\u00e3o queremos apenas abrir um novo bar, mas desenvolver um conceito capaz de conversar com a identidade da cidade e com o orgulho que o brasiliense tem do lugar onde vive. Escolher um endere\u00e7o que j\u00e1 faz parte da mem\u00f3ria afetiva de tantas pessoas tamb\u00e9m aumenta nossa responsabilidade de entregar uma experi\u00eancia \u00e0 altura\u201d, contou Diogo Lombardi, um dos s\u00f3cios da casa.<\/p>\n\n\n\n<p class=\"wp-block-paragraph\"><strong>O desafio or\u00e7ament\u00e1rio da tarifa zero no DF<\/strong><\/p>\n\n\n<div class=\"wp-block-image\">\n<figure class=\"aligncenter size-medium\"><img loading=\"lazy\" decoding=\"async\" width=\"300\" height=\"199\" src=\"https:\/\/blogs.correiobraziliense.com.br\/capital-sa\/wp-content\/uploads\/sites\/59\/2026\/08\/foto-4-300x199.jpeg\" alt=\"\" class=\"wp-image-23648\" srcset=\"https:\/\/blogs.correiobraziliense.com.br\/capital-sa\/wp-content\/uploads\/sites\/59\/2026\/08\/foto-4-300x199.jpeg 300w, https:\/\/blogs.correiobraziliense.com.br\/capital-sa\/wp-content\/uploads\/sites\/59\/2026\/08\/foto-4-1024x680.jpeg 1024w, https:\/\/blogs.correiobraziliense.com.br\/capital-sa\/wp-content\/uploads\/sites\/59\/2026\/08\/foto-4-768x510.jpeg 768w, https:\/\/blogs.correiobraziliense.com.br\/capital-sa\/wp-content\/uploads\/sites\/59\/2026\/08\/foto-4-1536x1020.jpeg 1536w, https:\/\/blogs.correiobraziliense.com.br\/capital-sa\/wp-content\/uploads\/sites\/59\/2026\/08\/foto-4-1440x956.jpeg 1440w, https:\/\/blogs.correiobraziliense.com.br\/capital-sa\/wp-content\/uploads\/sites\/59\/2026\/08\/foto-4-800x531.jpeg 800w, https:\/\/blogs.correiobraziliense.com.br\/capital-sa\/wp-content\/uploads\/sites\/59\/2026\/08\/foto-4-550x365.jpeg 550w, https:\/\/blogs.correiobraziliense.com.br\/capital-sa\/wp-content\/uploads\/sites\/59\/2026\/08\/foto-4-230x153.jpeg 230w, https:\/\/blogs.correiobraziliense.com.br\/capital-sa\/wp-content\/uploads\/sites\/59\/2026\/08\/foto-4.jpeg 1600w\" sizes=\"auto, (max-width: 300px) 100vw, 300px\" \/><\/figure>\n<\/div>\n\n\n<p class=\"wp-block-paragraph\"><\/p>\n\n\n\n<p class=\"wp-block-paragraph\">O tema da tarifa zero no transporte p\u00fablico do DF voltou com for\u00e7a neste momento de campanhas eleitorais. E cada candidato tem uma matem\u00e1tica para defender ou n\u00e3o a medida. Segundo apura\u00e7\u00e3o junto \u00e0 Secretaria de Economia, o custo anual do subs\u00eddio \u00e0s empresas do transporte p\u00fablico no DF \u00e9 de cerca de R$ 2,2 bilh\u00f5es. No entanto, a Lei Or\u00e7ament\u00e1ria Anual (LOA 2026) previu apenas cerca de R$ 1,1 bilh\u00e3o. Mais uma vez est\u00e1 sendo necess\u00e1rio suplementar o or\u00e7amento para manter a presta\u00e7\u00e3o do servi\u00e7o \u00e0 popula\u00e7\u00e3o. Parte j\u00e1 foi, e outra est\u00e1 \u00e0 espera de aprova\u00e7\u00e3o de projeto de lei na C\u00e2mara Legislativa.<\/p>\n\n\n\n<p class=\"wp-block-paragraph\"><strong>Subs\u00eddio x aumento da tarifa<\/strong><\/p>\n\n\n\n<p class=\"wp-block-paragraph\">Segundo os gestores do or\u00e7amento, o valor do subs\u00eddio para as empresas de transporte p\u00fablico cresceu ao longo dos anos, principalmente por dois fatores: h\u00e1 quase oito anos, a tarifa p\u00fablica \u2014 valor pago diretamente pelos usu\u00e1rios \u2014 segue sem reajuste; e a expans\u00e3o da gratuidade com o programa Vai de Gra\u00e7a (catraca livre aos domingos e feriados).<\/p>\n\n\n\n<p class=\"wp-block-paragraph\"><strong>Para cobrir deficit<\/strong><\/p>\n\n\n\n<p class=\"wp-block-paragraph\">Como a tarifa paga pelo passageiro \u00e9 inferior ao custo efetivo do sistema, o poder p\u00fablico \u00e9 respons\u00e1vel por cobrir essa diferen\u00e7a por meio da tarifa t\u00e9cnica. Em m\u00e9dia, aproximadamente 25% da composi\u00e7\u00e3o da tarifa t\u00e9cnica est\u00e1 relacionada a investimentos no sistema, incluindo renova\u00e7\u00e3o da frota, infraestrutura de abastecimento, manuten\u00e7\u00e3o e moderniza\u00e7\u00e3o de abrigos, entre outras interven\u00e7\u00f5es.<\/p>\n\n\n\n<p class=\"wp-block-paragraph\"><strong>Diverg\u00eancias<\/strong><\/p>\n\n\n\n<p class=\"wp-block-paragraph\">O GDF avalia que o peso \u00e9 grande para manter a tarifa sem reajuste. E que a tarifa zero teria forte impacto. J\u00e1 as lideran\u00e7as pol\u00edticas que defendem a tarifa zero questionam a situa\u00e7\u00e3o do BRB. Que se h\u00e1 dinheiro para um, deveria ter para essa medida tamb\u00e9m. Se o GDF contrair o empr\u00e9stimo para capitalizar o BRB, a previs\u00e3o \u00e9 de que o valor das parcelas de pagamento fique em R$ 1 bilh\u00e3o durante 12 anos.<\/p>\n\n\n\n<p class=\"wp-block-paragraph\"><strong>Brasil Soberano vai liberar R$ 4 bilh\u00f5es para a cadeia de fertilizantes<\/strong><\/p>\n\n\n<div class=\"wp-block-image\">\n<figure class=\"aligncenter size-medium\"><img loading=\"lazy\" decoding=\"async\" width=\"300\" height=\"179\" src=\"https:\/\/blogs.correiobraziliense.com.br\/capital-sa\/wp-content\/uploads\/sites\/59\/2026\/08\/foto-5-300x179.jpeg\" alt=\"\" class=\"wp-image-23649\" srcset=\"https:\/\/blogs.correiobraziliense.com.br\/capital-sa\/wp-content\/uploads\/sites\/59\/2026\/08\/foto-5-300x179.jpeg 300w, https:\/\/blogs.correiobraziliense.com.br\/capital-sa\/wp-content\/uploads\/sites\/59\/2026\/08\/foto-5-1024x613.jpeg 1024w, https:\/\/blogs.correiobraziliense.com.br\/capital-sa\/wp-content\/uploads\/sites\/59\/2026\/08\/foto-5-768x459.jpeg 768w, https:\/\/blogs.correiobraziliense.com.br\/capital-sa\/wp-content\/uploads\/sites\/59\/2026\/08\/foto-5-800x479.jpeg 800w, https:\/\/blogs.correiobraziliense.com.br\/capital-sa\/wp-content\/uploads\/sites\/59\/2026\/08\/foto-5-550x329.jpeg 550w, https:\/\/blogs.correiobraziliense.com.br\/capital-sa\/wp-content\/uploads\/sites\/59\/2026\/08\/foto-5-230x138.jpeg 230w, https:\/\/blogs.correiobraziliense.com.br\/capital-sa\/wp-content\/uploads\/sites\/59\/2026\/08\/foto-5.jpeg 1170w\" sizes=\"auto, (max-width: 300px) 100vw, 300px\" \/><\/figure>\n<\/div>\n\n\n<p class=\"wp-block-paragraph\"><\/p>\n\n\n\n<p class=\"wp-block-paragraph\">O Conselho Monet\u00e1rio Nacional (CMN) ampliou o acesso da cadeia de fertilizantes ao cr\u00e9dito no Plano Brasil Soberano e reduziu os juros para financiamentos das empresas de minerais cr\u00edticos. A medida foi deliberada em reuni\u00e3o extraordin\u00e1ria do colegiado, realizada ontem. \u201cA mudan\u00e7a acompanha o ciclo financeiro do setor, que paga as importa\u00e7\u00f5es de insumos no desembarque e recebe as vendas ao produtor rural conforme o calend\u00e1rio agr\u00edcola\u201d, disse o Minist\u00e9rio da Fazenda.<\/p>\n\n\n\n<p class=\"wp-block-paragraph\">A medida tinha sido adiantada pelo vice-presidente Geraldo Alckmin, no in\u00edcio da semana, durante o 13\u00ba Congresso Brasileiro de Fertilizantes, em S\u00e3o Paulo (SP). Alckmin afirmou que o programa Brasil Soberano 3 ter\u00e1 R$ 4 bilh\u00f5es destinados especificamente ao financiamento de empresas do setor.<\/p>\n\n\n\n<p class=\"wp-block-paragraph\"><strong>4 mil produtos nacionais prejudicados por tarifa\u00e7o dos EUA<\/strong><\/p>\n\n\n\n<p class=\"wp-block-paragraph\">O Plano Brasil Soberano 3, institu\u00eddo pelo governo federal, vai disponibilizar pelo menos R$ 18,5 bilh\u00f5es, sendo R$ 13,5 bilh\u00f5es do Tesouro Nacional e R$ 5 bilh\u00f5es de recursos pr\u00f3prios do BNDES. Levantamento da CNI aponta que 48,7% de todas as exporta\u00e7\u00f5es brasileiras aos Estados Unidos est\u00e3o sujeitas a algum tipo de tarifa adicional. Com a sobretaxa de 12,5% em vigor desde 24 de julho, 3.985 produtos passaram a enfrentar tributa\u00e7\u00e3o total de 37,5%, o equivalente a US$ 10,8 bilh\u00f5es em vendas externas. A press\u00e3o sobre o fluxo de caixa das empresas afetadas \u00e9 imediata.<\/p>\n\n\n\n<p class=\"wp-block-paragraph\"><strong>Acompanhe a Capital S\/A na TV Bras\u00edlia \u00e0s ter\u00e7as e \u00e0s quintas-feiras, 18h30, no JL ao vivo<\/strong><\/p>\n\n\n\n<p class=\"wp-block-paragraph\"><\/p>\n","protected":false},"excerpt":{"rendered":"<p>Coluna Capital de 28 de agosto Por SAMANTA SALLUM O novo Centro de Sa\u00fade do Sesc, no Setor Comercial Sul, ganhou o nome de Rog\u00e9rio Tokarski. Uma solenidade marcou a entrega do novo espa\u00e7o \u00e0 popula\u00e7\u00e3o com homenagem especial ao farmac\u00eautico fundador da Farmacot\u00e9cnica. Formado pela Universidade Federal de Goi\u00e1s, Rog\u00e9rio Tokarski \u00e9 considerado um dos pioneiros da farm\u00e1cia magistral [&hellip;]<\/p>\n","protected":false},"author":125,"featured_media":23653,"comment_status":"open","ping_status":"open","sticky":false,"template":"","format":"standard","meta":{"footnotes":""},"categories":[6],"tags":[],"class_list":["post-23645","post","type-post","status-publish","format-standard","has-post-thumbnail","hentry","category-coluna-capital-s-a"],"_links":{"self":[{"href":"https:\/\/blogs.correiobraziliense.com.br\/capital-sa\/wp-json\/wp\/v2\/posts\/23645","targetHints":{"allow":["GET"]}}],"collection":[{"href":"https:\/\/blogs.correiobraziliense.com.br\/capital-sa\/wp-json\/wp\/v2\/posts"}],"about":[{"href":"https:\/\/blogs.correiobraziliense.com.br\/capital-sa\/wp-json\/wp\/v2\/types\/post"}],"author":[{"embeddable":true,"href":"https:\/\/blogs.correiobraziliense.com.br\/capital-sa\/wp-json\/wp\/v2\/users\/125"}],"replies":[{"embeddable":true,"href":"https:\/\/blogs.correiobraziliense.com.br\/capital-sa\/wp-json\/wp\/v2\/comments?post=23645"}],"version-history":[{"count":2,"href":"https:\/\/blogs.correiobraziliense.com.br\/capital-sa\/wp-json\/wp\/v2\/posts\/23645\/revisions"}],"predecessor-version":[{"id":23652,"href":"https:\/\/blogs.correiobraziliense.com.br\/capital-sa\/wp-json\/wp\/v2\/posts\/23645\/revisions\/23652"}],"wp:featuredmedia":[{"embeddable":true,"href":"https:\/\/blogs.correiobraziliense.com.br\/capital-sa\/wp-json\/wp\/v2\/media\/23653"}],"wp:attachment":[{"href":"https:\/\/blogs.correiobraziliense.com.br\/capital-sa\/wp-json\/wp\/v2\/media?parent=23645"}],"wp:term":[{"taxonomy":"category","embeddable":true,"href":"https:\/\/blogs.correiobraziliense.com.br\/capital-sa\/wp-json\/wp\/v2\/categories?post=23645"},{"taxonomy":"post_tag","embeddable":true,"href":"https:\/\/blogs.correiobraziliense.com.br\/capital-sa\/wp-json\/wp\/v2\/tags?post=23645"}],"curies":[{"name":"wp","href":"https:\/\/api.w.org\/{rel}","templated":true}]}}