{"id":23604,"date":"2026-08-26T18:20:01","date_gmt":"2026-08-26T21:20:01","guid":{"rendered":"https:\/\/blogs.correiobraziliense.com.br\/capital-sa\/?p=23604"},"modified":"2026-08-26T18:44:48","modified_gmt":"2026-08-26T21:44:48","slug":"delegacia-de-combate-a-corrupcao-apreende-carro-de-luxo-com-ex-secretario-de-economia-do-df","status":"publish","type":"post","link":"https:\/\/blogs.correiobraziliense.com.br\/capital-sa\/2026\/08\/26\/delegacia-de-combate-a-corrupcao-apreende-carro-de-luxo-com-ex-secretario-de-economia-do-df\/","title":{"rendered":"Delegacia de Combate \u00e0 Corrup\u00e7\u00e3o apreende carro de luxo com ex-secret\u00e1rio de Economia do DF"},"content":{"rendered":"\n<p class=\"wp-block-paragraph\"><\/p>\n\n\n\n<p class=\"wp-block-paragraph\"><em>Opera\u00e7\u00e3o Black Tie apura den\u00fancias de crime contra a administra\u00e7\u00e3o p\u00fablica relacionadas a Ney Ferraz<\/em><\/p>\n\n\n\n<p class=\"wp-block-paragraph\"><strong>Por SAMANTA SALLUM<\/strong><\/p>\n\n\n\n<p class=\"wp-block-paragraph\"><\/p>\n\n\n\n<p class=\"wp-block-paragraph\"><br>Um Chevrolet Corvette, ve\u00edculo superesportivo norte-americano, dispon\u00edvel no Brasil somente via importa\u00e7\u00e3o independente, estava sendo usado h\u00e1 meses pelo ex-secret\u00e1rio de Economia do Distrito Federal, Ney Ferraz. O carro foi apreendido pelo Departamento de Combate \u00e0 Corrup\u00e7\u00e3o e ao Crime Organizado (DECOR) da Pol\u00edcia Civil, em 18 de agosto.<\/p>\n\n\n\n<p class=\"wp-block-paragraph\">Foi apurado que o carro est\u00e1 em nome um empres\u00e1rio de Bras\u00edlia que tem contrato como fornecedor do GDF. Est\u00e1 sendo investigada a rela\u00e7\u00e3o do empres\u00e1rio com o ex-secret\u00e1rio. Os pre\u00e7os do Corvette zero variam entre R$ 1 milh\u00e3o e R$ 1,5 milh\u00e3o.<\/p>\n\n\n<div class=\"wp-block-image\">\n<figure class=\"aligncenter size-medium\"><img loading=\"lazy\" decoding=\"async\" width=\"261\" height=\"300\" src=\"https:\/\/blogs.correiobraziliense.com.br\/capital-sa\/wp-content\/uploads\/sites\/59\/2026\/08\/fba92042-ee11-4bb6-98f1-6c6c94811d70-261x300.jpeg\" alt=\"\" class=\"wp-image-23605\" srcset=\"https:\/\/blogs.correiobraziliense.com.br\/capital-sa\/wp-content\/uploads\/sites\/59\/2026\/08\/fba92042-ee11-4bb6-98f1-6c6c94811d70-261x300.jpeg 261w, https:\/\/blogs.correiobraziliense.com.br\/capital-sa\/wp-content\/uploads\/sites\/59\/2026\/08\/fba92042-ee11-4bb6-98f1-6c6c94811d70-550x633.jpeg 550w, https:\/\/blogs.correiobraziliense.com.br\/capital-sa\/wp-content\/uploads\/sites\/59\/2026\/08\/fba92042-ee11-4bb6-98f1-6c6c94811d70-230x265.jpeg 230w, https:\/\/blogs.correiobraziliense.com.br\/capital-sa\/wp-content\/uploads\/sites\/59\/2026\/08\/fba92042-ee11-4bb6-98f1-6c6c94811d70.jpeg 728w\" sizes=\"auto, (max-width: 261px) 100vw, 261px\" \/><\/figure>\n<\/div>\n\n\n<p class=\"wp-block-paragraph\"><br>A recente apreens\u00e3o faz parte da opera\u00e7\u00e3o Black Tie, deflagrada pela Pol\u00edcia Civil e pelo Minist\u00e9rio P\u00fablico do Distrito Federal, no in\u00edcio de junho, sobre suspeitos de crimes contra a administra\u00e7\u00e3o p\u00fablica.<\/p>\n\n\n\n<p class=\"wp-block-paragraph\">Investigadores avaliam que pode haver ind\u00edcio de triangula\u00e7\u00e3o no uso do ve\u00edculo. Est\u00e1 sendo apurado em que circunst\u00e2ncias o Corvette foi parar com o ex-secret\u00e1rio.<br>H\u00e1 suspeita de que Ney Ferraz sugeria e solicitava certos mimos a empres\u00e1rios com contratos com o GDF.<\/p>\n\n\n\n<p class=\"wp-block-paragraph\"><strong>R$ 50 mil por ternos sem nota fiscal<\/strong><\/p>\n\n\n<div class=\"wp-block-image\">\n<figure class=\"aligncenter size-medium\"><img loading=\"lazy\" decoding=\"async\" width=\"269\" height=\"300\" src=\"https:\/\/blogs.correiobraziliense.com.br\/capital-sa\/wp-content\/uploads\/sites\/59\/2026\/08\/37c10944-79fa-47d0-9f39-256aa7576301-269x300.jpeg\" alt=\"\" class=\"wp-image-23606\" srcset=\"https:\/\/blogs.correiobraziliense.com.br\/capital-sa\/wp-content\/uploads\/sites\/59\/2026\/08\/37c10944-79fa-47d0-9f39-256aa7576301-269x300.jpeg 269w, https:\/\/blogs.correiobraziliense.com.br\/capital-sa\/wp-content\/uploads\/sites\/59\/2026\/08\/37c10944-79fa-47d0-9f39-256aa7576301-919x1024.jpeg 919w, https:\/\/blogs.correiobraziliense.com.br\/capital-sa\/wp-content\/uploads\/sites\/59\/2026\/08\/37c10944-79fa-47d0-9f39-256aa7576301-768x856.jpeg 768w, https:\/\/blogs.correiobraziliense.com.br\/capital-sa\/wp-content\/uploads\/sites\/59\/2026\/08\/37c10944-79fa-47d0-9f39-256aa7576301-800x892.jpeg 800w, https:\/\/blogs.correiobraziliense.com.br\/capital-sa\/wp-content\/uploads\/sites\/59\/2026\/08\/37c10944-79fa-47d0-9f39-256aa7576301-550x613.jpeg 550w, https:\/\/blogs.correiobraziliense.com.br\/capital-sa\/wp-content\/uploads\/sites\/59\/2026\/08\/37c10944-79fa-47d0-9f39-256aa7576301-230x256.jpeg 230w, https:\/\/blogs.correiobraziliense.com.br\/capital-sa\/wp-content\/uploads\/sites\/59\/2026\/08\/37c10944-79fa-47d0-9f39-256aa7576301.jpeg 1150w\" sizes=\"auto, (max-width: 269px) 100vw, 269px\" \/><\/figure>\n<\/div>\n\n\n<p class=\"wp-block-paragraph\"><br>Ney Ferraz, ex-secret\u00e1rio de Economia do governo Ibaneis Rocha, chamou aten\u00e7\u00e3o tamb\u00e9m por, no exerc\u00edcio do cargo, em janeiro de 2025, ter comprado em loja de roupas masculinas, no Iguatemi Shopping, tr\u00eas ternos Hermenegildo Zegna, por R$ 50 mil, pagando em dinheiro vivo.<\/p>\n\n\n\n<p class=\"wp-block-paragraph\"><br>\u2028N\u00e3o apresentou CPF e n\u00e3o pediu nota fiscal. Como a loja n\u00e3o\u00a0emite nota em valor acima de R$ 10 mil sem o CPF do cliente, o\u00a0vendedor, para n\u00e3o perder o neg\u00f3cio, usou os dados da pr\u00f3pria esposa. O pagamento foi realizado em cinco bolinhos de R$ 10 mil em notas de R$ 100, que o ent\u00e3o secret\u00e1rio buscou no carro na companhia do vendedor.<\/p>\n\n\n\n<p class=\"wp-block-paragraph\"><strong>Carro cobi\u00e7ado por jogadores de futebol<\/strong><\/p>\n\n\n\n<p class=\"wp-block-paragraph\">O Corvette ganhou mais holofotes ainda com o atacante Hulk, do Atl\u00e9tico, que exibiu nas redes sociais imagens ao lado do seu Chevrolet Corvette ZR1 e com uma chamativa bolsa da grife Louis Vuitton, avaliada em cerca de R$ 60 mil, a tiracolo.<br>Custando a partir de US$ 195 mil (equivalente a mais de R$ 1 milh\u00e3o em convers\u00e3o direta) nos Estados Unidos, o Chevrolet Corvette ZR1 convers\u00edvel pode custar mais de R$ 2 milh\u00f5es no Brasil, dependendo do ano e da vers\u00e3o, uma vez que chega ao pa\u00eds somente por importa\u00e7\u00e3o independente, o que eleva consideravelmente o pre\u00e7o final com o acr\u00e9scimo de taxas de importa\u00e7\u00e3o e transporte.<\/p>\n\n\n\n<p class=\"wp-block-paragraph\"><strong>Acompanhe a Capital S\/A na TV Bras\u00edlia \u00e0s ter\u00e7as e \u00e0s quintas-feiras, 18h30, no JL ao vivo<\/strong><\/p>\n\n\n\n<p class=\"wp-block-paragraph\"><\/p>\n\n\n\n<figure class=\"wp-block-embed is-type-video is-provider-youtube wp-block-embed-youtube wp-embed-aspect-16-9 wp-has-aspect-ratio\"><div class=\"wp-block-embed__wrapper\">\n<iframe loading=\"lazy\" title=\"MAIS DE 60% DOS BARES E RESTAURANTES N\u00c3O EST\u00c3O PREPARADOS PARA A REFORMA TRIBUT\u00c1RIA\" width=\"1440\" height=\"810\" src=\"https:\/\/www.youtube.com\/embed\/xsuJWkCC6bU?feature=oembed\" frameborder=\"0\" allow=\"accelerometer; autoplay; clipboard-write; encrypted-media; gyroscope; picture-in-picture; web-share\" referrerpolicy=\"strict-origin-when-cross-origin\" allowfullscreen><\/iframe>\n<\/div><\/figure>\n","protected":false},"excerpt":{"rendered":"<p>Opera\u00e7\u00e3o Black Tie apura den\u00fancias de crime contra a administra\u00e7\u00e3o p\u00fablica relacionadas a Ney Ferraz Por SAMANTA SALLUM Um Chevrolet Corvette, ve\u00edculo superesportivo norte-americano, dispon\u00edvel no Brasil somente via importa\u00e7\u00e3o independente, estava sendo usado h\u00e1 meses pelo ex-secret\u00e1rio de Economia do Distrito Federal, Ney Ferraz. O carro foi apreendido pelo Departamento de Combate \u00e0 Corrup\u00e7\u00e3o e ao Crime Organizado (DECOR) [&hellip;]<\/p>\n","protected":false},"author":125,"featured_media":23612,"comment_status":"open","ping_status":"open","sticky":false,"template":"","format":"standard","meta":{"footnotes":""},"categories":[6],"tags":[],"class_list":["post-23604","post","type-post","status-publish","format-standard","has-post-thumbnail","hentry","category-coluna-capital-s-a"],"_links":{"self":[{"href":"https:\/\/blogs.correiobraziliense.com.br\/capital-sa\/wp-json\/wp\/v2\/posts\/23604","targetHints":{"allow":["GET"]}}],"collection":[{"href":"https:\/\/blogs.correiobraziliense.com.br\/capital-sa\/wp-json\/wp\/v2\/posts"}],"about":[{"href":"https:\/\/blogs.correiobraziliense.com.br\/capital-sa\/wp-json\/wp\/v2\/types\/post"}],"author":[{"embeddable":true,"href":"https:\/\/blogs.correiobraziliense.com.br\/capital-sa\/wp-json\/wp\/v2\/users\/125"}],"replies":[{"embeddable":true,"href":"https:\/\/blogs.correiobraziliense.com.br\/capital-sa\/wp-json\/wp\/v2\/comments?post=23604"}],"version-history":[{"count":9,"href":"https:\/\/blogs.correiobraziliense.com.br\/capital-sa\/wp-json\/wp\/v2\/posts\/23604\/revisions"}],"predecessor-version":[{"id":23622,"href":"https:\/\/blogs.correiobraziliense.com.br\/capital-sa\/wp-json\/wp\/v2\/posts\/23604\/revisions\/23622"}],"wp:featuredmedia":[{"embeddable":true,"href":"https:\/\/blogs.correiobraziliense.com.br\/capital-sa\/wp-json\/wp\/v2\/media\/23612"}],"wp:attachment":[{"href":"https:\/\/blogs.correiobraziliense.com.br\/capital-sa\/wp-json\/wp\/v2\/media?parent=23604"}],"wp:term":[{"taxonomy":"category","embeddable":true,"href":"https:\/\/blogs.correiobraziliense.com.br\/capital-sa\/wp-json\/wp\/v2\/categories?post=23604"},{"taxonomy":"post_tag","embeddable":true,"href":"https:\/\/blogs.correiobraziliense.com.br\/capital-sa\/wp-json\/wp\/v2\/tags?post=23604"}],"curies":[{"name":"wp","href":"https:\/\/api.w.org\/{rel}","templated":true}]}}