{"id":23489,"date":"2026-08-10T15:52:38","date_gmt":"2026-08-10T18:52:38","guid":{"rendered":"https:\/\/blogs.correiobraziliense.com.br\/capital-sa\/?p=23489"},"modified":"2026-08-27T16:07:30","modified_gmt":"2026-08-27T19:07:30","slug":"el-nino-pode-arrastar-r-2-4-bilhoes-do-setor-atacadista-no-brasil","status":"publish","type":"post","link":"https:\/\/blogs.correiobraziliense.com.br\/capital-sa\/2026\/08\/10\/el-nino-pode-arrastar-r-2-4-bilhoes-do-setor-atacadista-no-brasil\/","title":{"rendered":"El Ni\u00f1o pode arrastar R$ 2.4 bilh\u00f5es do setor atacadista no Brasil"},"content":{"rendered":"\n<p class=\"wp-block-paragraph\"><em>Impactos incluem redu\u00e7\u00e3o na produ\u00e7\u00e3o agropecu\u00e1ria, aumento de custo de energia el\u00e9trica, dificuldades de escoamento log\u00edstico de produtos, e ruptura no fornecimento nos casos mais graves<\/em><\/p>\n\n\n\n<p class=\"wp-block-paragraph\"><strong>Por SAMANTA SALLUM<\/strong><\/p>\n\n\n\n<p class=\"wp-block-paragraph\">Os impactos mercadol\u00f3gicos e financeiros que ser\u00e3o causados pelo fen\u00f4meno clim\u00e1tico El Ni\u00f1o colocou em alerta o setor atacadista no Brasil. Em uma cadeia que representa algo em torno de R$ 616 bilh\u00f5es em faturamento, o segmento de distribui\u00e7\u00e3o pode sofrer com impacto na ordem de mais de R$ 2,4 bilh\u00f5es em valor. A proje\u00e7\u00e3o \u00e9 de queda na margem de lucro entre 2% e 8% , uma vez que, seja in natura, seja na condi\u00e7\u00e3o de produto processado, tudo o que \u00e9 comercializado para alimenta\u00e7\u00e3o, e em boa parte na composi\u00e7\u00e3o de produtos de vestu\u00e1rio, higiene e mesmo de constru\u00e7\u00e3o\/decora\u00e7\u00e3o, vem da agropecu\u00e1ria.<\/p>\n\n\n\n<p class=\"wp-block-paragraph\"><strong>Custo de energia e dificuldade log\u00edstica<\/strong><\/p>\n\n\n<div class=\"wp-block-image\">\n<figure class=\"aligncenter is-resized\"><img loading=\"lazy\" decoding=\"async\" width=\"300\" height=\"200\" src=\"https:\/\/blogs.correiobraziliense.com.br\/capital-sa\/wp-content\/uploads\/sites\/59\/2026\/08\/logistica-300x200.jpeg\" alt=\"\" class=\"wp-image-23494\" style=\"aspect-ratio:1.5;width:300px;height:auto\" srcset=\"https:\/\/blogs.correiobraziliense.com.br\/capital-sa\/wp-content\/uploads\/sites\/59\/2026\/08\/logistica-300x200.jpeg 300w, https:\/\/blogs.correiobraziliense.com.br\/capital-sa\/wp-content\/uploads\/sites\/59\/2026\/08\/logistica-768x512.jpeg 768w, https:\/\/blogs.correiobraziliense.com.br\/capital-sa\/wp-content\/uploads\/sites\/59\/2026\/08\/logistica-800x534.jpeg 800w, https:\/\/blogs.correiobraziliense.com.br\/capital-sa\/wp-content\/uploads\/sites\/59\/2026\/08\/logistica-550x367.jpeg 550w, https:\/\/blogs.correiobraziliense.com.br\/capital-sa\/wp-content\/uploads\/sites\/59\/2026\/08\/logistica-230x153.jpeg 230w, https:\/\/blogs.correiobraziliense.com.br\/capital-sa\/wp-content\/uploads\/sites\/59\/2026\/08\/logistica.jpeg 1000w\" sizes=\"auto, (max-width: 300px) 100vw, 300px\" \/><\/figure>\n<\/div>\n\n\n<p class=\"wp-block-paragraph\"><\/p>\n\n\n\n<p class=\"wp-block-paragraph\">A an\u00e1lise do Innovation Capital Bank mostra que os impactos ser\u00e3o diversos, incluindo redu\u00e7\u00e3o na produ\u00e7\u00e3o agropecu\u00e1ria, aumento de custo de energia el\u00e9trica, dificuldades de escoamento log\u00edstico de produtos, e ruptura no fornecimento nos casos mais graves (trigo, por exemplo).<\/p>\n\n\n\n<p class=\"wp-block-paragraph\"><strong>Infla\u00e7\u00e3o<\/strong><\/p>\n\n\n\n<p class=\"wp-block-paragraph\">Como consequ\u00eancia indireta, haver\u00e1 o repasse para o consumidor, com potencial aumento da infla\u00e7\u00e3o de g\u00eaneros b\u00e1sicos a partir do final de 2026 (possivelmente algo em torno de 0,25 a 0,4 pontos percentuais adicionais no IPCA de 2026).<\/p>\n\n\n\n<p class=\"wp-block-paragraph\"><strong>Monitoramento<\/strong><\/p>\n\n\n<div class=\"wp-block-image\">\n<figure class=\"aligncenter is-resized\"><img loading=\"lazy\" decoding=\"async\" width=\"300\" height=\"227\" src=\"https:\/\/blogs.correiobraziliense.com.br\/capital-sa\/wp-content\/uploads\/sites\/59\/2026\/08\/presidente-da-ABAD-300x227.jpeg\" alt=\"\" class=\"wp-image-23492\" style=\"aspect-ratio:1.3215859030837005;width:300px;height:auto\" srcset=\"https:\/\/blogs.correiobraziliense.com.br\/capital-sa\/wp-content\/uploads\/sites\/59\/2026\/08\/presidente-da-ABAD-300x227.jpeg 300w, https:\/\/blogs.correiobraziliense.com.br\/capital-sa\/wp-content\/uploads\/sites\/59\/2026\/08\/presidente-da-ABAD-550x416.jpeg 550w, https:\/\/blogs.correiobraziliense.com.br\/capital-sa\/wp-content\/uploads\/sites\/59\/2026\/08\/presidente-da-ABAD-230x174.jpeg 230w, https:\/\/blogs.correiobraziliense.com.br\/capital-sa\/wp-content\/uploads\/sites\/59\/2026\/08\/presidente-da-ABAD.jpeg 589w\" sizes=\"auto, (max-width: 300px) 100vw, 300px\" \/><\/figure>\n<\/div>\n\n\n<p class=\"wp-block-paragraph\"><\/p>\n\n\n\n<p class=\"wp-block-paragraph\">\u201cO setor atacadista distribuidor est\u00e1 acompanhando com muita aten\u00e7\u00e3o as proje\u00e7\u00f5es para o El Ni\u00f1o. Quando falamos desse fen\u00f4meno, n\u00e3o estamos falando apenas da produ\u00e7\u00e3o agr\u00edcola, mas de toda a cadeia de abastecimento, que envolve log\u00edstica, transporte, armazenagem e disponibilidade de produtos. O maior desafio ser\u00e1 garantir que alimentos e demais itens essenciais continuem chegando ao varejo e ao consumidor, mesmo diante de um cen\u00e1rio clim\u00e1tico mais adverso\u201d, afirmou o presidente da Associa\u00e7\u00e3o Brasileira de Atacadistas e Distribuidores (ABAD), Leonardo Miguel Severini.<\/p>\n\n\n\n<p class=\"wp-block-paragraph\">Os dados apresentados pelo relat\u00f3rio do INC BANK ao setor atacadista alertam para provid\u00eancias com objetivo de minimizar preju\u00edzos. N\u00e3o h\u00e1 como evitar o fen\u00f4meno clim\u00e1tico, apenas se planejar para super\u00e1-lo. Entre as orienta\u00e7\u00f5es, abastecimento pr\u00e9vio, acordos comerciais e log\u00edsticos, incremento das marcas pr\u00f3prias, otimiza\u00e7\u00e3o do uso de energia el\u00e9trica, e refor\u00e7o de caixa para conten\u00e7\u00e3o das redu\u00e7\u00f5es de receita.<\/p>\n\n\n\n<p class=\"wp-block-paragraph\">O presidente da ABAD aponta que o Brasil possui uma cadeia de distribui\u00e7\u00e3o robusta e preparada para responder a situa\u00e7\u00f5es de crise, mas antecipa\u00e7\u00e3o ser\u00e1 fundamental. \u201cQuanto mais cedo empresas, produtores e fornecedores planejarem estoques, rotas log\u00edsticas e alternativas de abastecimento, menores ser\u00e3o os impactos sobre o mercado e sobre a popula\u00e7\u00e3o\u201d, refor\u00e7ou.<\/p>\n\n\n\n<p class=\"wp-block-paragraph\"><strong>Acompanhe a Capital S\/A na TV Bras\u00edlia \u00e0s ter\u00e7as e \u00e0s quintas-feiras, 18h30, no JL ao vivo<\/strong><\/p>\n\n\n\n<figure class=\"wp-block-embed is-type-video is-provider-youtube wp-block-embed-youtube wp-embed-aspect-16-9 wp-has-aspect-ratio\"><div class=\"wp-block-embed__wrapper\">\n<iframe loading=\"lazy\" title=\"CRESCE PELO 6\u00ba M\u00caS O N\u00daMERO DE FAM\u00cdLIAS ENDIVIDADAS NO PA\u00cdS\" width=\"1440\" height=\"810\" src=\"https:\/\/www.youtube.com\/embed\/JRuRQIvAcRU?feature=oembed\" frameborder=\"0\" allow=\"accelerometer; autoplay; clipboard-write; encrypted-media; gyroscope; picture-in-picture; web-share\" referrerpolicy=\"strict-origin-when-cross-origin\" allowfullscreen><\/iframe>\n<\/div><\/figure>\n","protected":false},"excerpt":{"rendered":"<p>Impactos incluem redu\u00e7\u00e3o na produ\u00e7\u00e3o agropecu\u00e1ria, aumento de custo de energia el\u00e9trica, dificuldades de escoamento log\u00edstico de produtos, e ruptura no fornecimento nos casos mais graves Por SAMANTA SALLUM Os impactos mercadol\u00f3gicos e financeiros que ser\u00e3o causados pelo fen\u00f4meno clim\u00e1tico El Ni\u00f1o colocou em alerta o setor atacadista no Brasil. Em uma cadeia que representa algo em torno de R$ [&hellip;]<\/p>\n","protected":false},"author":125,"featured_media":23487,"comment_status":"open","ping_status":"open","sticky":false,"template":"","format":"standard","meta":{"footnotes":""},"categories":[6],"tags":[],"class_list":["post-23489","post","type-post","status-publish","format-standard","has-post-thumbnail","hentry","category-coluna-capital-s-a"],"_links":{"self":[{"href":"https:\/\/blogs.correiobraziliense.com.br\/capital-sa\/wp-json\/wp\/v2\/posts\/23489","targetHints":{"allow":["GET"]}}],"collection":[{"href":"https:\/\/blogs.correiobraziliense.com.br\/capital-sa\/wp-json\/wp\/v2\/posts"}],"about":[{"href":"https:\/\/blogs.correiobraziliense.com.br\/capital-sa\/wp-json\/wp\/v2\/types\/post"}],"author":[{"embeddable":true,"href":"https:\/\/blogs.correiobraziliense.com.br\/capital-sa\/wp-json\/wp\/v2\/users\/125"}],"replies":[{"embeddable":true,"href":"https:\/\/blogs.correiobraziliense.com.br\/capital-sa\/wp-json\/wp\/v2\/comments?post=23489"}],"version-history":[{"count":7,"href":"https:\/\/blogs.correiobraziliense.com.br\/capital-sa\/wp-json\/wp\/v2\/posts\/23489\/revisions"}],"predecessor-version":[{"id":23636,"href":"https:\/\/blogs.correiobraziliense.com.br\/capital-sa\/wp-json\/wp\/v2\/posts\/23489\/revisions\/23636"}],"wp:attachment":[{"href":"https:\/\/blogs.correiobraziliense.com.br\/capital-sa\/wp-json\/wp\/v2\/media?parent=23489"}],"wp:term":[{"taxonomy":"category","embeddable":true,"href":"https:\/\/blogs.correiobraziliense.com.br\/capital-sa\/wp-json\/wp\/v2\/categories?post=23489"},{"taxonomy":"post_tag","embeddable":true,"href":"https:\/\/blogs.correiobraziliense.com.br\/capital-sa\/wp-json\/wp\/v2\/tags?post=23489"}],"curies":[{"name":"wp","href":"https:\/\/api.w.org\/{rel}","templated":true}]}}