{"id":23483,"date":"2026-08-10T10:10:21","date_gmt":"2026-08-10T13:10:21","guid":{"rendered":"https:\/\/blogs.correiobraziliense.com.br\/capital-sa\/?p=23483"},"modified":"2026-08-10T16:09:12","modified_gmt":"2026-08-10T19:09:12","slug":"adversarios-de-celina-cobram-que-seja-aberta-a-caixa-preta-do-brb-em-debate-de-candidatos-ao-gdf","status":"publish","type":"post","link":"https:\/\/blogs.correiobraziliense.com.br\/capital-sa\/2026\/08\/10\/adversarios-de-celina-cobram-que-seja-aberta-a-caixa-preta-do-brb-em-debate-de-candidatos-ao-gdf\/","title":{"rendered":"Advers\u00e1rios de Celina cobram que seja aberta a  \u201ccaixa preta\u201d do BRB, em debate de candidatos ao GDF"},"content":{"rendered":"<p><em>Banco est\u00e1 h\u00e1 um ano sem publicar demonstra\u00e7\u00f5es financeiras oficiais<\/em><\/p>\n<p><strong>Por SAMANTA SALLUM<\/strong><\/p>\n<p>A crise do Banco Regional de Bras\u00edlia (BRB) foi um dos temas centrais do debate entre os candidatos ao Governo do Distrito Federal, na noite de domingo (09\/08). Os candidatos de oposi\u00e7\u00e3o cobraram a divulga\u00e7\u00e3o do balan\u00e7o oficial do banco para que eles e a sociedade possam ter conhecimento da real situa\u00e7\u00e3o financeira da institui\u00e7\u00e3o.<\/p>\n<p>Jos\u00e9 Roberto Arruda (PSD), Ricardo Cappelli (PSB), Leandro Grass (PT), Paula Belmonte (PSDB) e Kiko Caputo (NOVO) questionaram as informa\u00e7\u00f5es parciais que v\u00eam sendo divulgadas nos \u00faltimos meses pelo BRB e pelo GDF sobre as condi\u00e7\u00f5es do banco. E pressionaram Celina Le\u00e3o a abrir a caixa-preta do BRB durante o debate promovido pela Band TV.<\/p>\n<p>O \u00faltimo balan\u00e7o divulgado foi no 2\u00ba trimestre de 2025, quando o banco registrou lucro no primeiro semestre. Desde ent\u00e3o, os prazos obrigat\u00f3rios de transpar\u00eancia n\u00e3o foram cumprido. O esc\u00e2ndalo das opera\u00e7\u00f5es fraudulentas com o banco Master veio a tona no in\u00edcio de novembro de 2025 e o ex-presidente do BRB, Paulo Henrique Costa foi preso em abril deste ano.<\/p>\n<p>A governadora Celina Le\u00e3o reagiu \u00e0s cobran\u00e7as, dizendo os advers\u00e1rios se mostraram despreparados para enfrentar a crise do BRB. \u201cEles n\u00e3o sabem do que est\u00e3o falando. \u00c9 l\u00f3gico que o balan\u00e7o s\u00f3 pode ser divulgado depois do empr\u00e9stimo\u201d, declarou ap\u00f3s o debate.<\/p>\n<p>A governadora frisou que assumiu o mandato h\u00e1 quatro meses e que tem se empenhado na resolu\u00e7\u00e3o da crise. Destacou as medidas de equil\u00edbrio fiscal do GDF apontando pegou o governo com R$ 5 bilh\u00f5es de d\u00e9ficit. E, que a previs\u00e3o, com cortes de gastos, \u00e9 fechar o ano com super\u00e1vit de R$ 3 bilh\u00f5es. Os n\u00fameros foram tamb\u00e9m questionados pelos candidatos advers\u00e1rios.<\/p>\n<p>O processo de empr\u00e9stimo de R$ 6,6 bilh\u00f5es para capitalizar o BRB est\u00e1 travado, n\u00e3o andou como se esperava depois do acordo judicial, no Supremo Tribunal Federal, em maio, com o Minist\u00e9rio da Fazenda. A dire\u00e7\u00e3o do banco s\u00f3 quer divulgar o balan\u00e7o depois do aporte financeiro para poder comprovar a solidez financeira.<\/p>\n<p><strong>Perda de clientes\u00a0<\/strong><\/p>\n<p>Dados do Banco Central apontam que o BRB perdeu cerca de 791,9 mil clientes (uma queda de 8,1%) entre o fim de 2025 e meados de 2026, reduzindo a base de v\u00ednculos de 9,8 milh\u00f5es para pouco mais de 9 milh\u00f5es.<\/p>\n<p>O GDF tem esperan\u00e7a, agora, de que a audi\u00eancia com o ministro Fux, na pr\u00f3xima quinta-feira, fa\u00e7a o processo andar de novo. J\u00e1 que o Fundo Garantidor de Cr\u00e9ditos (FGC) n\u00e3o se mostra receptivo \u00e0 opera\u00e7\u00e3o de empr\u00e9stimo.<\/p>\n<p><strong>Acompanhe a Capital S\/A na TV Bras\u00edlia \u00e0s ter\u00e7as e \u00e0s quintas-feiras, 18h30, no JL ao vivo<\/strong><\/p>\n<p><iframe loading=\"lazy\" title=\"CRESCE PELO 6\u00ba M\u00caS O N\u00daMERO DE FAM\u00cdLIAS ENDIVIDADAS NO PA\u00cdS\" width=\"1440\" height=\"810\" src=\"https:\/\/www.youtube.com\/embed\/JRuRQIvAcRU?feature=oembed\" frameborder=\"0\" allow=\"accelerometer; autoplay; clipboard-write; encrypted-media; gyroscope; picture-in-picture; web-share\" referrerpolicy=\"strict-origin-when-cross-origin\" allowfullscreen><\/iframe><\/p>\n","protected":false},"excerpt":{"rendered":"<p>Banco est\u00e1 h\u00e1 um ano sem publicar demonstra\u00e7\u00f5es financeiras oficiais Por SAMANTA SALLUM A crise do Banco Regional de Bras\u00edlia (BRB) foi um dos temas centrais do debate entre os candidatos ao Governo do Distrito Federal, na noite de domingo (09\/08). Os candidatos de oposi\u00e7\u00e3o cobraram a divulga\u00e7\u00e3o do balan\u00e7o oficial do banco para que eles e a sociedade possam [&hellip;]<\/p>\n","protected":false},"author":125,"featured_media":23481,"comment_status":"open","ping_status":"open","sticky":false,"template":"","format":"standard","meta":{"footnotes":""},"categories":[6],"tags":[],"class_list":["post-23483","post","type-post","status-publish","format-standard","has-post-thumbnail","hentry","category-coluna-capital-s-a"],"_links":{"self":[{"href":"https:\/\/blogs.correiobraziliense.com.br\/capital-sa\/wp-json\/wp\/v2\/posts\/23483","targetHints":{"allow":["GET"]}}],"collection":[{"href":"https:\/\/blogs.correiobraziliense.com.br\/capital-sa\/wp-json\/wp\/v2\/posts"}],"about":[{"href":"https:\/\/blogs.correiobraziliense.com.br\/capital-sa\/wp-json\/wp\/v2\/types\/post"}],"author":[{"embeddable":true,"href":"https:\/\/blogs.correiobraziliense.com.br\/capital-sa\/wp-json\/wp\/v2\/users\/125"}],"replies":[{"embeddable":true,"href":"https:\/\/blogs.correiobraziliense.com.br\/capital-sa\/wp-json\/wp\/v2\/comments?post=23483"}],"version-history":[{"count":7,"href":"https:\/\/blogs.correiobraziliense.com.br\/capital-sa\/wp-json\/wp\/v2\/posts\/23483\/revisions"}],"predecessor-version":[{"id":23501,"href":"https:\/\/blogs.correiobraziliense.com.br\/capital-sa\/wp-json\/wp\/v2\/posts\/23483\/revisions\/23501"}],"wp:attachment":[{"href":"https:\/\/blogs.correiobraziliense.com.br\/capital-sa\/wp-json\/wp\/v2\/media?parent=23483"}],"wp:term":[{"taxonomy":"category","embeddable":true,"href":"https:\/\/blogs.correiobraziliense.com.br\/capital-sa\/wp-json\/wp\/v2\/categories?post=23483"},{"taxonomy":"post_tag","embeddable":true,"href":"https:\/\/blogs.correiobraziliense.com.br\/capital-sa\/wp-json\/wp\/v2\/tags?post=23483"}],"curies":[{"name":"wp","href":"https:\/\/api.w.org\/{rel}","templated":true}]}}