{"id":23476,"date":"2026-08-07T13:52:33","date_gmt":"2026-08-07T16:52:33","guid":{"rendered":"https:\/\/blogs.correiobraziliense.com.br\/capital-sa\/?p=23476"},"modified":"2026-08-27T16:08:59","modified_gmt":"2026-08-27T19:08:59","slug":"programa-desenrola-ainda-nao-consegue-frear-endividamento-dos-brasileiros","status":"publish","type":"post","link":"https:\/\/blogs.correiobraziliense.com.br\/capital-sa\/2026\/08\/07\/programa-desenrola-ainda-nao-consegue-frear-endividamento-dos-brasileiros\/","title":{"rendered":"Programa Desenrola ainda n\u00e3o consegue frear endividamento dos brasileiros"},"content":{"rendered":"\n<p class=\"wp-block-paragraph\"><em>Cresce pelo 6\u00ba m\u00eas consecutivo o n\u00famero de fam\u00edlias com o problema no pa\u00eds. Nem a redu\u00e7\u00e3o pelo Banco Central da taxa de juros foi considerada suficiente para tirar do sufoco quem tem d\u00edvidas<\/em><\/p>\n\n\n\n<p class=\"wp-block-paragraph\"><strong>Por SAMANTA SALLUM<\/strong><\/p>\n\n\n\n<p class=\"wp-block-paragraph\">O m\u00eas de julho registrou pelo sexto m\u00eas consecutivo o maior patamar de endividamento das fam\u00edlias brasileiras da s\u00e9rie hist\u00f3rica. Com tr\u00eas meses do Desenrola 2.0, programa do governo federal para ajudar a renegociar as d\u00edvidas, a inadimpl\u00eancia geral at\u00e9 recuou. Mas n\u00e3o conseguiu frear o aumento da fatia de consumidores endividados. E tamb\u00e9m cresceu a popula\u00e7\u00e3o com mais da metade da renda comprometida.<\/p>\n\n\n\n<p class=\"wp-block-paragraph\">O percentual de fam\u00edlias brasileiras com d\u00edvidas a vencer alcan\u00e7ou 82% em julho. Os dados s\u00e3o da Pesquisa da Confedera\u00e7\u00e3o Nacional do Com\u00e9rcio.<\/p>\n\n\n\n<p class=\"wp-block-paragraph\">O levantamento sinaliza um ponto preocupante: a press\u00e3o no or\u00e7amento dom\u00e9stico com o aumento da parcela de consumidores com alto comprometimento financeiro. Aumentou o n\u00famero de fam\u00edlias que t\u00eam mais de 50% dos seus rendimentos mensais comprometidos com o pagamento de d\u00edvidas. O problema atinge 19% dos endividados no pa\u00eds, atingindo o maior n\u00edvel desde mar\u00e7o deste ano.<\/p>\n\n\n\n<p class=\"wp-block-paragraph\"><strong>Redu\u00e7\u00e3o dos juros<\/strong><\/p>\n\n\n\n<p class=\"wp-block-paragraph\">O Banco Central reduziu, na quarta-feira, a taxa de juros em 0,25%, baixando a Selic para 14% ao ano. Mas essa queda n\u00e3o foi considerada suficiente para tirar do sufoco quem tem d\u00edvidas. Para o economista-chefe da CNC, Fabio Bentes, a redu\u00e7\u00e3o da Selic \u00e9 um passo importante para melhorar gradualmente as condi\u00e7\u00f5es de cr\u00e9dito, mas seus efeitos n\u00e3o ser\u00e3o imediatos.<\/p>\n\n\n\n<p class=\"wp-block-paragraph\">\u201cExiste uma defasagem entre a decis\u00e3o do Copom e a a\u00e7\u00e3o dos bancos na redu\u00e7\u00e3o desses juros, porque o banco percebe um risco de cr\u00e9dito ainda muito elevado, com uma inadimpl\u00eancia ainda muito alta. Ent\u00e3o, o x da quest\u00e3o \u00e9 o n\u00edvel dos juros b\u00e1sico, o n\u00edvel na ponta, \u00e9 o n\u00edvel da inadimpl\u00eancia. Todos muito elevados\u201d, avalia.<\/p>\n\n\n\n<p class=\"wp-block-paragraph\">Segundo o economista, \u00e9 \u201ct\u00edmida\u201d a queda da Selic de 15% para 14%, entre o in\u00edcio de 2026 e esse in\u00edcio de segundo semestre. \u201cEnquanto isso, a taxa de juros ao consumidor s\u00f3 fez subir, encostando em 64% ao ano, agora no m\u00eas de junho. Em algum momento o afrouxamento monet\u00e1rio vai chegar na ponta, ao consumidor, mas vai levar um tempo, n\u00e3o \u00e9 imediato\u201d, pontua.<\/p>\n\n\n\n<p class=\"wp-block-paragraph\"><strong>Acompanhe a Capital S\/A na TV Bras\u00edlia \u00e0s ter\u00e7as e \u00e0s quintas-feiras, 18h30, no JL ao vivo<\/strong><\/p>\n\n\n\n<figure class=\"wp-block-embed is-type-video is-provider-youtube wp-block-embed-youtube wp-embed-aspect-16-9 wp-has-aspect-ratio\"><div class=\"wp-block-embed__wrapper\">\n<iframe loading=\"lazy\" title=\"PROGRAMA DESENROLA AINDA N\u00c3O CONSEGUE FREAR ENDIVIDAMENTO DOS BRASILEIROS\" width=\"1440\" height=\"810\" src=\"https:\/\/www.youtube.com\/embed\/PKgfWZFi8E4?feature=oembed\" frameborder=\"0\" allow=\"accelerometer; autoplay; clipboard-write; encrypted-media; gyroscope; picture-in-picture; web-share\" referrerpolicy=\"strict-origin-when-cross-origin\" allowfullscreen><\/iframe>\n<\/div><\/figure>\n","protected":false},"excerpt":{"rendered":"<p>Cresce pelo 6\u00ba m\u00eas consecutivo o n\u00famero de fam\u00edlias com o problema no pa\u00eds. Nem a redu\u00e7\u00e3o pelo Banco Central da taxa de juros foi considerada suficiente para tirar do sufoco quem tem d\u00edvidas Por SAMANTA SALLUM O m\u00eas de julho registrou pelo sexto m\u00eas consecutivo o maior patamar de endividamento das fam\u00edlias brasileiras da s\u00e9rie hist\u00f3rica. Com tr\u00eas meses [&hellip;]<\/p>\n","protected":false},"author":125,"featured_media":23478,"comment_status":"open","ping_status":"open","sticky":false,"template":"","format":"standard","meta":{"footnotes":""},"categories":[6],"tags":[],"class_list":["post-23476","post","type-post","status-publish","format-standard","has-post-thumbnail","hentry","category-coluna-capital-s-a"],"_links":{"self":[{"href":"https:\/\/blogs.correiobraziliense.com.br\/capital-sa\/wp-json\/wp\/v2\/posts\/23476","targetHints":{"allow":["GET"]}}],"collection":[{"href":"https:\/\/blogs.correiobraziliense.com.br\/capital-sa\/wp-json\/wp\/v2\/posts"}],"about":[{"href":"https:\/\/blogs.correiobraziliense.com.br\/capital-sa\/wp-json\/wp\/v2\/types\/post"}],"author":[{"embeddable":true,"href":"https:\/\/blogs.correiobraziliense.com.br\/capital-sa\/wp-json\/wp\/v2\/users\/125"}],"replies":[{"embeddable":true,"href":"https:\/\/blogs.correiobraziliense.com.br\/capital-sa\/wp-json\/wp\/v2\/comments?post=23476"}],"version-history":[{"count":3,"href":"https:\/\/blogs.correiobraziliense.com.br\/capital-sa\/wp-json\/wp\/v2\/posts\/23476\/revisions"}],"predecessor-version":[{"id":23637,"href":"https:\/\/blogs.correiobraziliense.com.br\/capital-sa\/wp-json\/wp\/v2\/posts\/23476\/revisions\/23637"}],"wp:featuredmedia":[{"embeddable":true,"href":"https:\/\/blogs.correiobraziliense.com.br\/capital-sa\/wp-json\/wp\/v2\/media\/23478"}],"wp:attachment":[{"href":"https:\/\/blogs.correiobraziliense.com.br\/capital-sa\/wp-json\/wp\/v2\/media?parent=23476"}],"wp:term":[{"taxonomy":"category","embeddable":true,"href":"https:\/\/blogs.correiobraziliense.com.br\/capital-sa\/wp-json\/wp\/v2\/categories?post=23476"},{"taxonomy":"post_tag","embeddable":true,"href":"https:\/\/blogs.correiobraziliense.com.br\/capital-sa\/wp-json\/wp\/v2\/tags?post=23476"}],"curies":[{"name":"wp","href":"https:\/\/api.w.org\/{rel}","templated":true}]}}