{"id":23472,"date":"2026-08-07T08:54:01","date_gmt":"2026-08-07T11:54:01","guid":{"rendered":"https:\/\/blogs.correiobraziliense.com.br\/capital-sa\/?p=23472"},"modified":"2026-08-07T12:49:54","modified_gmt":"2026-08-07T15:49:54","slug":"com-entrave-politico-no-emprestimo-para-o-brb-governadora-faz-balanco-das-financas-do-df","status":"publish","type":"post","link":"https:\/\/blogs.correiobraziliense.com.br\/capital-sa\/2026\/08\/07\/com-entrave-politico-no-emprestimo-para-o-brb-governadora-faz-balanco-das-financas-do-df\/","title":{"rendered":"Com entrave pol\u00edtico no empr\u00e9stimo para o BRB, governadora faz balan\u00e7o das finan\u00e7as do  DF"},"content":{"rendered":"<p><strong>Por SAMANTA SALLUM<\/strong><\/p>\n<p>O processo de empr\u00e9stimo para capitalizar o BRB est\u00e1 travado, n\u00e3o andou como se esperava depois do acordo judicial, no STF, em maio, com o Minist\u00e9rio da Fazenda. A governadora Celina Le\u00e3o vai se pronunciar oficialmente, hoje, apresentando um balan\u00e7o dos quatro meses de gest\u00e3o, desde que assumiu o mandato no lugar de Ibaneis Rocha. Vai mostrar que est\u00e1 promovendo equil\u00edbrio fiscal no GDF e que j\u00e1 atendeu a todas as exig\u00eancias t\u00e9cnicas para que o governo esteja apto a contrair o empr\u00e9stimo de R$ 6,6 bilh\u00f5es para socorrer o BRB. Fonte ouvida pela coluna apontou que o entrave \u00e9 pol\u00edtico, neste momento em que a temperatura eleitoral est\u00e1 aumentando. E tamb\u00e9m haveria interesses econ\u00f4micos de institui\u00e7\u00f5es financeiras contrariados com a opera\u00e7\u00e3o salva-BRB.<\/p>\n<p><strong>Ajuda no STF<\/strong><br \/>\nO Distrito Federal sinaliza que alcan\u00e7ar\u00e1 Capacidade de Pagamento (Capag) ap\u00f3s o cumprimento do artigo 167-A da Constitui\u00e7\u00e3o Federal, que determina limites de gastos e mecanismos de ajuste fiscal. O GDF tem esperan\u00e7a, agora, de que a audi\u00eancia com o ministro Fux, na pr\u00f3xima quinta-feira, fa\u00e7a o processo andar de novo. J\u00e1 que o Fundo Garantidor de Cr\u00e9ditos (FGC) n\u00e3o se mostra receptivo \u00e0 opera\u00e7\u00e3o de empr\u00e9stimo.<\/p>\n<p><strong>Dep\u00f3sitos judiciais<\/strong><br \/>\nFux pediu uma sa\u00edda para a crise do BRB &#8220;o quanto antes&#8221;, porque h\u00e1 no banco p\u00fablico cerca de R$ 30 bilh\u00f5es em dep\u00f3sitos judiciais de cinco Tribunais de Justi\u00e7a estaduais \u2014 e uma eventual quebra poderia desmoralizar o Judici\u00e1rio.<\/p>\n<p><strong>Acompanhe a Capital S\/A na TV Bras\u00edlia \u00e0s ter\u00e7as e \u00e0s quintas-feiras, 18h30, no JL ao vivo<\/strong><\/p>\n","protected":false},"excerpt":{"rendered":"<p>Por SAMANTA SALLUM O processo de empr\u00e9stimo para capitalizar o BRB est\u00e1 travado, n\u00e3o andou como se esperava depois do acordo judicial, no STF, em maio, com o Minist\u00e9rio da Fazenda. A governadora Celina Le\u00e3o vai se pronunciar oficialmente, hoje, apresentando um balan\u00e7o dos quatro meses de gest\u00e3o, desde que assumiu o mandato no lugar de Ibaneis Rocha. Vai mostrar [&hellip;]<\/p>\n","protected":false},"author":125,"featured_media":23474,"comment_status":"open","ping_status":"open","sticky":false,"template":"","format":"standard","meta":{"footnotes":""},"categories":[6],"tags":[],"class_list":["post-23472","post","type-post","status-publish","format-standard","has-post-thumbnail","hentry","category-coluna-capital-s-a"],"_links":{"self":[{"href":"https:\/\/blogs.correiobraziliense.com.br\/capital-sa\/wp-json\/wp\/v2\/posts\/23472","targetHints":{"allow":["GET"]}}],"collection":[{"href":"https:\/\/blogs.correiobraziliense.com.br\/capital-sa\/wp-json\/wp\/v2\/posts"}],"about":[{"href":"https:\/\/blogs.correiobraziliense.com.br\/capital-sa\/wp-json\/wp\/v2\/types\/post"}],"author":[{"embeddable":true,"href":"https:\/\/blogs.correiobraziliense.com.br\/capital-sa\/wp-json\/wp\/v2\/users\/125"}],"replies":[{"embeddable":true,"href":"https:\/\/blogs.correiobraziliense.com.br\/capital-sa\/wp-json\/wp\/v2\/comments?post=23472"}],"version-history":[{"count":2,"href":"https:\/\/blogs.correiobraziliense.com.br\/capital-sa\/wp-json\/wp\/v2\/posts\/23472\/revisions"}],"predecessor-version":[{"id":23475,"href":"https:\/\/blogs.correiobraziliense.com.br\/capital-sa\/wp-json\/wp\/v2\/posts\/23472\/revisions\/23475"}],"wp:featuredmedia":[{"embeddable":true,"href":"https:\/\/blogs.correiobraziliense.com.br\/capital-sa\/wp-json\/wp\/v2\/media\/23474"}],"wp:attachment":[{"href":"https:\/\/blogs.correiobraziliense.com.br\/capital-sa\/wp-json\/wp\/v2\/media?parent=23472"}],"wp:term":[{"taxonomy":"category","embeddable":true,"href":"https:\/\/blogs.correiobraziliense.com.br\/capital-sa\/wp-json\/wp\/v2\/categories?post=23472"},{"taxonomy":"post_tag","embeddable":true,"href":"https:\/\/blogs.correiobraziliense.com.br\/capital-sa\/wp-json\/wp\/v2\/tags?post=23472"}],"curies":[{"name":"wp","href":"https:\/\/api.w.org\/{rel}","templated":true}]}}