{"id":23452,"date":"2026-07-27T09:48:25","date_gmt":"2026-07-27T12:48:25","guid":{"rendered":"https:\/\/blogs.correiobraziliense.com.br\/capital-sa\/?p=23452"},"modified":"2026-08-27T16:13:12","modified_gmt":"2026-08-27T19:13:12","slug":"fecomercio-entra-com-acao-judicial-para-derrubar-lei-dos-banheiros-no-df","status":"publish","type":"post","link":"https:\/\/blogs.correiobraziliense.com.br\/capital-sa\/2026\/07\/27\/fecomercio-entra-com-acao-judicial-para-derrubar-lei-dos-banheiros-no-df\/","title":{"rendered":"Fecom\u00e9rcio entra com a\u00e7\u00e3o judicial para derrubar lei dos banheiros no DF"},"content":{"rendered":"\n<p class=\"wp-block-paragraph\"><em>Representando 260 mil empresas no Distrito Federal, entidade afirma que \u00e9 ilegal norma aprovada pela C\u00e2mara Legislativa<\/em><\/p>\n\n\n\n<p class=\"wp-block-paragraph\"><strong>Por SAMANTA SALLUM<\/strong><\/p>\n\n\n\n<p class=\"wp-block-paragraph\">A Federa\u00e7\u00e3o do Com\u00e9rcio de Bens, Servi\u00e7os e Turismo do Distrito Federal ingressou com A\u00e7\u00e3o Direta de Inconstitucionalidade (ADI) no Tribunal de Justi\u00e7a do Distrito Federal contra a lei distrital, que obriga drogarias, padarias e demais estabelecimentos comerciais a oferecerem gratuitamente banheiros aos clientes e \u201cquaisquer outros usu\u00e1rios autorizados\u201d. Como medida cautelar, a entidade pede a suspens\u00e3o imediata da norma por invadir tema de compet\u00eancia da Uni\u00e3o. A entidade, que representa cerca de 260 mil CNPJs, alega que a lei cria um direito de acesso e uso gratuito de \u00e1reas privadas, inclusive por pessoas sem rela\u00e7\u00e3o de consumo com o estabelecimento. \u201cNa pr\u00e1tica, a lei cria uma nova modalidade de uso compuls\u00f3rio de propriedade privada, tema que invade a esfera do direito civil, de compet\u00eancia federal\u201d, frisa a a\u00e7\u00e3o. A lei questionada \u00e9 do deputado distrital Chico Vigilante (PT) e j\u00e1 foi sancionada pela governadora Celina Le\u00e3o (PP).<\/p>\n\n\n\n<p class=\"wp-block-paragraph\"><strong>Puni\u00e7\u00e3o desproporcional<\/strong><\/p>\n\n\n\n<p class=\"wp-block-paragraph\">A ADI questiona ainda a falta de clareza sobre quem responder\u00e1 por danos ou incidentes dentro do estabelecimento. Tamb\u00e9m considera desproporcional a possibilidade de suspens\u00e3o do alvar\u00e1 de funcionamento e destaca que a lei foi aprovada sem estudo pr\u00e9vio de impacto regulat\u00f3rio sobre o setor.<\/p>\n\n\n\n<p class=\"wp-block-paragraph\"><strong>Falta de prazo para adapta\u00e7\u00e3o<\/strong><\/p>\n\n\n\n<p class=\"wp-block-paragraph\">\u201cUma pequena drogaria, floricultura, \u00f3tica, entre outros tipos de com\u00e9rcio de bairro, n\u00e3o podem receber o mesmo tratamento de um shopping ou de uma grande rede. Sem prazo de adapta\u00e7\u00e3o, crit\u00e9rios t\u00e9cnicos e avalia\u00e7\u00e3o do impacto econ\u00f4mico, a obriga\u00e7\u00e3o atinge de forma muito mais severa os empreendimentos de menor porte\u201d, argumenta o presidente da Fecom\u00e9rcio-DF, Jos\u00e9 Aparecido Freire.<\/p>\n\n\n\n<p class=\"wp-block-paragraph\"><strong>Rea\u00e7\u00e3o tamb\u00e9m no Legislativo&nbsp;<\/strong><\/p>\n\n\n\n<p class=\"wp-block-paragraph\">O Sindicato das Farm\u00e1cias e Drogarias do DF (Sindifarma), filiado \u00e0 Fecom\u00e9rcio, tamb\u00e9m est\u00e1 mobilizado contra a lei dos banheiros. E conseguiu apoio do deputado deputado Roosevelt Vilela (PL). O parlamentar protocolou projeto para revogar a Lei n\u00ba 7.928\/2026. Na justificativa, afirma que a sua manuten\u00e7\u00e3o \u201cproduz grave inseguran\u00e7a jur\u00eddica, imp\u00f5e custos desproporcionais&nbsp;&nbsp;ao setor produtivo e interfere excessiva e inconstitucionalmente na livre iniciativa\u201d.<\/p>\n\n\n\n<p class=\"wp-block-paragraph\"><strong>Omiss\u00e3o do Estado<\/strong><\/p>\n\n\n\n<p class=\"wp-block-paragraph\">O projeto de Roosevelt aponta que a imposi\u00e7\u00e3o de oferta gratuita de banheiros \u201cconfigura transfer\u00eancia indevida\u201d de uma responsabilidade que recai sobre o Poder P\u00fablico. E denuncia omiss\u00e3o do governo. \u201cO Estado, sendo historicamente omisso na oferta de banheiros p\u00fablicos adequados nas ruas, pra\u00e7as e espa\u00e7os de conviv\u00eancia urbana, n\u00e3o pode utilizar-se de tal omiss\u00e3o como premissa para transferir seus \u00f4nus sociais aos empres\u00e1rios\u201d.<\/p>\n\n\n\n<p class=\"wp-block-paragraph\"><strong>Acompanhe a Capital S\/A na TV Bras\u00edlia \u00e0s ter\u00e7as e \u00e0s quintas-feiras, 18h30, no JL ao vivo<\/strong><\/p>\n\n\n\n<figure class=\"wp-block-embed is-type-video is-provider-youtube wp-block-embed-youtube wp-embed-aspect-16-9 wp-has-aspect-ratio\"><div class=\"wp-block-embed__wrapper\">\n<iframe loading=\"lazy\" title=\"TARIFA\u00c7O DOS EUA: BRASIL CONSEGUE AMPLIAR ISEN\u00c7\u00c3O PARA 429 PRODUTOS NACIONAIS\" width=\"1440\" height=\"810\" src=\"https:\/\/www.youtube.com\/embed\/SXRobf4jVmA?feature=oembed\" frameborder=\"0\" allow=\"accelerometer; autoplay; clipboard-write; encrypted-media; gyroscope; picture-in-picture; web-share\" referrerpolicy=\"strict-origin-when-cross-origin\" allowfullscreen><\/iframe>\n<\/div><\/figure>\n","protected":false},"excerpt":{"rendered":"<p>Representando 260 mil empresas no Distrito Federal, entidade afirma que \u00e9 ilegal norma aprovada pela C\u00e2mara Legislativa Por SAMANTA SALLUM A Federa\u00e7\u00e3o do Com\u00e9rcio de Bens, Servi\u00e7os e Turismo do Distrito Federal ingressou com A\u00e7\u00e3o Direta de Inconstitucionalidade (ADI) no Tribunal de Justi\u00e7a do Distrito Federal contra a lei distrital, que obriga drogarias, padarias e demais estabelecimentos comerciais a oferecerem [&hellip;]<\/p>\n","protected":false},"author":125,"featured_media":23454,"comment_status":"open","ping_status":"open","sticky":false,"template":"","format":"standard","meta":{"footnotes":""},"categories":[6],"tags":[],"class_list":["post-23452","post","type-post","status-publish","format-standard","has-post-thumbnail","hentry","category-coluna-capital-s-a"],"_links":{"self":[{"href":"https:\/\/blogs.correiobraziliense.com.br\/capital-sa\/wp-json\/wp\/v2\/posts\/23452","targetHints":{"allow":["GET"]}}],"collection":[{"href":"https:\/\/blogs.correiobraziliense.com.br\/capital-sa\/wp-json\/wp\/v2\/posts"}],"about":[{"href":"https:\/\/blogs.correiobraziliense.com.br\/capital-sa\/wp-json\/wp\/v2\/types\/post"}],"author":[{"embeddable":true,"href":"https:\/\/blogs.correiobraziliense.com.br\/capital-sa\/wp-json\/wp\/v2\/users\/125"}],"replies":[{"embeddable":true,"href":"https:\/\/blogs.correiobraziliense.com.br\/capital-sa\/wp-json\/wp\/v2\/comments?post=23452"}],"version-history":[{"count":6,"href":"https:\/\/blogs.correiobraziliense.com.br\/capital-sa\/wp-json\/wp\/v2\/posts\/23452\/revisions"}],"predecessor-version":[{"id":23639,"href":"https:\/\/blogs.correiobraziliense.com.br\/capital-sa\/wp-json\/wp\/v2\/posts\/23452\/revisions\/23639"}],"wp:featuredmedia":[{"embeddable":true,"href":"https:\/\/blogs.correiobraziliense.com.br\/capital-sa\/wp-json\/wp\/v2\/media\/23454"}],"wp:attachment":[{"href":"https:\/\/blogs.correiobraziliense.com.br\/capital-sa\/wp-json\/wp\/v2\/media?parent=23452"}],"wp:term":[{"taxonomy":"category","embeddable":true,"href":"https:\/\/blogs.correiobraziliense.com.br\/capital-sa\/wp-json\/wp\/v2\/categories?post=23452"},{"taxonomy":"post_tag","embeddable":true,"href":"https:\/\/blogs.correiobraziliense.com.br\/capital-sa\/wp-json\/wp\/v2\/tags?post=23452"}],"curies":[{"name":"wp","href":"https:\/\/api.w.org\/{rel}","templated":true}]}}