{"id":23400,"date":"2026-07-17T15:51:20","date_gmt":"2026-07-17T18:51:20","guid":{"rendered":"https:\/\/blogs.correiobraziliense.com.br\/capital-sa\/?p=23400"},"modified":"2026-07-17T16:19:11","modified_gmt":"2026-07-17T19:19:11","slug":"veja-os-principais-produtos-brasileiros-isentos-do-tarifaco-dos-eua","status":"publish","type":"post","link":"https:\/\/blogs.correiobraziliense.com.br\/capital-sa\/2026\/07\/17\/veja-os-principais-produtos-brasileiros-isentos-do-tarifaco-dos-eua\/","title":{"rendered":"Veja os principais produtos brasileiros isentos do tarifa\u00e7o dos EUA"},"content":{"rendered":"<p><em>Brasil conseguiu ampliar lista de itens fora da nova taxa\u00e7\u00e3o norte-americana. Mais 429 produtos nacionais ficaram isentos\u00a0<\/em><\/p>\n<p class=\"p1\"><strong>Por SAMANTA SALLUM\u00a0<\/strong><\/p>\n<p class=\"p1\"><span class=\"s1\">A nova taxa\u00e7\u00e3o do governo norte-americano sobre a importa\u00e7\u00e3o de produtos brasileiros atinge de forma negativa quatro mil itens. O impacto negativo afeta US$ 11 bilh\u00f5es em exporta\u00e7\u00f5es brasileiras. Mas contempla cerca de outros dois mil produtos com a isen\u00e7\u00e3o da tarifa. E foram inclu\u00eddos na lista que j\u00e1 existia outros 429 produtos. Entre eles: caf\u00e9 instant\u00e2neo n\u00e3o aromatizado; mel natural org\u00e2nico; fil\u00e9s de til\u00e1pia, frescos ou refrigerados; ferro guza (importante na moldagem de pe\u00e7as de metal, como fog\u00f5es e latarias de carro); al\u00e9m de hidr\u00f3xido de alum\u00ednio.<br \/>\n<\/span><\/p>\n<p class=\"p2\"><span class=\"s1\">O setor de avia\u00e7\u00e3o, que contempla a Embraer, seguiu na lista de exce\u00e7\u00f5es. Celulose brasileira, insumo para o papel, tamb\u00e9m foi poupado <\/span><\/p>\n<p class=\"p1\"><span class=\"s1\">Outros produtos permanecem isentos como suco de laranja; carne bovina fresca, refrigerada ou congelada; aeronaves novas para transporte de passageiros, n\u00e3o militares; a\u00e7\u00facar de cana em forma s\u00f3lida bruta; e carne su\u00edna; entre outros.<\/span><\/p>\n<p><iframe loading=\"lazy\" title=\"TARIFA\u00c7O DOS EUA: BRASIL CONSEGUE AMPLIAR ISEN\u00c7\u00c3O PARA 429 PRODUTOS NACIONAIS\" width=\"1440\" height=\"810\" src=\"https:\/\/www.youtube.com\/embed\/SXRobf4jVmA?feature=oembed\" frameborder=\"0\" allow=\"accelerometer; autoplay; clipboard-write; encrypted-media; gyroscope; picture-in-picture; web-share\" referrerpolicy=\"strict-origin-when-cross-origin\" allowfullscreen><\/iframe><\/p>\n<p>&nbsp;<\/p>\n<p class=\"p1\"><span class=\"s1\">Os itens isentos pela nova cobran\u00e7a s\u00e3o considerados sens\u00edveis para a economia norte-americana. A flexibiliza\u00e7\u00e3o se deve a necessidades internas dos EUA de abastecimento.<\/span><\/p>\n<p class=\"p1\"><span class=\"s1\">\u00a0<\/span>Os produtos que n\u00e3o sofrer\u00e3o com as novas tarifas se enquadram em ao menos um de quatro crit\u00e9rios: mat\u00e9rias-primas cuja tarifa\u00e7\u00e3o poderia causar desabastecimento interno; itens capazes de provocar crises em toda a economia; bens que os EUA n\u00e3o produzem em quantidade ou pre\u00e7o razo\u00e1veis, nem conseguem obter de outras origens; ou produtos cuja tarifa\u00e7\u00e3o pouco contribuiria para os objetivos da investiga\u00e7\u00e3o )argumento usado pelo governo de Donald Trump para punir o Brasil com o tarifa\u00e7o.).<\/p>\n<p class=\"p1\"><strong><em><span class=\"s1\"><br \/>\nAmortiza\u00e7\u00e3o de preju\u00edzos <\/span><\/em><\/strong><\/p>\n<p class=\"p1\"><span class=\"s1\">As novas exce\u00e7\u00f5es consideradas pelo governo norte-americano reduziram US$ 2,3 milh\u00f5es de poss\u00edveis preju\u00edzos para a ind\u00fastria brasileira. A Confedera\u00e7\u00e3o Nacional da Ind\u00fastria (CNI) manifestou extrema preocupa\u00e7\u00e3o com a ado\u00e7\u00e3o da tarifa adicional de 25% pelos Estados Unidos. Mas considerou a amplia\u00e7\u00e3o da lista de produtos isentos um al\u00edvio para alguns setores da ind\u00fastria brasileira.<\/span><\/p>\n<p class=\"p1\"><span class=\"s1\">\u201c<strong>Avan\u00e7o importante, mas ainda distante do cen\u00e1rio ideal\u201d, diz CNI <\/strong><\/span><\/p>\n<p class=\"p1\"><span class=\"s1\">\u201cA amplia\u00e7\u00e3o da lista de produtos isentos representa um al\u00edvio para alguns setores da ind\u00fastria brasileira e demonstra que o trabalho t\u00e9cnico e o di\u00e1logo conduzidos pelo setor produtivo produziram efeitos pr\u00e1ticos. \u00c9 um avan\u00e7o importante, mas ainda distante do cen\u00e1rio ideal que buscamos. Agora, precisamos concentrar esfor\u00e7os nos demais segmentos que continuar\u00e3o sujeitos \u00e0 sobretaxa e enfrentar\u00e3o perdas de competitividade no mercado norte-americano\u201d, disse o presidente da CNI, Ricardo Alban.<\/span><\/p>\n<div class=\"entry-content mgt-xlarge\">\n<p class=\"p1\"><strong>Acompanhe a Capital S\/A na TV Bras\u00edlia \u00e0s ter\u00e7as e \u00e0s quintas-feiras, 18h30, no JL ao vivo<\/strong><\/p>\n<\/div>\n","protected":false},"excerpt":{"rendered":"<p>Brasil conseguiu ampliar lista de itens fora da nova taxa\u00e7\u00e3o norte-americana. Mais 429 produtos nacionais ficaram isentos\u00a0 Por SAMANTA SALLUM\u00a0 A nova taxa\u00e7\u00e3o do governo norte-americano sobre a importa\u00e7\u00e3o de produtos brasileiros atinge de forma negativa quatro mil itens. O impacto negativo afeta US$ 11 bilh\u00f5es em exporta\u00e7\u00f5es brasileiras. Mas contempla cerca de outros dois mil produtos com a isen\u00e7\u00e3o [&hellip;]<\/p>\n","protected":false},"author":125,"featured_media":23409,"comment_status":"open","ping_status":"open","sticky":false,"template":"","format":"standard","meta":{"footnotes":""},"categories":[6],"tags":[],"class_list":["post-23400","post","type-post","status-publish","format-standard","has-post-thumbnail","hentry","category-coluna-capital-s-a"],"_links":{"self":[{"href":"https:\/\/blogs.correiobraziliense.com.br\/capital-sa\/wp-json\/wp\/v2\/posts\/23400","targetHints":{"allow":["GET"]}}],"collection":[{"href":"https:\/\/blogs.correiobraziliense.com.br\/capital-sa\/wp-json\/wp\/v2\/posts"}],"about":[{"href":"https:\/\/blogs.correiobraziliense.com.br\/capital-sa\/wp-json\/wp\/v2\/types\/post"}],"author":[{"embeddable":true,"href":"https:\/\/blogs.correiobraziliense.com.br\/capital-sa\/wp-json\/wp\/v2\/users\/125"}],"replies":[{"embeddable":true,"href":"https:\/\/blogs.correiobraziliense.com.br\/capital-sa\/wp-json\/wp\/v2\/comments?post=23400"}],"version-history":[{"count":16,"href":"https:\/\/blogs.correiobraziliense.com.br\/capital-sa\/wp-json\/wp\/v2\/posts\/23400\/revisions"}],"predecessor-version":[{"id":23418,"href":"https:\/\/blogs.correiobraziliense.com.br\/capital-sa\/wp-json\/wp\/v2\/posts\/23400\/revisions\/23418"}],"wp:featuredmedia":[{"embeddable":true,"href":"https:\/\/blogs.correiobraziliense.com.br\/capital-sa\/wp-json\/wp\/v2\/media\/23409"}],"wp:attachment":[{"href":"https:\/\/blogs.correiobraziliense.com.br\/capital-sa\/wp-json\/wp\/v2\/media?parent=23400"}],"wp:term":[{"taxonomy":"category","embeddable":true,"href":"https:\/\/blogs.correiobraziliense.com.br\/capital-sa\/wp-json\/wp\/v2\/categories?post=23400"},{"taxonomy":"post_tag","embeddable":true,"href":"https:\/\/blogs.correiobraziliense.com.br\/capital-sa\/wp-json\/wp\/v2\/tags?post=23400"}],"curies":[{"name":"wp","href":"https:\/\/api.w.org\/{rel}","templated":true}]}}