{"id":23383,"date":"2026-07-17T13:59:22","date_gmt":"2026-07-17T16:59:22","guid":{"rendered":"https:\/\/blogs.correiobraziliense.com.br\/capital-sa\/?p=23383"},"modified":"2026-07-17T15:26:34","modified_gmt":"2026-07-17T18:26:34","slug":"celina-leao-convoca-grande-reuniao-de-governo-para-fazer-alerta-eleitoral","status":"publish","type":"post","link":"https:\/\/blogs.correiobraziliense.com.br\/capital-sa\/2026\/07\/17\/celina-leao-convoca-grande-reuniao-de-governo-para-fazer-alerta-eleitoral\/","title":{"rendered":"Celina Le\u00e3o convoca grande reuni\u00e3o de governo para fazer alerta eleitoral"},"content":{"rendered":"<p><em>Encontro com secret\u00e1rios e administradores regionais n\u00e3o entrou na agenda oficial da governadora do DF. Orienta\u00e7\u00f5es \u00a0jur\u00eddicas sobre as regras eleitorais, para que n\u00e3o tenha a campanha eleitoral em risco, foram o principal tema da reuni\u00e3o\u00a0<\/em><\/p>\n<p class=\"p1\"><strong>Por SAMANTA SALLUM\u00a0<\/strong><\/p>\n<p class=\"p1\"><span class=\"s1\">A governadora do Distrito Federal, Celina Le\u00e3o, convocou ontem uma reuni\u00e3o com todos os integrantes do primeiro e segundo escal\u00e3o do DF, al\u00e9m de presidentes de empresas p\u00fablicas e administradores regionais. Reuniu, na hora do almo\u00e7o, cerca de 80 pessoas, na Resid\u00eancia Oficial de \u00c1guas Claras.\u00a0<\/span>Fontes ouvidas pela coluna contaram que Celina quis fazer um encontro \u201colho no olho\u201d com a equipe. O tom usado foi motivacional, mas cobrando firmeza e lealdade do seu time de governo.<\/p>\n<p>Celina buscou alinhamento de trabalho das \u00e1reas de governo. Al\u00e9m de fazer um balan\u00e7o dos setores, refor\u00e7ou que o governo est\u00e1 bem-avaliado. Mas pediu empenho aos integrantes do GDF para manter o ritmo de trabalho, refor\u00e7ando a import\u00e2ncia de for\u00e7a-tarefa na sa\u00fade, \u00e1rea mais sens\u00edvel.<\/p>\n<p>A governadora frisou que \u00e9 prioridade a regulariza\u00e7\u00e3o de moradias, como a de Vicente Pires; e continuidade das obras, em ritmo mais acelerado, para que seja poss\u00edvel fazer a maior quantidade de entregas poss\u00edveis dentro do per\u00edodo legal devido \u00e0s restri\u00e7\u00f5es eleitorais.<\/p>\n<p><iframe loading=\"lazy\" title=\"TARIFA\u00c7O DOS EUA: BRASIL CONSEGUE AMPLIAR ISEN\u00c7\u00c3O PARA 429 PRODUTOS NACIONAIS\" width=\"1440\" height=\"810\" src=\"https:\/\/www.youtube.com\/embed\/SXRobf4jVmA?feature=oembed\" frameborder=\"0\" allow=\"accelerometer; autoplay; clipboard-write; encrypted-media; gyroscope; picture-in-picture; web-share\" referrerpolicy=\"strict-origin-when-cross-origin\" allowfullscreen><\/iframe><\/p>\n<p>A governadora ainda explicou a situa\u00e7\u00e3o do reequil\u00edbrio fiscal do GDF e pediu o engajamento da equipe na gest\u00e3o de recursos p\u00fablicos com mais efici\u00eancia.<\/p>\n<p class=\"p1\"><strong><span class=\"s1\">Restri\u00e7\u00f5es eleitorais<\/span><\/strong><\/p>\n<p class=\"p1\"><span class=\"s1\">A pauta principal da reuni\u00e3o foi orienta\u00e7\u00f5es jur\u00eddicas aos gestores p\u00fablicos durante o per\u00edodo eleitoral. Representantes da Procuradoria do DF e da Consultoria Jur\u00eddica do GDF passaram instru\u00e7\u00f5es aos secret\u00e1rios e administradores regionais, alertando para que fiquem atentos e n\u00e3o cometam atos que possam ser caracterizados como crime eleitoral e prejudiquem a campanha de Celina para recondu\u00e7\u00e3o ao GDF.<br \/>\n<\/span><strong>Acompanhe a Capital S\/A na TV Bras\u00edlia \u00e0s ter\u00e7as e \u00e0s quintas-feiras, 18h30, no JL ao vivo<\/strong><\/p>\n","protected":false},"excerpt":{"rendered":"<p>Encontro com secret\u00e1rios e administradores regionais n\u00e3o entrou na agenda oficial da governadora do DF. Orienta\u00e7\u00f5es \u00a0jur\u00eddicas sobre as regras eleitorais, para que n\u00e3o tenha a campanha eleitoral em risco, foram o principal tema da reuni\u00e3o\u00a0 Por SAMANTA SALLUM\u00a0 A governadora do Distrito Federal, Celina Le\u00e3o, convocou ontem uma reuni\u00e3o com todos os integrantes do primeiro e segundo escal\u00e3o do [&hellip;]<\/p>\n","protected":false},"author":125,"featured_media":23393,"comment_status":"open","ping_status":"open","sticky":false,"template":"","format":"standard","meta":{"footnotes":""},"categories":[6],"tags":[],"class_list":["post-23383","post","type-post","status-publish","format-standard","has-post-thumbnail","hentry","category-coluna-capital-s-a"],"_links":{"self":[{"href":"https:\/\/blogs.correiobraziliense.com.br\/capital-sa\/wp-json\/wp\/v2\/posts\/23383","targetHints":{"allow":["GET"]}}],"collection":[{"href":"https:\/\/blogs.correiobraziliense.com.br\/capital-sa\/wp-json\/wp\/v2\/posts"}],"about":[{"href":"https:\/\/blogs.correiobraziliense.com.br\/capital-sa\/wp-json\/wp\/v2\/types\/post"}],"author":[{"embeddable":true,"href":"https:\/\/blogs.correiobraziliense.com.br\/capital-sa\/wp-json\/wp\/v2\/users\/125"}],"replies":[{"embeddable":true,"href":"https:\/\/blogs.correiobraziliense.com.br\/capital-sa\/wp-json\/wp\/v2\/comments?post=23383"}],"version-history":[{"count":15,"href":"https:\/\/blogs.correiobraziliense.com.br\/capital-sa\/wp-json\/wp\/v2\/posts\/23383\/revisions"}],"predecessor-version":[{"id":23399,"href":"https:\/\/blogs.correiobraziliense.com.br\/capital-sa\/wp-json\/wp\/v2\/posts\/23383\/revisions\/23399"}],"wp:featuredmedia":[{"embeddable":true,"href":"https:\/\/blogs.correiobraziliense.com.br\/capital-sa\/wp-json\/wp\/v2\/media\/23393"}],"wp:attachment":[{"href":"https:\/\/blogs.correiobraziliense.com.br\/capital-sa\/wp-json\/wp\/v2\/media?parent=23383"}],"wp:term":[{"taxonomy":"category","embeddable":true,"href":"https:\/\/blogs.correiobraziliense.com.br\/capital-sa\/wp-json\/wp\/v2\/categories?post=23383"},{"taxonomy":"post_tag","embeddable":true,"href":"https:\/\/blogs.correiobraziliense.com.br\/capital-sa\/wp-json\/wp\/v2\/tags?post=23383"}],"curies":[{"name":"wp","href":"https:\/\/api.w.org\/{rel}","templated":true}]}}