{"id":23366,"date":"2026-07-15T14:24:57","date_gmt":"2026-07-15T17:24:57","guid":{"rendered":"https:\/\/blogs.correiobraziliense.com.br\/capital-sa\/?p=23366"},"modified":"2026-07-15T18:09:06","modified_gmt":"2026-07-15T21:09:06","slug":"alerta-na-economia-do-df-inadimplencia-esta-muito-acima-da-media-nacional","status":"publish","type":"post","link":"https:\/\/blogs.correiobraziliense.com.br\/capital-sa\/2026\/07\/15\/alerta-na-economia-do-df-inadimplencia-esta-muito-acima-da-media-nacional\/","title":{"rendered":"Alerta na economia do DF: inadimpl\u00eancia est\u00e1 muito acima da m\u00e9dia nacional"},"content":{"rendered":"<p><strong>Coluna Capital S\/A de 15 de julho\u00a0<\/strong><\/p>\n<p class=\"p1\"><strong>Por SAMANTA SALLUM\u00a0<\/strong><\/p>\n<p class=\"p1\"><span class=\"s1\">A situa\u00e7\u00e3o financeira das fam\u00edlias brasilienses chama aten\u00e7\u00e3o, pois os indicadores de inadimpl\u00eancia permanecem muito acima do restante do pa\u00eds. O que revela que o problema local n\u00e3o est\u00e1 no acesso ao cr\u00e9dito, mas na capacidade de pagamento das d\u00edvidas. Metade dos endividadas do Distrito Federal (50,0%) possui contas em atraso, o equivalente a 527.848 fam\u00edlias, enquanto a m\u00e9dia brasileira permaneceu em apenas 29,9%. A diferen\u00e7a de mais de 20 pontos percentuais aponta que o comprometimento financeiro local \u00e9 significativamente mais grave do que o observado no restante do pa\u00eds.<\/span><\/p>\n<p class=\"p1\"><strong><span class=\"s1\">Endividamento recua no m\u00eas, mas aumenta na compara\u00e7\u00e3o anual<\/span><\/strong><\/p>\n<p class=\"p1\"><span class=\"s1\">No \u00edndice de endividamento, o Distrito Federal encerrou junho de 2026 com 79,7% das fam\u00edlias atingidas pelo problema, percentual praticamente est\u00e1vel em rela\u00e7\u00e3o a maio (79,6%) e inferior \u00e0 m\u00e9dia nacional, de 81,6%. Na compara\u00e7\u00e3o anual, observa-se uma forte expans\u00e3o do endividamento. Em junho de 2025, 72% possu\u00edam algum tipo de d\u00edvida; um ano depois, esse percentual alcan\u00e7ou 79,7%, representando 841.845 fam\u00edlias. Entre elas, 15% se consideram muito endividadas. Os dados s\u00e3o da Pesquisa pela Confedera\u00e7\u00e3o Nacional do Com\u00e9rcio de Bens, Servi\u00e7os e Turismo (CNC).<\/span><\/p>\n<p class=\"p1\"><strong><span class=\"s1\">Tr\u00eas meses de contas atrasadas<\/span><\/strong><\/p>\n<p class=\"p1\"><span class=\"s1\">A maioria est\u00e1 com contas vencidas h\u00e1 mais de 90 dias, enquanto o comprometimento m\u00e9dio com d\u00edvidas alcan\u00e7a oito meses, superior \u00e0 m\u00e9dia nacional de sete meses. O aperto financeiro atinge, principalmente, as fam\u00edlias com rendimento de at\u00e9 10 sal\u00e1rios m\u00ednimos: 85,7% delas est\u00e3o endividadas.<\/span><\/p>\n<p><iframe loading=\"lazy\" title=\"Capital S\/A\" width=\"1440\" height=\"810\" src=\"https:\/\/www.youtube.com\/embed\/videoseries?list=PLQ4vd9cZpWqsggflo87vUJd4VcYSuhMLc\" frameborder=\"0\" allow=\"accelerometer; autoplay; clipboard-write; encrypted-media; gyroscope; picture-in-picture; web-share\" referrerpolicy=\"strict-origin-when-cross-origin\" allowfullscreen><\/iframe><\/p>\n<p class=\"p1\"><strong><span class=\"s1\">Preocupa\u00e7\u00e3o no varejo<\/span><\/strong><\/p>\n<p class=\"p1\"><span class=\"s1\">\u201cO cen\u00e1rio alerta para a situa\u00e7\u00e3o de muitas fam\u00edlias que j\u00e1 alcan\u00e7aram seu limite financeiro. Isso exige aten\u00e7\u00e3o, pois compromete o consumo, reduz a capacidade de recupera\u00e7\u00e3o do varejo e limita o crescimento econ\u00f4mico. \u00c9 importante apoiarmos iniciativas de educa\u00e7\u00e3o financeira e programas de renegocia\u00e7\u00e3o de d\u00edvidas\u201d, avalia o presidente da Fecom\u00e9rcio DF, Jos\u00e9 Aparecido Freire.<\/span><\/p>\n<p class=\"p1\"><strong><span class=\"s1\">Depois de BC, Celina vai se reunir com pool de bancos para destravar aval de empr\u00e9stimo<\/span><\/strong><\/p>\n<p><img loading=\"lazy\" decoding=\"async\" class=\"size-medium wp-image-23379\" src=\"https:\/\/blogs.correiobraziliense.com.br\/capital-sa\/wp-content\/uploads\/sites\/59\/2026\/07\/IMG_8445-1-300x221.jpeg\" alt=\"\" width=\"300\" height=\"221\" srcset=\"https:\/\/blogs.correiobraziliense.com.br\/capital-sa\/wp-content\/uploads\/sites\/59\/2026\/07\/IMG_8445-1-300x221.jpeg 300w, https:\/\/blogs.correiobraziliense.com.br\/capital-sa\/wp-content\/uploads\/sites\/59\/2026\/07\/IMG_8445-1-768x567.jpeg 768w, https:\/\/blogs.correiobraziliense.com.br\/capital-sa\/wp-content\/uploads\/sites\/59\/2026\/07\/IMG_8445-1-1024x756.jpeg 1024w, https:\/\/blogs.correiobraziliense.com.br\/capital-sa\/wp-content\/uploads\/sites\/59\/2026\/07\/IMG_8445-1-800x590.jpeg 800w, https:\/\/blogs.correiobraziliense.com.br\/capital-sa\/wp-content\/uploads\/sites\/59\/2026\/07\/IMG_8445-1-550x406.jpeg 550w, https:\/\/blogs.correiobraziliense.com.br\/capital-sa\/wp-content\/uploads\/sites\/59\/2026\/07\/IMG_8445-1-230x170.jpeg 230w, https:\/\/blogs.correiobraziliense.com.br\/capital-sa\/wp-content\/uploads\/sites\/59\/2026\/07\/IMG_8445-1.jpeg 1179w\" sizes=\"auto, (max-width: 300px) 100vw, 300px\" \/><\/p>\n<p class=\"p1\"><span class=\"s1\">A governadora do DF, Celina Le\u00e3o (PP), est\u00e1 articulando uma reuni\u00e3o para esta semana ainda e que poder\u00e1 ser em S\u00e3o Paulo, com Banco do Brasil, Bradesco, Santander, Ita\u00fa Unibanco, Caixa e BTG Pactual. A miss\u00e3o \u00e9 destravar o processo de aval para o empr\u00e9stimo de R$ 6,6 bilh\u00f5es em socorro ao BRB. Conforme a Capital S\/A revelou, semanas atr\u00e1s, o processo encontra-se em ritmo lento. As institui\u00e7\u00f5es financeiras ainda est\u00e3o receosas em rela\u00e7\u00e3o \u00e0s garantias oferecidas pelo GDF.<\/span><\/p>\n<p class=\"p1\"><strong><span class=\"s1\">Menos uma dor de cabe\u00e7a para Gal\u00edpolo<\/span><\/strong><\/p>\n<p class=\"p1\"><span class=\"s1\">Partiu do GDF o pedido de reuni\u00e3o com o Banco Central. No encontro de ontem com o presidente da institui\u00e7\u00e3o, Gabriel Gal\u00edpolo, a governadora foi mostrar que est\u00e1 \u201cfazendo a parte\u201d dela no \u00e2mbito do GDF para obter o aval. Mostrou que j\u00e1 enviou toda a documenta\u00e7\u00e3o necess\u00e1ria. Gal\u00edpolo est\u00e1 apoiando a solu\u00e7\u00e3o mediada pelo STF e vem demonstrando que tamb\u00e9m est\u00e1 na expectativa para que o empr\u00e9stimo seja concedido, o que seria menos uma dor de cabe\u00e7a com quebradeira de institui\u00e7\u00f5es financeiras na esteira do Master e do DigiMais.<\/span><\/p>\n<p class=\"p1\"><strong><span class=\"s1\">Impasse<\/span><\/strong><\/p>\n<p class=\"p1\"><span class=\"s1\">Mesmo com o acordo judicial \u2014 mediado pelo STF com o Minist\u00e9rio da Fazenda \u2014, o processo de aval com os bancos n\u00e3o estava andando com a celeridade esperada. O Banco do Brasil, que lidera as tratativas, estava acrescentando exig\u00eancias e mais garantias ao GDF para desenrolar o processo do empr\u00e9stimo, que sair\u00e1 do Fundo Garantidor de Cr\u00e9ditos (FGC).<\/span><\/p>\n<p class=\"p1\"><strong><span class=\"s1\">Taxas de juros s\u00e3o principal atrativo dos Fundos Constitucionais de Financiamento<\/span><\/strong><\/p>\n<p class=\"p1\"><span class=\"s1\">Levantamento in\u00e9dito da Confedera\u00e7\u00e3o Nacional da Ind\u00fastria (CNI) mostra que as taxas de juros foram a principal motiva\u00e7\u00e3o para 94% das empresas industriais buscarem cr\u00e9dito junto aos Fundos Constitucionais de Financiamento (FCFs) entre 2022 e 2025. Por outro lado, o excesso de burocracia e de garantias exigidas pelos bancos, al\u00e9m da falta de conhecimento sobre os fundos, impediram maior acesso do setor aos recursos.<\/span><\/p>\n<p class=\"p1\"><span class=\"s1\"><strong>Falta de conhecimento sobre acesso a recursos<\/strong><\/span><\/p>\n<p>De acordo com o levantamento, quase quatro em cada 10 ind\u00fastrias (38,1%) n\u00e3o conhecem os fundos, sinalizando que a pol\u00edtica p\u00fablica n\u00e3o est\u00e1 alcan\u00e7ando todo o p\u00fablico-alvo ou que, embora esteja, n\u00e3o \u00e9 adequadamente reconhecida. Esse dado sugere que as empresas podem acessar o cr\u00e9dito sem relacion\u00e1-lo \u00e0 pol\u00edtica de desenvolvimento voltada \u00e0 regi\u00e3o.<\/p>\n<div class=\"entry-content mgt-xlarge\">\n<p><strong>Acompanhe a Capital S\/A na TV Bras\u00edlia \u00e0s ter\u00e7as e \u00e0s quintas-feiras, 18h30, no JL ao vivo<\/strong><\/p>\n<\/div>\n","protected":false},"excerpt":{"rendered":"<p>Coluna Capital S\/A de 15 de julho\u00a0 Por SAMANTA SALLUM\u00a0 A situa\u00e7\u00e3o financeira das fam\u00edlias brasilienses chama aten\u00e7\u00e3o, pois os indicadores de inadimpl\u00eancia permanecem muito acima do restante do pa\u00eds. O que revela que o problema local n\u00e3o est\u00e1 no acesso ao cr\u00e9dito, mas na capacidade de pagamento das d\u00edvidas. Metade dos endividadas do Distrito Federal (50,0%) possui contas em [&hellip;]<\/p>\n","protected":false},"author":125,"featured_media":23375,"comment_status":"open","ping_status":"open","sticky":false,"template":"","format":"standard","meta":{"footnotes":""},"categories":[6],"tags":[],"class_list":["post-23366","post","type-post","status-publish","format-standard","has-post-thumbnail","hentry","category-coluna-capital-s-a"],"_links":{"self":[{"href":"https:\/\/blogs.correiobraziliense.com.br\/capital-sa\/wp-json\/wp\/v2\/posts\/23366","targetHints":{"allow":["GET"]}}],"collection":[{"href":"https:\/\/blogs.correiobraziliense.com.br\/capital-sa\/wp-json\/wp\/v2\/posts"}],"about":[{"href":"https:\/\/blogs.correiobraziliense.com.br\/capital-sa\/wp-json\/wp\/v2\/types\/post"}],"author":[{"embeddable":true,"href":"https:\/\/blogs.correiobraziliense.com.br\/capital-sa\/wp-json\/wp\/v2\/users\/125"}],"replies":[{"embeddable":true,"href":"https:\/\/blogs.correiobraziliense.com.br\/capital-sa\/wp-json\/wp\/v2\/comments?post=23366"}],"version-history":[{"count":12,"href":"https:\/\/blogs.correiobraziliense.com.br\/capital-sa\/wp-json\/wp\/v2\/posts\/23366\/revisions"}],"predecessor-version":[{"id":23382,"href":"https:\/\/blogs.correiobraziliense.com.br\/capital-sa\/wp-json\/wp\/v2\/posts\/23366\/revisions\/23382"}],"wp:featuredmedia":[{"embeddable":true,"href":"https:\/\/blogs.correiobraziliense.com.br\/capital-sa\/wp-json\/wp\/v2\/media\/23375"}],"wp:attachment":[{"href":"https:\/\/blogs.correiobraziliense.com.br\/capital-sa\/wp-json\/wp\/v2\/media?parent=23366"}],"wp:term":[{"taxonomy":"category","embeddable":true,"href":"https:\/\/blogs.correiobraziliense.com.br\/capital-sa\/wp-json\/wp\/v2\/categories?post=23366"},{"taxonomy":"post_tag","embeddable":true,"href":"https:\/\/blogs.correiobraziliense.com.br\/capital-sa\/wp-json\/wp\/v2\/tags?post=23366"}],"curies":[{"name":"wp","href":"https:\/\/api.w.org\/{rel}","templated":true}]}}