{"id":23322,"date":"2026-07-09T11:58:48","date_gmt":"2026-07-09T14:58:48","guid":{"rendered":"https:\/\/blogs.correiobraziliense.com.br\/capital-sa\/?p=23322"},"modified":"2026-07-19T15:06:40","modified_gmt":"2026-07-19T18:06:40","slug":"mudanca-no-comando-da-neoenergia-no-df-acontece-dias-depois-de-reuniao-com-celina","status":"publish","type":"post","link":"https:\/\/blogs.correiobraziliense.com.br\/capital-sa\/2026\/07\/09\/mudanca-no-comando-da-neoenergia-no-df-acontece-dias-depois-de-reuniao-com-celina\/","title":{"rendered":"Mudan\u00e7a no comando da Neoenergia no DF acontece dias depois de reuni\u00e3o com Celina"},"content":{"rendered":"<p class=\"p1\"><em>A empresa promoveu trocas de gest\u00e3o na\u00a0 Bahia, no Rio Grande do Norte e em Pernambuco; tamb\u00e9m anunciou novos investimentos nestas regi\u00f5es<\/em><\/p>\n<p class=\"p1\"><strong><span class=\"s1\">Por SAMANTA SALLUM <\/span><\/strong><\/p>\n<p class=\"p1\"><span class=\"s1\">O CEO da Neoenergia, Eduardo Capelastegui (foto), esteve em reuni\u00e3o com a governadora do DF, Celina Le\u00e3o, para apresentar o plano de a\u00e7\u00f5es para o Distrito Federal, que inclui moderniza\u00e7\u00e3o da rede e melhor atendimento aos clientes. No encontro, h\u00e1 duas semanas, Celina exp\u00f4s as reclama\u00e7\u00f5es que vinha recebendo em rela\u00e7\u00e3o \u00e0 forma de cobran\u00e7as e \u00e0 qualidade de servi\u00e7o prestado. Cobrou da empresa mais efici\u00eancia, apesar de n\u00e3o ser p\u00fablica, ser totalmente do setor privado, ap\u00f3s o leil\u00e3o da CEB em 2020, quando a companhia pagou R$ 2,5 bilh\u00f5es.<\/span><\/p>\n<p class=\"p1\"><span class=\"s1\"> A Neoenergia nega, no entanto, que haja rela\u00e7\u00e3o entre a reuni\u00e3o com a governadora do DF, Celina Le\u00e3o, e a mudan\u00e7a no comando da empresa em Bras\u00edlia, que aconteceu ontem.<\/span><\/p>\n<p>A empresa prepara an\u00fancios de grandes investimentos no DF para reverter a imagem diante da popula\u00e7\u00e3o. J\u00e1 fez o mesmo, dias atr\u00e1s, em Pernambuco e no Rio Grande do Norte. N\u00e3o houve mudan\u00e7a de comando em Pernambuco. Mas vem de l\u00e1 o executivo Andr\u00e9 Santos para assumir a presid\u00eancia no DF, ap\u00f3s mais de 25 anos de experi\u00eancia no setor el\u00e9trico. At\u00e9 ent\u00e3o, ocupava o cargo de superintendente t\u00e9cnico da Neoenergia Pernambuco.<span class=\"Apple-converted-space\">\u00a0 <\/span>Como no DF, h\u00e1 novos presidentes no RN e na BA: duas lideran\u00e7as femininas, Fab\u00edola Almeida e Fabiana Lopes.<\/p>\n<p><iframe loading=\"lazy\" title=\"A NOVA ERA DA SAUDABILIDADE: O IMPACTO NO CONSUMO DOS BRASILEIROS\" width=\"1440\" height=\"810\" src=\"https:\/\/www.youtube.com\/embed\/ELJ_GEa53o4?feature=oembed\" frameborder=\"0\" allow=\"accelerometer; autoplay; clipboard-write; encrypted-media; gyroscope; picture-in-picture; web-share\" referrerpolicy=\"strict-origin-when-cross-origin\" allowfullscreen><\/iframe><\/p>\n<p><em><strong>Fase de adapta\u00e7\u00e3o\u201d<\/strong><\/em><\/p>\n<p class=\"p1\"><span class=\"s1\">Em rela\u00e7\u00e3o ao DF, a empresa explicou \u00e0 governadora Celina Le\u00e3o, que implantou um novo sistema comercial desde maio, e isso estaria causando necessidade de ajustes, que est\u00e3o sendo solucionados. A empresa alegou que\u00a0<\/span><span class=\"s1\">est\u00e1 passando no DF \u201cpor fase de adapta\u00e7\u00e3o\u201d com a rec\u00e9m implantada opera\u00e7\u00e3o de gerenciamento de contas.<\/span><\/p>\n<p class=\"p1\"><strong><span class=\"s1\">Nova fase de investimentos<\/span><\/strong><\/p>\n<p class=\"p1\"><span class=\"s1\">Come\u00e7a neste ano um novo ciclo de investimentos da Neoenergia na capital federal que vai at\u00e9 2030. A coluna apurou que ser\u00e1 duplicado o volume de recursos investido desde 2021. A Neoenergia no Distrito Federal, nos \u00faltimos cinco anos, estava sob a gest\u00e3o de Frederico Candian, que encerrou a trajet\u00f3ria no grupo. No per\u00edodo, a distribuidora informou que investiu mais de R$ 1,4 bilh\u00e3o na moderniza\u00e7\u00e3o e amplia\u00e7\u00e3o da rede el\u00e9trica, volume mais de quatro vezes superior ao do ciclo anterior.<\/span><\/p>\n<p><strong>Acompanhe a Capital S\/A na TV Bras\u00edlia \u00e0s ter\u00e7as e \u00e0s quintas-feiras, 18h30, no JL ao vivo<\/strong><\/p>\n<p><iframe loading=\"lazy\" title=\"A NOVA ERA DA SAUDABILIDADE: O IMPACTO NO CONSUMO DOS BRASILEIROS\" width=\"1440\" height=\"810\" src=\"https:\/\/www.youtube.com\/embed\/ELJ_GEa53o4?feature=oembed\" frameborder=\"0\" allow=\"accelerometer; autoplay; clipboard-write; encrypted-media; gyroscope; picture-in-picture; web-share\" referrerpolicy=\"strict-origin-when-cross-origin\" allowfullscreen><\/iframe><\/p>\n","protected":false},"excerpt":{"rendered":"<p>A empresa promoveu trocas de gest\u00e3o na\u00a0 Bahia, no Rio Grande do Norte e em Pernambuco; tamb\u00e9m anunciou novos investimentos nestas regi\u00f5es Por SAMANTA SALLUM O CEO da Neoenergia, Eduardo Capelastegui (foto), esteve em reuni\u00e3o com a governadora do DF, Celina Le\u00e3o, para apresentar o plano de a\u00e7\u00f5es para o Distrito Federal, que inclui moderniza\u00e7\u00e3o da rede e melhor atendimento [&hellip;]<\/p>\n","protected":false},"author":125,"featured_media":23326,"comment_status":"open","ping_status":"open","sticky":false,"template":"","format":"standard","meta":{"footnotes":""},"categories":[6],"tags":[],"class_list":["post-23322","post","type-post","status-publish","format-standard","has-post-thumbnail","hentry","category-coluna-capital-s-a"],"_links":{"self":[{"href":"https:\/\/blogs.correiobraziliense.com.br\/capital-sa\/wp-json\/wp\/v2\/posts\/23322","targetHints":{"allow":["GET"]}}],"collection":[{"href":"https:\/\/blogs.correiobraziliense.com.br\/capital-sa\/wp-json\/wp\/v2\/posts"}],"about":[{"href":"https:\/\/blogs.correiobraziliense.com.br\/capital-sa\/wp-json\/wp\/v2\/types\/post"}],"author":[{"embeddable":true,"href":"https:\/\/blogs.correiobraziliense.com.br\/capital-sa\/wp-json\/wp\/v2\/users\/125"}],"replies":[{"embeddable":true,"href":"https:\/\/blogs.correiobraziliense.com.br\/capital-sa\/wp-json\/wp\/v2\/comments?post=23322"}],"version-history":[{"count":13,"href":"https:\/\/blogs.correiobraziliense.com.br\/capital-sa\/wp-json\/wp\/v2\/posts\/23322\/revisions"}],"predecessor-version":[{"id":23425,"href":"https:\/\/blogs.correiobraziliense.com.br\/capital-sa\/wp-json\/wp\/v2\/posts\/23322\/revisions\/23425"}],"wp:featuredmedia":[{"embeddable":true,"href":"https:\/\/blogs.correiobraziliense.com.br\/capital-sa\/wp-json\/wp\/v2\/media\/23326"}],"wp:attachment":[{"href":"https:\/\/blogs.correiobraziliense.com.br\/capital-sa\/wp-json\/wp\/v2\/media?parent=23322"}],"wp:term":[{"taxonomy":"category","embeddable":true,"href":"https:\/\/blogs.correiobraziliense.com.br\/capital-sa\/wp-json\/wp\/v2\/categories?post=23322"},{"taxonomy":"post_tag","embeddable":true,"href":"https:\/\/blogs.correiobraziliense.com.br\/capital-sa\/wp-json\/wp\/v2\/tags?post=23322"}],"curies":[{"name":"wp","href":"https:\/\/api.w.org\/{rel}","templated":true}]}}