{"id":23312,"date":"2026-07-07T14:14:19","date_gmt":"2026-07-07T17:14:19","guid":{"rendered":"https:\/\/blogs.correiobraziliense.com.br\/capital-sa\/?p=23312"},"modified":"2026-07-07T14:53:08","modified_gmt":"2026-07-07T17:53:08","slug":"eliminacao-do-brasil-reduz-ritmo-do-comercio-mas-jogos-ainda-movimentam-bares-e-eventos","status":"publish","type":"post","link":"https:\/\/blogs.correiobraziliense.com.br\/capital-sa\/2026\/07\/07\/eliminacao-do-brasil-reduz-ritmo-do-comercio-mas-jogos-ainda-movimentam-bares-e-eventos\/","title":{"rendered":"Elimina\u00e7\u00e3o do Brasil reduz ritmo do com\u00e9rcio, mas jogos ainda movimentam bares e eventos"},"content":{"rendered":"<p><strong>Por SAMANTA SALLUM\u00a0<\/strong><\/p>\n<p class=\"p1\"><span class=\"s1\">A elimina\u00e7\u00e3o do Brasil nas oitavas de final da Copa do Mundo de 2026 tende a desacelerar o desempenho de segmentos do com\u00e9rcio e dos servi\u00e7os que estavam diretamente ligados ao torneio, especialmente alimenta\u00e7\u00e3o fora do lar, bares, restaurantes, supermercados, eventos, vestu\u00e1rio, bebidas e artigos esportivos. Ainda assim, muitas empresas manter\u00e3o o cronograma apostando no p\u00fablico que ir\u00e1 assistir aos jogos das quarta de final, semifinal e na final do Campeonato Mundial.<\/span><\/p>\n<p class=\"p1\"><span class=\"s1\"> Segundo o presidente do Sistema Fecom\u00e9rcio-DF, Jos\u00e9 Aparecido Freire, a sa\u00edda da Sele\u00e7\u00e3o Brasileira n\u00e3o representa impacto relevante sobre a economia brasileira como um todo, mas reduz o potencial de faturamento adicional esperado durante a competi\u00e7\u00e3o.<\/span><\/p>\n<blockquote>\n<p class=\"p1\"><span class=\"s1\">\u201cN\u00e3o se trata de um choque macroecon\u00f4mico. O que ocorre \u00e9 uma perda de intensidade no chamado efeito Copa, principalmente nos setores que dependem da mobiliza\u00e7\u00e3o dos torcedores em torno dos jogos do Brasil. Ainda assim, as pr\u00f3ximas partidas t\u00eam potencial de movimentar bares, restaurantes e eventos\u201d, explica\u00a0<\/span>Jos\u00e9 Aparecido Freire, presidente do Sistema Fecom\u00e9rcio-DF<\/p>\n<\/blockquote>\n<p class=\"p1\"><strong><span class=\"s1\">Nove mil torcedores no Sesc da 504 sul<\/span><\/strong><\/p>\n<p class=\"p1\"><span class=\"s1\">A Fecom\u00e9rcio-DF avalia manter a transmiss\u00e3o da final da Copa no Sesc da 504 Sul, que reuniu mais de seis mil pessoas no jogo entre Brasil e Noruega e mais tr\u00eas mil em outros jogos. \u201cO futebol segue como um dos principais elementos de mobiliza\u00e7\u00e3o social no pa\u00eds, e a tend\u00eancia \u00e9 que parte do p\u00fablico continue acompanhando os jogos decisivos\u201d, disse Jos\u00e9 Aparecido \u201cApesar da derrota para a Noruega, estamos felizes em ter proporcionado eventos abertos ao publico com tel\u00f5es, at\u00e9 arquibancada, e apresenta\u00e7\u00f5es musicais\u201d, refor\u00e7ou o diretor do Sesc, Valcides Ara\u00fajo.<\/span><\/p>\n<p><img loading=\"lazy\" decoding=\"async\" class=\"aligncenter size-medium wp-image-23317\" src=\"https:\/\/blogs.correiobraziliense.com.br\/capital-sa\/wp-content\/uploads\/sites\/59\/2026\/07\/62218246-7ad5-4700-b3a7-63008700662e-300x200.jpeg\" alt=\"\" width=\"300\" height=\"200\" srcset=\"https:\/\/blogs.correiobraziliense.com.br\/capital-sa\/wp-content\/uploads\/sites\/59\/2026\/07\/62218246-7ad5-4700-b3a7-63008700662e-300x200.jpeg 300w, https:\/\/blogs.correiobraziliense.com.br\/capital-sa\/wp-content\/uploads\/sites\/59\/2026\/07\/62218246-7ad5-4700-b3a7-63008700662e-768x512.jpeg 768w, https:\/\/blogs.correiobraziliense.com.br\/capital-sa\/wp-content\/uploads\/sites\/59\/2026\/07\/62218246-7ad5-4700-b3a7-63008700662e-1024x683.jpeg 1024w, https:\/\/blogs.correiobraziliense.com.br\/capital-sa\/wp-content\/uploads\/sites\/59\/2026\/07\/62218246-7ad5-4700-b3a7-63008700662e-800x534.jpeg 800w, https:\/\/blogs.correiobraziliense.com.br\/capital-sa\/wp-content\/uploads\/sites\/59\/2026\/07\/62218246-7ad5-4700-b3a7-63008700662e-550x367.jpeg 550w, https:\/\/blogs.correiobraziliense.com.br\/capital-sa\/wp-content\/uploads\/sites\/59\/2026\/07\/62218246-7ad5-4700-b3a7-63008700662e-230x153.jpeg 230w, https:\/\/blogs.correiobraziliense.com.br\/capital-sa\/wp-content\/uploads\/sites\/59\/2026\/07\/62218246-7ad5-4700-b3a7-63008700662e.jpeg 1280w\" sizes=\"auto, (max-width: 300px) 100vw, 300px\" \/><\/p>\n<p class=\"p1\"><strong><span class=\"s1\">Programa\u00e7\u00e3o no Setor de Divers\u00f5es Sul<\/span><\/strong><\/p>\n<p class=\"p1\"><span class=\"s1\">Empres\u00e1rio do setor de eventos e coordenador-l\u00edder da C\u00e2mara de Economia Criativa da Fecom\u00e9rcio-DF, Reinaldo Gomes afirma que sua produtora, a Influ, manter\u00e1 a agenda de festas em parceria com o coletivo Birosca, no Setor de Divers\u00f5es Sul, o Conic.<br \/>\n<\/span><\/p>\n<p class=\"p1\"><span class=\"s1\">\u201cSeguiremos com a programa\u00e7\u00e3o nas quartas de final, na semifinal e na final, nos dias 11, 14 e 19 de julho. A partir de agora, vamos investir ainda mais na diversidade de atra\u00e7\u00f5es. O p\u00fablico poder\u00e1 acompanhar os jogos de outras sele\u00e7\u00f5es e tamb\u00e9m assistir a artistas de express\u00e3o nacional, como Leci Brand\u00e3o, que se apresenta no pr\u00f3ximo s\u00e1bado\u201d, explicou.<\/span><\/p>\n<p><img loading=\"lazy\" decoding=\"async\" class=\"aligncenter size-medium wp-image-23318\" src=\"https:\/\/blogs.correiobraziliense.com.br\/capital-sa\/wp-content\/uploads\/sites\/59\/2026\/07\/7cfaaea4-7c85-491c-ba2e-fe250d5f4701-300x225.jpeg\" alt=\"\" width=\"300\" height=\"225\" srcset=\"https:\/\/blogs.correiobraziliense.com.br\/capital-sa\/wp-content\/uploads\/sites\/59\/2026\/07\/7cfaaea4-7c85-491c-ba2e-fe250d5f4701-300x225.jpeg 300w, https:\/\/blogs.correiobraziliense.com.br\/capital-sa\/wp-content\/uploads\/sites\/59\/2026\/07\/7cfaaea4-7c85-491c-ba2e-fe250d5f4701-768x576.jpeg 768w, https:\/\/blogs.correiobraziliense.com.br\/capital-sa\/wp-content\/uploads\/sites\/59\/2026\/07\/7cfaaea4-7c85-491c-ba2e-fe250d5f4701-1024x768.jpeg 1024w, https:\/\/blogs.correiobraziliense.com.br\/capital-sa\/wp-content\/uploads\/sites\/59\/2026\/07\/7cfaaea4-7c85-491c-ba2e-fe250d5f4701-800x600.jpeg 800w, https:\/\/blogs.correiobraziliense.com.br\/capital-sa\/wp-content\/uploads\/sites\/59\/2026\/07\/7cfaaea4-7c85-491c-ba2e-fe250d5f4701-550x413.jpeg 550w, https:\/\/blogs.correiobraziliense.com.br\/capital-sa\/wp-content\/uploads\/sites\/59\/2026\/07\/7cfaaea4-7c85-491c-ba2e-fe250d5f4701-230x173.jpeg 230w, https:\/\/blogs.correiobraziliense.com.br\/capital-sa\/wp-content\/uploads\/sites\/59\/2026\/07\/7cfaaea4-7c85-491c-ba2e-fe250d5f4701.jpeg 1280w\" sizes=\"auto, (max-width: 300px) 100vw, 300px\" \/><\/p>\n<p>&nbsp;<\/p>\n","protected":false},"excerpt":{"rendered":"<p>Por SAMANTA SALLUM\u00a0 A elimina\u00e7\u00e3o do Brasil nas oitavas de final da Copa do Mundo de 2026 tende a desacelerar o desempenho de segmentos do com\u00e9rcio e dos servi\u00e7os que estavam diretamente ligados ao torneio, especialmente alimenta\u00e7\u00e3o fora do lar, bares, restaurantes, supermercados, eventos, vestu\u00e1rio, bebidas e artigos esportivos. Ainda assim, muitas empresas manter\u00e3o o cronograma apostando no p\u00fablico que [&hellip;]<\/p>\n","protected":false},"author":125,"featured_media":23315,"comment_status":"open","ping_status":"open","sticky":false,"template":"","format":"standard","meta":{"footnotes":""},"categories":[6],"tags":[],"class_list":["post-23312","post","type-post","status-publish","format-standard","has-post-thumbnail","hentry","category-coluna-capital-s-a"],"_links":{"self":[{"href":"https:\/\/blogs.correiobraziliense.com.br\/capital-sa\/wp-json\/wp\/v2\/posts\/23312","targetHints":{"allow":["GET"]}}],"collection":[{"href":"https:\/\/blogs.correiobraziliense.com.br\/capital-sa\/wp-json\/wp\/v2\/posts"}],"about":[{"href":"https:\/\/blogs.correiobraziliense.com.br\/capital-sa\/wp-json\/wp\/v2\/types\/post"}],"author":[{"embeddable":true,"href":"https:\/\/blogs.correiobraziliense.com.br\/capital-sa\/wp-json\/wp\/v2\/users\/125"}],"replies":[{"embeddable":true,"href":"https:\/\/blogs.correiobraziliense.com.br\/capital-sa\/wp-json\/wp\/v2\/comments?post=23312"}],"version-history":[{"count":6,"href":"https:\/\/blogs.correiobraziliense.com.br\/capital-sa\/wp-json\/wp\/v2\/posts\/23312\/revisions"}],"predecessor-version":[{"id":23321,"href":"https:\/\/blogs.correiobraziliense.com.br\/capital-sa\/wp-json\/wp\/v2\/posts\/23312\/revisions\/23321"}],"wp:featuredmedia":[{"embeddable":true,"href":"https:\/\/blogs.correiobraziliense.com.br\/capital-sa\/wp-json\/wp\/v2\/media\/23315"}],"wp:attachment":[{"href":"https:\/\/blogs.correiobraziliense.com.br\/capital-sa\/wp-json\/wp\/v2\/media?parent=23312"}],"wp:term":[{"taxonomy":"category","embeddable":true,"href":"https:\/\/blogs.correiobraziliense.com.br\/capital-sa\/wp-json\/wp\/v2\/categories?post=23312"},{"taxonomy":"post_tag","embeddable":true,"href":"https:\/\/blogs.correiobraziliense.com.br\/capital-sa\/wp-json\/wp\/v2\/tags?post=23312"}],"curies":[{"name":"wp","href":"https:\/\/api.w.org\/{rel}","templated":true}]}}