{"id":23250,"date":"2026-06-30T13:45:22","date_gmt":"2026-06-30T16:45:22","guid":{"rendered":"https:\/\/blogs.correiobraziliense.com.br\/capital-sa\/?p=23250"},"modified":"2026-06-30T13:58:16","modified_gmt":"2026-06-30T16:58:16","slug":"gdf-pede-dois-anos-de-carencia-para-pagar-emprestimo-de-ajuda-ao-brb","status":"publish","type":"post","link":"https:\/\/blogs.correiobraziliense.com.br\/capital-sa\/2026\/06\/30\/gdf-pede-dois-anos-de-carencia-para-pagar-emprestimo-de-ajuda-ao-brb\/","title":{"rendered":"GDF pede dois anos de car\u00eancia para pagar empr\u00e9stimo de ajuda ao BRB"},"content":{"rendered":"<p><strong>Por SAMANTA SALLUM\u00a0<\/strong><\/p>\n<p class=\"p1\">Em meio \u00e0s negocia\u00e7\u00f5es com o Fundo Garantidor de Cr\u00e9dito para o empr\u00e9stimo de R$ 6,6 bilh\u00f5es em socorro ao BRB, o Governo do Distrito Federal pediu dois anos de car\u00eancia para o pagamento. Em outra frente de tratativas para obter o aval do grupo de bancos para a opera\u00e7\u00e3o, garantiu em documento oficial, enviado ontem ao Banco do Brasil, que tem capacidade de pagar o financiamento.<\/p>\n<p class=\"p1\">O BB lidera o cons\u00f3rcio de institui\u00e7\u00f5es financeiras p\u00fablicas e privadas que pretende ser o avalista da opera\u00e7\u00e3o de empr\u00e9stimo do GDF com o FGC, depois de homologado o acordo judicial no STF com o Minist\u00e9rio da Fazenda.<\/p>\n<p class=\"p1\"><span class=\"s1\">A coluna apurou que a Secretaria de Economia informou em documento ao Banco do Brasil que a gest\u00e3o da governadora Celina Le\u00e3o baixou normas para controle de gastos e reequil\u00edbrio fiscal. E que, assim, o GDF ter\u00e1 capacidade de utilizar cerca 2% da receita corrente l\u00edquida para pagar as parcelas do empr\u00e9stimo.<br \/>\n<\/span><\/p>\n<p class=\"p1\"><span class=\"s1\">O BB tinha ficado apreensivo com o balan\u00e7o fiscal do DF at\u00e9 mar\u00e7o, com gastos de 97% do or\u00e7amento com despesas correntes. Al\u00e9m da nota C de Capag (capacidade de pagamento). A previs\u00e3o do GDF \u00e9 cortar 12% de despesas at\u00e9 o fim do ano para elevar a nota para A ou B.<\/span><\/p>\n<p><iframe loading=\"lazy\" title=\"A NOVA ERA DA SAUDABILIDADE: O IMPACTO NO CONSUMO DOS BRASILEIROS\" width=\"1440\" height=\"810\" src=\"https:\/\/www.youtube.com\/embed\/ELJ_GEa53o4?feature=oembed\" frameborder=\"0\" allow=\"accelerometer; autoplay; clipboard-write; encrypted-media; gyroscope; picture-in-picture; web-share\" referrerpolicy=\"strict-origin-when-cross-origin\" allowfullscreen><\/iframe><\/p>\n<p class=\"p1\"><strong><em><span class=\"s1\">LDO 2027 ser\u00e1 votada hoje com previs\u00e3o de superavit <\/span><\/em><\/strong><\/p>\n<p class=\"p1\"><span class=\"s1\">Est\u00e1 prevista para hoje na C\u00e2mara Legislativa a vota\u00e7\u00e3o da Lei de Diretrizes Or\u00e7ament\u00e1rias do DF para 2027. No projeto apresentado pela Secretaria de Economia, h\u00e1 a previs\u00e3o de superavit neste ano de 5% da receita l\u00edquida corrente, o que representa cerca de R$ 2 bilh\u00f5es. Nos \u00faltimos tr\u00eas anos, a LDO do GDF apontou deficits.<br \/>\n<\/span><\/p>\n<p>O projeto n\u00e3o prev\u00ea especificamente ainda o impacto do empr\u00e9stimo do BRB no or\u00e7amento do DF de 2027. A Secretaria de Economia alega que s\u00f3 ser\u00e1 poss\u00edvel depois do contrato de financiamento fechado com todas as condi\u00e7\u00f5es de pagamento definidas. Se for conseguida a car\u00eancia de dois anos, o impacto de come\u00e7ar\u00e1 a ser sentido no final de 2028. Mas o GDF afirma que tem j\u00e1 condi\u00e7\u00f5es de come\u00e7ar o pagamento se for necess\u00e1rio.<\/p>\n<p><em>A LDO para 2027 prev\u00ea R$ 75 bilh\u00f5es de recursos para o Distrito Federal. Governo afirma no projeto que \u201cem curt\u00edssimo prazo\u201d vai reequilibrar as contas publicas e devolver o BRB \u201csadio\u201d<\/em><\/p>\n<p><strong>\u00daltimo ano de mandato\u00a0<\/strong><\/p>\n<p class=\"p1\"><span class=\"s1\">A preocupa\u00e7\u00e3o do Pal\u00e1cio do Buriti \u00e9 que esse \u00faltimo ano de mandato n\u00e3o se pode ferir tamb\u00e9m a Lei de Responsabilidade Fiscal. Celina Le\u00e3o e Ibaneis Rocha responderiam pelo descumprimento das regras fiscais. A LDO tamb\u00e9m aponta para o mesmo superavit em 2027. Se mandasse o texto com previs\u00e3o de deficit, o GDF j\u00e1 estaria apontando para uma grave irregularidade fiscal.<\/span><\/p>\n<p class=\"p1\"><strong><span class=\"s1\">Concursos e nomea\u00e7\u00f5es condicionados a equil\u00edbrio fiscal <\/span><\/strong><\/p>\n<p class=\"p1\"><span class=\"s1\">O impedimento do GDF em realizar concursos, reajustes salariais e nomea\u00e7\u00f5es n\u00e3o est\u00e1 exatamente atrelado ao pagamento do empr\u00e9stimo do BRB. Na LDO para 2027, o projeto aponta a necessidade de equil\u00edbrio fiscal. O Executivo local est\u00e1 impedido por estar ferindo o artigo 167 da Constitui\u00e7\u00e3o, que define teto de 85% do or\u00e7amento com despesas correntes, o que inclui gastos com funcionalismo e manuten\u00e7\u00e3o da m\u00e1quina.<\/span><\/p>\n<p class=\"p1\"><span class=\"s1\"> O GDF vinha registrando 95%. J\u00e1 conseguiu baixar para 93%. A previs\u00e3o da Secretaria de Economia \u00e9 de que at\u00e9 agosto consiga baixar para 85%. A lei eleitoral tamb\u00e9m \u00e9 outro impeditivo.<\/span><\/p>\n<p class=\"p1\"><strong><em><span class=\"s1\">Or\u00e7amento final com elei\u00e7\u00f5es definidas <\/span><\/em><\/strong><\/p>\n<p class=\"p1\"><span class=\"s1\">A LDO que vai ser votada hoje vai definir as diretrizes para a Lei Or\u00e7ament\u00e1ria do fim do ano. Vale lembrar que quando essa realmente for votada em dezembro j\u00e1 se saber\u00e1 quem ser\u00e1 o futuro governador ou governadora de Bras\u00edlia. E isso pode mudar o cen\u00e1rio da destina\u00e7\u00e3o de recursos.<\/span><\/p>\n<div class=\"entry-content mgt-xlarge\">\n<div class=\"entry-content mgt-xlarge\">\n<div class=\"entry-content mgt-xlarge\">\n<p><strong>Acompanhe a Capital S\/A na TV Bras\u00edlia \u00e0s ter\u00e7as e \u00e0s quintas-feiras, 18h30, no JL ao vivo<\/strong><\/p>\n<\/div>\n<\/div>\n<\/div>\n","protected":false},"excerpt":{"rendered":"<p>Por SAMANTA SALLUM\u00a0 Em meio \u00e0s negocia\u00e7\u00f5es com o Fundo Garantidor de Cr\u00e9dito para o empr\u00e9stimo de R$ 6,6 bilh\u00f5es em socorro ao BRB, o Governo do Distrito Federal pediu dois anos de car\u00eancia para o pagamento. Em outra frente de tratativas para obter o aval do grupo de bancos para a opera\u00e7\u00e3o, garantiu em documento oficial, enviado ontem ao [&hellip;]<\/p>\n","protected":false},"author":125,"featured_media":23255,"comment_status":"open","ping_status":"open","sticky":false,"template":"","format":"standard","meta":{"footnotes":""},"categories":[6],"tags":[],"class_list":["post-23250","post","type-post","status-publish","format-standard","has-post-thumbnail","hentry","category-coluna-capital-s-a"],"_links":{"self":[{"href":"https:\/\/blogs.correiobraziliense.com.br\/capital-sa\/wp-json\/wp\/v2\/posts\/23250","targetHints":{"allow":["GET"]}}],"collection":[{"href":"https:\/\/blogs.correiobraziliense.com.br\/capital-sa\/wp-json\/wp\/v2\/posts"}],"about":[{"href":"https:\/\/blogs.correiobraziliense.com.br\/capital-sa\/wp-json\/wp\/v2\/types\/post"}],"author":[{"embeddable":true,"href":"https:\/\/blogs.correiobraziliense.com.br\/capital-sa\/wp-json\/wp\/v2\/users\/125"}],"replies":[{"embeddable":true,"href":"https:\/\/blogs.correiobraziliense.com.br\/capital-sa\/wp-json\/wp\/v2\/comments?post=23250"}],"version-history":[{"count":11,"href":"https:\/\/blogs.correiobraziliense.com.br\/capital-sa\/wp-json\/wp\/v2\/posts\/23250\/revisions"}],"predecessor-version":[{"id":23262,"href":"https:\/\/blogs.correiobraziliense.com.br\/capital-sa\/wp-json\/wp\/v2\/posts\/23250\/revisions\/23262"}],"wp:featuredmedia":[{"embeddable":true,"href":"https:\/\/blogs.correiobraziliense.com.br\/capital-sa\/wp-json\/wp\/v2\/media\/23255"}],"wp:attachment":[{"href":"https:\/\/blogs.correiobraziliense.com.br\/capital-sa\/wp-json\/wp\/v2\/media?parent=23250"}],"wp:term":[{"taxonomy":"category","embeddable":true,"href":"https:\/\/blogs.correiobraziliense.com.br\/capital-sa\/wp-json\/wp\/v2\/categories?post=23250"},{"taxonomy":"post_tag","embeddable":true,"href":"https:\/\/blogs.correiobraziliense.com.br\/capital-sa\/wp-json\/wp\/v2\/tags?post=23250"}],"curies":[{"name":"wp","href":"https:\/\/api.w.org\/{rel}","templated":true}]}}