{"id":23191,"date":"2026-06-26T22:31:45","date_gmt":"2026-06-27T01:31:45","guid":{"rendered":"https:\/\/blogs.correiobraziliense.com.br\/capital-sa\/?p=23191"},"modified":"2026-06-30T16:23:27","modified_gmt":"2026-06-30T19:23:27","slug":"nota-legal-vai-devolver-r-179-milhoes-de-creditos-em-dinheiro","status":"publish","type":"post","link":"https:\/\/blogs.correiobraziliense.com.br\/capital-sa\/2026\/06\/26\/nota-legal-vai-devolver-r-179-milhoes-de-creditos-em-dinheiro\/","title":{"rendered":"\u00daltimo dia: Nota Legal vai devolver R$ 179 milh\u00f5es de cr\u00e9ditos em dinheiro"},"content":{"rendered":"<p><em>Prazo termina nesta ter\u00e7a-feira para inscritos no programa pedirem \u00e0 Secretaria \u00a0de Economia do DF o dep\u00f3sito do saldo que possuem em conta banc\u00e1ria\u00a0<\/em><\/p>\n<p class=\"p1\"><strong>Por SAMANTA SALLUM\u00a0<\/strong><\/p>\n<p class=\"p1\"><span class=\"s1\">Aten\u00e7\u00e3o quem tem CPF inscrito no programa Nota Legal, da Secretaria de Economia do DF, pois pode ter direito a cashback. Cerca de 970 mil contribuintes t\u00eam a receber algum valor, somando um total de R$ 180 milh\u00f5es a serem pagos pelo GDF.<\/span><\/p>\n<p class=\"p1\"><span class=\"s1\">O prazo para solicitar o pagamento acaba dia 30, pr\u00f3xima ter\u00e7a-feira. Os cr\u00e9ditos acumulados podem ser pagos em dinheiro, depositados diretamente na conta banc\u00e1ria. Mas, para isso, \u00e9 preciso entrar no site do Nota Legal e fazer a indica\u00e7\u00e3o do pagamento.<\/span><\/p>\n<p><strong><span class=\"s1\">Em dia com impostos\u00a0<\/span><\/strong><\/p>\n<p class=\"p1\"><span class=\"s1\">O contribuinte s\u00f3 poder\u00e1 indicar conta banc\u00e1ria em seu nome. N\u00e3o ser\u00e3o transferidos valores para contas de terceiros. Para requerer a devolu\u00e7\u00e3o em dinheiro, os contribuintes tamb\u00e9m n\u00e3o podem ter d\u00e9bitos em aberto junto ao Governo do Distrito Federal. Os pagamentos est\u00e3o previstos para ocorrer a partir de setembro.<\/span><\/p>\n<p><iframe loading=\"lazy\" title=\"DIRETORIA DA FECOM\u00c9RCIO DF TOMA POSSE PARA GEST\u00c3O AT\u00c9 2030  | CAPITAL S\/A\" width=\"1440\" height=\"810\" src=\"https:\/\/www.youtube.com\/embed\/YJr0ubVt3Ck?feature=oembed\" frameborder=\"0\" allow=\"accelerometer; autoplay; clipboard-write; encrypted-media; gyroscope; picture-in-picture; web-share\" referrerpolicy=\"strict-origin-when-cross-origin\" allowfullscreen><\/iframe><\/p>\n<p><strong><span class=\"s1\">Plano Piloto e Ceil\u00e2ndia lideram pedidos<\/span><\/strong><\/p>\n<p class=\"p1\"><span class=\"s1\">At\u00e9 ontem, 134 mil cadastrados no Nota Legal haviam indicado seus dados para ter o cashback. O total passava dos R$ 37 milh\u00f5es. O Plano Piloto \u00e9 a regi\u00e3o administrativa com mais designa\u00e7\u00f5es de informa\u00e7\u00f5es banc\u00e1rias, com 21,2 mil. Em seguida, vem Ceil\u00e2ndia, com 11,8 mil. Taguatinga (10,3 mil) e \u00c1guas Claras (9,5 mil) v\u00eam a seguir.\u00a0<\/span><\/p>\n<div class=\"entry-content mgt-xlarge\">\n<div class=\"entry-content mgt-xlarge\">\n<p><strong>Acompanhe a Capital S\/A na TV Bras\u00edlia \u00e0s ter\u00e7as e \u00e0s quintas-feiras, 18h30, no JL ao vivo<\/strong><\/p>\n<\/div>\n<\/div>\n","protected":false},"excerpt":{"rendered":"<p>Prazo termina nesta ter\u00e7a-feira para inscritos no programa pedirem \u00e0 Secretaria \u00a0de Economia do DF o dep\u00f3sito do saldo que possuem em conta banc\u00e1ria\u00a0 Por SAMANTA SALLUM\u00a0 Aten\u00e7\u00e3o quem tem CPF inscrito no programa Nota Legal, da Secretaria de Economia do DF, pois pode ter direito a cashback. Cerca de 970 mil contribuintes t\u00eam a receber algum valor, somando um [&hellip;]<\/p>\n","protected":false},"author":125,"featured_media":23225,"comment_status":"open","ping_status":"open","sticky":false,"template":"","format":"standard","meta":{"footnotes":""},"categories":[6],"tags":[],"class_list":["post-23191","post","type-post","status-publish","format-standard","has-post-thumbnail","hentry","category-coluna-capital-s-a"],"_links":{"self":[{"href":"https:\/\/blogs.correiobraziliense.com.br\/capital-sa\/wp-json\/wp\/v2\/posts\/23191","targetHints":{"allow":["GET"]}}],"collection":[{"href":"https:\/\/blogs.correiobraziliense.com.br\/capital-sa\/wp-json\/wp\/v2\/posts"}],"about":[{"href":"https:\/\/blogs.correiobraziliense.com.br\/capital-sa\/wp-json\/wp\/v2\/types\/post"}],"author":[{"embeddable":true,"href":"https:\/\/blogs.correiobraziliense.com.br\/capital-sa\/wp-json\/wp\/v2\/users\/125"}],"replies":[{"embeddable":true,"href":"https:\/\/blogs.correiobraziliense.com.br\/capital-sa\/wp-json\/wp\/v2\/comments?post=23191"}],"version-history":[{"count":15,"href":"https:\/\/blogs.correiobraziliense.com.br\/capital-sa\/wp-json\/wp\/v2\/posts\/23191\/revisions"}],"predecessor-version":[{"id":23263,"href":"https:\/\/blogs.correiobraziliense.com.br\/capital-sa\/wp-json\/wp\/v2\/posts\/23191\/revisions\/23263"}],"wp:featuredmedia":[{"embeddable":true,"href":"https:\/\/blogs.correiobraziliense.com.br\/capital-sa\/wp-json\/wp\/v2\/media\/23225"}],"wp:attachment":[{"href":"https:\/\/blogs.correiobraziliense.com.br\/capital-sa\/wp-json\/wp\/v2\/media?parent=23191"}],"wp:term":[{"taxonomy":"category","embeddable":true,"href":"https:\/\/blogs.correiobraziliense.com.br\/capital-sa\/wp-json\/wp\/v2\/categories?post=23191"},{"taxonomy":"post_tag","embeddable":true,"href":"https:\/\/blogs.correiobraziliense.com.br\/capital-sa\/wp-json\/wp\/v2\/tags?post=23191"}],"curies":[{"name":"wp","href":"https:\/\/api.w.org\/{rel}","templated":true}]}}