{"id":23128,"date":"2026-06-19T14:06:16","date_gmt":"2026-06-19T17:06:16","guid":{"rendered":"https:\/\/blogs.correiobraziliense.com.br\/capital-sa\/?p=23128"},"modified":"2026-06-25T00:01:44","modified_gmt":"2026-06-25T03:01:44","slug":"operacao-black-tie-ney-ferraz-em-carro-de-r-1-milhao","status":"publish","type":"post","link":"https:\/\/blogs.correiobraziliense.com.br\/capital-sa\/2026\/06\/19\/operacao-black-tie-ney-ferraz-em-carro-de-r-1-milhao\/","title":{"rendered":"Opera\u00e7\u00e3o Black Tie: Ney Ferraz em carro de R$ 1 milh\u00e3o"},"content":{"rendered":"<p><img loading=\"lazy\" decoding=\"async\" class=\"aligncenter size-medium wp-image-23139\" src=\"https:\/\/blogs.correiobraziliense.com.br\/capital-sa\/wp-content\/uploads\/sites\/59\/2026\/06\/ab7297ae-b0b2-4470-9683-d03c53de4aec-1-261x300.jpeg\" alt=\"\" width=\"261\" height=\"300\" srcset=\"https:\/\/blogs.correiobraziliense.com.br\/capital-sa\/wp-content\/uploads\/sites\/59\/2026\/06\/ab7297ae-b0b2-4470-9683-d03c53de4aec-1-261x300.jpeg 261w, https:\/\/blogs.correiobraziliense.com.br\/capital-sa\/wp-content\/uploads\/sites\/59\/2026\/06\/ab7297ae-b0b2-4470-9683-d03c53de4aec-1-550x633.jpeg 550w, https:\/\/blogs.correiobraziliense.com.br\/capital-sa\/wp-content\/uploads\/sites\/59\/2026\/06\/ab7297ae-b0b2-4470-9683-d03c53de4aec-1-230x265.jpeg 230w, https:\/\/blogs.correiobraziliense.com.br\/capital-sa\/wp-content\/uploads\/sites\/59\/2026\/06\/ab7297ae-b0b2-4470-9683-d03c53de4aec-1.jpeg 728w\" sizes=\"auto, (max-width: 261px) 100vw, 261px\" \/><\/p>\n<p><em><br \/>\nAp\u00f3s opera\u00e7\u00e3o policial, governadora do DF exonerou servidor ligado ao ex-secret\u00e1rio de Economia e alvo tamb\u00e9m das investiga\u00e7\u00f5es\u00a0<\/em><\/p>\n<p class=\"p1\"><strong><span class=\"s1\">Por SAMANTA SALLUM<\/span><\/strong><\/p>\n<p class=\"p1\"><span class=\"s1\">Ney Ferraz, ex-secret\u00e1rio de Economia do governo Ibaneis Rocha, chamou aten\u00e7\u00e3o n\u00e3o somente por gastos com ternos Ermenegildo Zegna, pagando R$ 50 mil, em dinheiro vivo, em loja do shopping Iguatemi. Foi tamb\u00e9m rastreado em postos de gasolina do Noroeste, bairro onde mora, em carros luxuosos. Um deles, o Chevrolet Corvette 2025, dispon\u00edvel no Brasil, via importa\u00e7\u00e3o independente, com pre\u00e7os que variam geralmente entre R$ 1 milh\u00e3o e R$ 1,5 milh\u00e3o. Foi averiguado que o carro n\u00e3o est\u00e1 em nome de Ney Ferraz. \u00c9 de um empres\u00e1rio de Bras\u00edlia que tem contrato como fornecedor do GDF. Ainda est\u00e1 sendo investigada a rela\u00e7\u00e3o do empres\u00e1rio com o ex-secret\u00e1rio. <\/span><\/p>\n<p class=\"p1\"><span class=\"s1\">Investigadores avaliam que pode haver ind\u00edcio de triangula\u00e7\u00e3o no uso do ve\u00edculo. Est\u00e1 sendo apurado em que circunst\u00e2ncias o carro foi parar com o ex-assessor de Ibaneis. H\u00e1 suspeita de que Ney Ferraz sugeria e solicitava certos mimos a empres\u00e1rios com contratos com o GDF. N\u00e3o se sabe se houve tamb\u00e9m algum tipo de constrangimento.<br \/>\n<\/span><\/p>\n<p class=\"p1\"><span class=\"s1\">A Pol\u00edcia Civil e o Minist\u00e9rio P\u00fablico do Distrito Federal deflagraram na quarta-feira a opera\u00e7\u00e3o Black Tie, sobre<span class=\"Apple-converted-space\">\u00a0 <\/span>suspeitos de crimes contra a administra\u00e7\u00e3o p\u00fablica. Entre eles, o ex-secret\u00e1rio de Economia do DF. Os investigadores encontraram ind\u00edcios da utiliza\u00e7\u00e3o de mecanismos destinados a ocultar a origem de recursos.<\/span><\/p>\n<p>A governadora Celina Le\u00e3o exonerou ontem Luiz Carlos de Sousa do Cargo de Natureza Especial, CNE-03. Ele era Assessor Especial, do Gabinete da Secretaria de Economia do Distrito Federal. Ele \u00e9 ligado a Ney Ferraz e \u00e9 investigado por suspeita de crime \u00e0 administra\u00e7\u00e3o p\u00fablica.<\/p>\n<p><strong>Acompanhe a Capital S\/A na TV Bras\u00edlia todas as ter\u00e7as e quintas-feiras, 18h30\u00a0no JL ao vivo<\/strong><\/p>\n<p><iframe loading=\"lazy\" title=\"ENDIVIDAMENTO BATE NOVO RECORDE NO PA\u00cdS E ATINGE 82% DA POPULA\u00c7\u00c3O\" width=\"1440\" height=\"810\" src=\"https:\/\/www.youtube.com\/embed\/ffaVS9NhLIQ?feature=oembed\" frameborder=\"0\" allow=\"accelerometer; autoplay; clipboard-write; encrypted-media; gyroscope; picture-in-picture; web-share\" referrerpolicy=\"strict-origin-when-cross-origin\" allowfullscreen><\/iframe><\/p>\n<p>&nbsp;<\/p>\n","protected":false},"excerpt":{"rendered":"<p>Ap\u00f3s opera\u00e7\u00e3o policial, governadora do DF exonerou servidor ligado ao ex-secret\u00e1rio de Economia e alvo tamb\u00e9m das investiga\u00e7\u00f5es\u00a0 Por SAMANTA SALLUM Ney Ferraz, ex-secret\u00e1rio de Economia do governo Ibaneis Rocha, chamou aten\u00e7\u00e3o n\u00e3o somente por gastos com ternos Ermenegildo Zegna, pagando R$ 50 mil, em dinheiro vivo, em loja do shopping Iguatemi. Foi tamb\u00e9m rastreado em postos de gasolina do [&hellip;]<\/p>\n","protected":false},"author":125,"featured_media":23133,"comment_status":"open","ping_status":"open","sticky":false,"template":"","format":"standard","meta":{"footnotes":""},"categories":[6],"tags":[],"class_list":["post-23128","post","type-post","status-publish","format-standard","has-post-thumbnail","hentry","category-coluna-capital-s-a"],"_links":{"self":[{"href":"https:\/\/blogs.correiobraziliense.com.br\/capital-sa\/wp-json\/wp\/v2\/posts\/23128","targetHints":{"allow":["GET"]}}],"collection":[{"href":"https:\/\/blogs.correiobraziliense.com.br\/capital-sa\/wp-json\/wp\/v2\/posts"}],"about":[{"href":"https:\/\/blogs.correiobraziliense.com.br\/capital-sa\/wp-json\/wp\/v2\/types\/post"}],"author":[{"embeddable":true,"href":"https:\/\/blogs.correiobraziliense.com.br\/capital-sa\/wp-json\/wp\/v2\/users\/125"}],"replies":[{"embeddable":true,"href":"https:\/\/blogs.correiobraziliense.com.br\/capital-sa\/wp-json\/wp\/v2\/comments?post=23128"}],"version-history":[{"count":9,"href":"https:\/\/blogs.correiobraziliense.com.br\/capital-sa\/wp-json\/wp\/v2\/posts\/23128\/revisions"}],"predecessor-version":[{"id":23155,"href":"https:\/\/blogs.correiobraziliense.com.br\/capital-sa\/wp-json\/wp\/v2\/posts\/23128\/revisions\/23155"}],"wp:featuredmedia":[{"embeddable":true,"href":"https:\/\/blogs.correiobraziliense.com.br\/capital-sa\/wp-json\/wp\/v2\/media\/23133"}],"wp:attachment":[{"href":"https:\/\/blogs.correiobraziliense.com.br\/capital-sa\/wp-json\/wp\/v2\/media?parent=23128"}],"wp:term":[{"taxonomy":"category","embeddable":true,"href":"https:\/\/blogs.correiobraziliense.com.br\/capital-sa\/wp-json\/wp\/v2\/categories?post=23128"},{"taxonomy":"post_tag","embeddable":true,"href":"https:\/\/blogs.correiobraziliense.com.br\/capital-sa\/wp-json\/wp\/v2\/tags?post=23128"}],"curies":[{"name":"wp","href":"https:\/\/api.w.org\/{rel}","templated":true}]}}