{"id":23121,"date":"2026-06-18T13:30:34","date_gmt":"2026-06-18T16:30:34","guid":{"rendered":"https:\/\/blogs.correiobraziliense.com.br\/capital-sa\/?p=23121"},"modified":"2026-06-18T13:33:38","modified_gmt":"2026-06-18T16:33:38","slug":"industria-reage-decepcionada-com-banco-central-economia-brasileira-e-penalizada","status":"publish","type":"post","link":"https:\/\/blogs.correiobraziliense.com.br\/capital-sa\/2026\/06\/18\/industria-reage-decepcionada-com-banco-central-economia-brasileira-e-penalizada\/","title":{"rendered":"Ind\u00fastria reage decepcionada com Banco Central: \u201cEconomia brasileira \u00e9 penalizada\u201d"},"content":{"rendered":"<p class=\"p1\"><em>45% do setor projeta alta do endividamento banc\u00e1rio nos pr\u00f3ximos tr\u00eas meses\u00a0<\/em><\/p>\n<p class=\"p1\"><strong><span class=\"s1\">Por SAMANTA SALLUM <\/span><\/strong><\/p>\n<p class=\"p1\"><span class=\"s1\">A decis\u00e3o do Comit\u00ea de Pol\u00edtica Monet\u00e1ria (Copom) do Banco Central de reduzir a taxa de juros, a Selic, em 0,25 ponto percentual (p.p) para 14,25% ao ano (a.a.) foi considerada insuficiente e incapaz de reverter \u201co quadro de estagna\u00e7\u00e3o dos investimentos e asfixia financeira das empresas e das fam\u00edlias brasileiras\u201d, afirma a Confedera\u00e7\u00e3o Nacional da Ind\u00fastria (CNI).<br \/>\n<\/span><\/p>\n<p class=\"p1\"><span class=\"s1\">Segundo a entidade, o novo n\u00edvel da Selic est\u00e1 3,1 pontos percentuais acima do patamar de equil\u00edbrio, de 11,1% a.a., que conseguiria balancear o pleno emprego e o controle da infla\u00e7\u00e3o. Na avalia\u00e7\u00e3o da CNI, o acordo entre Estados Unidos e Ir\u00e3 para o fim da guerra abre cen\u00e1rio para o Banco Central intensificar o ciclo de cortes da Selic na pr\u00f3xima reuni\u00e3o.<\/span><\/p>\n<blockquote>\n<p class=\"p1\"><span class=\"s1\">\u201cEnquanto os juros reais continuarem t\u00e3o elevados, beneficiando diretamente o capital especulativo, o custo do cr\u00e9dito vai seguir inviabilizando os planos de produ\u00e7\u00e3o e expans\u00e3o da ind\u00fastria. Da mesma forma, a medida se mostra ineficaz em aliviar o or\u00e7amento das fam\u00edlias, das empresas e do pr\u00f3prio governo, que seguir\u00e3o estrangulados pelo servi\u00e7o da d\u00edvida, adiando a retomada do consumo e do investimento e a supera\u00e7\u00e3o do fantasma da inadimpl\u00eancia\u201d, Ricardo Alban, presidente da CNI.<\/span><\/p>\n<\/blockquote>\n<p class=\"p1\"><span class=\"s1\">O passivo das empresas deve aumentar no pr\u00f3ximo trimestre em meio a maior necessidade de financiamento para honrar o pagamento de despesas do dia a dia. O levantamento in\u00e9dito divulgado pela Confedera\u00e7\u00e3o Nacional da Ind\u00fastria (CNI) mostra que 45% das empresas industriais projetam alta do endividamento banc\u00e1rio nos pr\u00f3ximos tr\u00eas meses.<\/span><\/p>\n<p class=\"p1\"><span class=\"s1\"> A necessidade de financiamento em contas a receber surge quando uma empresa vende produtos a prazo, mas precisa de dinheiro imediato para pagar despesas do dia a dia.<\/span><\/p>\n<p><iframe loading=\"lazy\" title=\"A NOVA ERA DA SAUDABILIDADE: O IMPACTO NO CONSUMO DOS BRASILEIROS\" width=\"1440\" height=\"810\" src=\"https:\/\/www.youtube.com\/embed\/ELJ_GEa53o4?feature=oembed\" frameborder=\"0\" allow=\"accelerometer; autoplay; clipboard-write; encrypted-media; gyroscope; picture-in-picture; web-share\" referrerpolicy=\"strict-origin-when-cross-origin\" allowfullscreen><\/iframe><\/p>\n<p class=\"p1\"><strong><span class=\"s1\">Capital de giro<\/span><\/strong><\/p>\n<p class=\"p1\"><span class=\"s1\">\u201cA pol\u00edtica monet\u00e1ria atual tem afetado as empresas industriais, principalmente, pelo encarecimento do cr\u00e9dito e pelo aumento das despesas financeiras. Com o juro real em torno de 10% ao ano, as empresas enfrentam mais dificuldade para financiar capital de giro, rolar d\u00edvidas e sustentar investimentos\u201d, afirma Maria Virginia Colusso, analista de Pol\u00edticas e Ind\u00fastria da CNI.<\/span><\/p>\n<div class=\"entry-content mgt-xlarge\">\n<p class=\"p1\"><span class=\"s1\"><strong>Acompanhe a Capital S\/A na TV Bras\u00edlia todas as ter\u00e7as e quintas-feiras, 18h30\u00a0no JL ao vivo<\/strong><br \/>\n<\/span><\/p>\n<p>&nbsp;<\/p>\n<\/div>\n","protected":false},"excerpt":{"rendered":"<p>45% do setor projeta alta do endividamento banc\u00e1rio nos pr\u00f3ximos tr\u00eas meses\u00a0 Por SAMANTA SALLUM A decis\u00e3o do Comit\u00ea de Pol\u00edtica Monet\u00e1ria (Copom) do Banco Central de reduzir a taxa de juros, a Selic, em 0,25 ponto percentual (p.p) para 14,25% ao ano (a.a.) foi considerada insuficiente e incapaz de reverter \u201co quadro de estagna\u00e7\u00e3o dos investimentos e asfixia financeira [&hellip;]<\/p>\n","protected":false},"author":125,"featured_media":23125,"comment_status":"open","ping_status":"open","sticky":false,"template":"","format":"standard","meta":{"footnotes":""},"categories":[6],"tags":[],"class_list":["post-23121","post","type-post","status-publish","format-standard","has-post-thumbnail","hentry","category-coluna-capital-s-a"],"_links":{"self":[{"href":"https:\/\/blogs.correiobraziliense.com.br\/capital-sa\/wp-json\/wp\/v2\/posts\/23121","targetHints":{"allow":["GET"]}}],"collection":[{"href":"https:\/\/blogs.correiobraziliense.com.br\/capital-sa\/wp-json\/wp\/v2\/posts"}],"about":[{"href":"https:\/\/blogs.correiobraziliense.com.br\/capital-sa\/wp-json\/wp\/v2\/types\/post"}],"author":[{"embeddable":true,"href":"https:\/\/blogs.correiobraziliense.com.br\/capital-sa\/wp-json\/wp\/v2\/users\/125"}],"replies":[{"embeddable":true,"href":"https:\/\/blogs.correiobraziliense.com.br\/capital-sa\/wp-json\/wp\/v2\/comments?post=23121"}],"version-history":[{"count":5,"href":"https:\/\/blogs.correiobraziliense.com.br\/capital-sa\/wp-json\/wp\/v2\/posts\/23121\/revisions"}],"predecessor-version":[{"id":23127,"href":"https:\/\/blogs.correiobraziliense.com.br\/capital-sa\/wp-json\/wp\/v2\/posts\/23121\/revisions\/23127"}],"wp:featuredmedia":[{"embeddable":true,"href":"https:\/\/blogs.correiobraziliense.com.br\/capital-sa\/wp-json\/wp\/v2\/media\/23125"}],"wp:attachment":[{"href":"https:\/\/blogs.correiobraziliense.com.br\/capital-sa\/wp-json\/wp\/v2\/media?parent=23121"}],"wp:term":[{"taxonomy":"category","embeddable":true,"href":"https:\/\/blogs.correiobraziliense.com.br\/capital-sa\/wp-json\/wp\/v2\/categories?post=23121"},{"taxonomy":"post_tag","embeddable":true,"href":"https:\/\/blogs.correiobraziliense.com.br\/capital-sa\/wp-json\/wp\/v2\/tags?post=23121"}],"curies":[{"name":"wp","href":"https:\/\/api.w.org\/{rel}","templated":true}]}}