{"id":2312,"date":"2021-03-04T17:23:12","date_gmt":"2021-03-04T20:23:12","guid":{"rendered":"https:\/\/blogs.correiobraziliense.com.br\/capital-sa\/?p=2312"},"modified":"2021-03-04T19:30:00","modified_gmt":"2021-03-04T22:30:00","slug":"senado-suspende-sessoes-presenciais-devido-a-avanco-do-covid","status":"publish","type":"post","link":"https:\/\/blogs.correiobraziliense.com.br\/capital-sa\/2021\/03\/04\/senado-suspende-sessoes-presenciais-devido-a-avanco-do-covid\/","title":{"rendered":"Senado suspende sess\u00f5es presenciais devido a avan\u00e7o da Covid-19"},"content":{"rendered":"<p class=\"p1\">Depois de tr\u00eas senadores, que estiveram no plen\u00e1rio, terem testado positivo para a Covid -19, o presidente do Senado, Rodrigo Pacheco, decidiu suspender as sess\u00f5es presenciais. Os senadores major Ol\u00edmpio, Lasier Martins e Alessandro Vieira est\u00e3o com Covid. E Ciro \u00a0Nogueira apresenta suspeita.<\/p>\n<p class=\"p1\"><span class=\"s1\">A Senado voltar\u00e1 a realizar as sess\u00f5es plen\u00e1rias exclusivamente em sistema virtual a partir da pr\u00f3xima semana. \u00a0Segundo Pacheco, a presid\u00eancia atuou no sentido de avan\u00e7ar no sistema semipresencial, mas o atual cen\u00e1rio epidemiol\u00f3gico do pa\u00eds, com o aumento de casos de cont\u00e1gio e mortes pela Covid-19, imp\u00f4s a revis\u00e3o da decis\u00e3o.<\/span><\/p>\n<p>A \u00faltima atividade semipresencial a ser realizada no plen\u00e1rio \u00e9 a audi\u00eancia \u00a0da Anvisa. Ela estava ocorrendo nesta tarde. Muitos senadores que estavam comparecendo preferiram voltar \u00e0s suas casas.<\/p>\n","protected":false},"excerpt":{"rendered":"<p>Depois de tr\u00eas senadores, que estiveram no plen\u00e1rio, terem testado positivo para a Covid -19, o presidente do Senado, Rodrigo Pacheco, decidiu suspender as sess\u00f5es presenciais. Os senadores major Ol\u00edmpio, Lasier Martins e Alessandro Vieira est\u00e3o com Covid. E Ciro \u00a0Nogueira apresenta suspeita. A Senado voltar\u00e1 a realizar as sess\u00f5es plen\u00e1rias exclusivamente em sistema virtual a partir da pr\u00f3xima semana. [&hellip;]<\/p>\n","protected":false},"author":125,"featured_media":2316,"comment_status":"open","ping_status":"open","sticky":false,"template":"","format":"standard","meta":{"footnotes":""},"categories":[6],"tags":[224,494,492,493],"class_list":["post-2312","post","type-post","status-publish","format-standard","has-post-thumbnail","hentry","category-coluna-capital-s-a","tag-covid-19","tag-plenario","tag-senado","tag-sessoespresenciais"],"_links":{"self":[{"href":"https:\/\/blogs.correiobraziliense.com.br\/capital-sa\/wp-json\/wp\/v2\/posts\/2312","targetHints":{"allow":["GET"]}}],"collection":[{"href":"https:\/\/blogs.correiobraziliense.com.br\/capital-sa\/wp-json\/wp\/v2\/posts"}],"about":[{"href":"https:\/\/blogs.correiobraziliense.com.br\/capital-sa\/wp-json\/wp\/v2\/types\/post"}],"author":[{"embeddable":true,"href":"https:\/\/blogs.correiobraziliense.com.br\/capital-sa\/wp-json\/wp\/v2\/users\/125"}],"replies":[{"embeddable":true,"href":"https:\/\/blogs.correiobraziliense.com.br\/capital-sa\/wp-json\/wp\/v2\/comments?post=2312"}],"version-history":[{"count":16,"href":"https:\/\/blogs.correiobraziliense.com.br\/capital-sa\/wp-json\/wp\/v2\/posts\/2312\/revisions"}],"predecessor-version":[{"id":2340,"href":"https:\/\/blogs.correiobraziliense.com.br\/capital-sa\/wp-json\/wp\/v2\/posts\/2312\/revisions\/2340"}],"wp:featuredmedia":[{"embeddable":true,"href":"https:\/\/blogs.correiobraziliense.com.br\/capital-sa\/wp-json\/wp\/v2\/media\/2316"}],"wp:attachment":[{"href":"https:\/\/blogs.correiobraziliense.com.br\/capital-sa\/wp-json\/wp\/v2\/media?parent=2312"}],"wp:term":[{"taxonomy":"category","embeddable":true,"href":"https:\/\/blogs.correiobraziliense.com.br\/capital-sa\/wp-json\/wp\/v2\/categories?post=2312"},{"taxonomy":"post_tag","embeddable":true,"href":"https:\/\/blogs.correiobraziliense.com.br\/capital-sa\/wp-json\/wp\/v2\/tags?post=2312"}],"curies":[{"name":"wp","href":"https:\/\/api.w.org\/{rel}","templated":true}]}}