{"id":23098,"date":"2026-06-17T15:06:11","date_gmt":"2026-06-17T18:06:11","guid":{"rendered":"https:\/\/blogs.correiobraziliense.com.br\/capital-sa\/?p=23098"},"modified":"2026-06-17T23:45:16","modified_gmt":"2026-06-18T02:45:16","slug":"ambev-e-abrasel-se-unem-para-ajudar-bares-e-restaurantes-a-renegociar-dividas","status":"publish","type":"post","link":"https:\/\/blogs.correiobraziliense.com.br\/capital-sa\/2026\/06\/17\/ambev-e-abrasel-se-unem-para-ajudar-bares-e-restaurantes-a-renegociar-dividas\/","title":{"rendered":"Ambev e Abrasel se unem para ajudar bares e restaurantes a renegociar d\u00edvidas"},"content":{"rendered":"<p class=\"p1\"><em>Ser\u00e3o destinados R$ 100 milh\u00f5es para amortizar endividamento de at\u00e9 250 mil empresas do setor<\/em><\/p>\n<p class=\"p1\"><strong><span class=\"s1\">Por SAMANTA SALLUM <\/span><\/strong><\/p>\n<p class=\"p1\"><span class=\"s1\"><strong>Bras\u00edlia &#8211;<\/strong> Um pacote de solu\u00e7\u00f5es financeiras com renegocia\u00e7\u00e3o de d\u00edvidas ser\u00e1 oferecido pela Ambev a 250 mil estabelecimentos no pa\u00eds. Com a Copa do Mundo j\u00e1 movimentando bares e restaurantes em todo o Brasil, a Abrasel (a associa\u00e7\u00e3o que representa o setor de alimenta\u00e7\u00e3o fora do lar) e a Ambev (empresa gigante do setor de bebidas) formalizaram, na noite de ontem, parceria nacional para apoiar empreendedores do setor que enfrentam dificuldades financeiras. E que podem transformar o aumento de demanda no per\u00edodo da competi\u00e7\u00e3o internacional de futebol em recupera\u00e7\u00e3o econ\u00f4mica.<\/span><\/p>\n<p>O an\u00fancio foi feito durante o Congresso Abrasel, em Bras\u00edlia, que reuniu representantes de todo o pa\u00eds do setor de alimenta\u00e7\u00e3o fora do lar.<\/p>\n<p class=\"p1\"><span class=\"s1\">\u201cSer\u00e3o tr\u00eas modalidades de ajuda financeira. A gente est\u00e1 oferecendo cr\u00e9dito para os bares; renegocia\u00e7\u00e3o de d\u00edvida e um programa de microcr\u00e9dito. Ent\u00e3o, s\u00e3o tr\u00eas pilares que fazem parte do pacote de solu\u00e7\u00e3o financeira que vai abranger at\u00e9 250 mil estabelecimentos para aproveitar esse per\u00edodo da Copa do Mundo como oportunidade de gera\u00e7\u00e3o de venda. O dinheiro do microcr\u00e9dito pode ser usado pelo empreendedor para comprar, por exemplo, um tel\u00e3o ou tv para transmitir jogos e atrair mais clientes\u201d, explicou, \u00e0 <strong>Capital S\/A<\/strong>, Rodrigo Moccia (E), diretor de Rela\u00e7\u00f5es Institucionais da Ambev.<br \/>\n\u201cA gente v\u00ea o alto n\u00edvel de endividamento da popula\u00e7\u00e3o, dos empres\u00e1rios, e no nosso setor n\u00e3o \u00e9 diferente\u201d, completou.<\/span><\/p>\n<p class=\"p1\"><span class=\"s1\">A cerveja representa at\u00e9 60% do faturamento de bares e restaurantes. E muitos estabelecimentos est\u00e3o com d\u00edvidas referentes a fornecedores. O acordo chega em um momento desafiador para o setor. Levantamento da Abrasel aponta que 37% dos bares e restaurantes brasileiros enfrentam dificuldades financeiras. <\/span><\/p>\n<blockquote>\n<p class=\"p1\"><span class=\"s1\">\u201cEstamos fechando uma parceria incr\u00edvel com a Ambev. Quatro em cada dez estabelecimentos t\u00eam d\u00edvidas em atraso. E n\u00f3s vamos poder parcelar essas d\u00edvidas em dois anos. Ser\u00e1 poss\u00edvel continuar comprando com melhores taxas e com o nome limpo na pra\u00e7a\u201d, afirmou o presidente da Abrasel, Paulo Solmucci (D). <\/span><\/p>\n<\/blockquote>\n<p class=\"p1\"><span class=\"s1\">Ao mesmo tempo, a Copa j\u00e1 desponta como uma oportunidade de gera\u00e7\u00e3o de receita: 52% dos estabelecimentos pretendem transmitir os jogos e, entre eles, 80% esperam faturar mais do que em dias sem partidas. Outros 59% projetam crescimento de at\u00e9 20% nas receitas durante o torneio.<\/span><\/p>\n<p><iframe loading=\"lazy\" title=\"NORDESTE LIDERA OS MAIORES AVAN\u00c7OS EM DESENVOLVIMENTO HUMANO NO PA\u00cdS, MAS DF CONTINUA EM 1\u00ba LUGAR\" width=\"1440\" height=\"810\" src=\"https:\/\/www.youtube.com\/embed\/-Rl8rVnraLQ?feature=oembed\" frameborder=\"0\" allow=\"accelerometer; autoplay; clipboard-write; encrypted-media; gyroscope; picture-in-picture; web-share\" referrerpolicy=\"strict-origin-when-cross-origin\" allowfullscreen><\/iframe><\/p>\n<p class=\"p1\"><strong><span class=\"s1\">Estrat\u00e9gias para aumentar vendas <\/span><\/strong><\/p>\n<p class=\"p1\"><span class=\"s1\">A iniciativa amplia o alcance do Ambev Bora, programa da companhia voltado \u00e0 gera\u00e7\u00e3o de renda e inclus\u00e3o produtiva no Brasil, conectando bares e restaurantes a condi\u00e7\u00f5es diferenciadas para renegocia\u00e7\u00e3o de d\u00edvidas e linhas de cr\u00e9dito. Tamb\u00e9m conta com programas de capacita\u00e7\u00e3o voltados \u00e0 gest\u00e3o financeira, planejamento e estrat\u00e9gias para aumentar vendas durante o per\u00edodo da competi\u00e7\u00e3o.<\/span><\/p>\n<p class=\"p1\"><strong><span class=\"s1\">Educa\u00e7\u00e3o financeira <\/span><\/strong><\/p>\n<p class=\"p1\"><span class=\"s1\">A expectativa \u00e9 que a combina\u00e7\u00e3o entre cr\u00e9dito, educa\u00e7\u00e3o financeira e aumento do fluxo de consumidores contribua para fortalecer o caixa dos estabelecimentos e ampliar as chances de recupera\u00e7\u00e3o dos neg\u00f3cios.<br \/>\n<strong><span class=\"s1\"><br \/>\nAcompanhe a Capital S\/A na TV Bras\u00edlia todas as ter\u00e7as e quintas-feiras, 18h30\u00a0no JL ao vivo<\/span><\/strong><br \/>\n<\/span><\/p>\n","protected":false},"excerpt":{"rendered":"<p>Ser\u00e3o destinados R$ 100 milh\u00f5es para amortizar endividamento de at\u00e9 250 mil empresas do setor Por SAMANTA SALLUM Bras\u00edlia &#8211; Um pacote de solu\u00e7\u00f5es financeiras com renegocia\u00e7\u00e3o de d\u00edvidas ser\u00e1 oferecido pela Ambev a 250 mil estabelecimentos no pa\u00eds. Com a Copa do Mundo j\u00e1 movimentando bares e restaurantes em todo o Brasil, a Abrasel (a associa\u00e7\u00e3o que representa o [&hellip;]<\/p>\n","protected":false},"author":125,"featured_media":23100,"comment_status":"open","ping_status":"open","sticky":false,"template":"","format":"standard","meta":{"footnotes":""},"categories":[1],"tags":[],"class_list":["post-23098","post","type-post","status-publish","format-standard","has-post-thumbnail","hentry","category-sem-categoria"],"_links":{"self":[{"href":"https:\/\/blogs.correiobraziliense.com.br\/capital-sa\/wp-json\/wp\/v2\/posts\/23098","targetHints":{"allow":["GET"]}}],"collection":[{"href":"https:\/\/blogs.correiobraziliense.com.br\/capital-sa\/wp-json\/wp\/v2\/posts"}],"about":[{"href":"https:\/\/blogs.correiobraziliense.com.br\/capital-sa\/wp-json\/wp\/v2\/types\/post"}],"author":[{"embeddable":true,"href":"https:\/\/blogs.correiobraziliense.com.br\/capital-sa\/wp-json\/wp\/v2\/users\/125"}],"replies":[{"embeddable":true,"href":"https:\/\/blogs.correiobraziliense.com.br\/capital-sa\/wp-json\/wp\/v2\/comments?post=23098"}],"version-history":[{"count":9,"href":"https:\/\/blogs.correiobraziliense.com.br\/capital-sa\/wp-json\/wp\/v2\/posts\/23098\/revisions"}],"predecessor-version":[{"id":23120,"href":"https:\/\/blogs.correiobraziliense.com.br\/capital-sa\/wp-json\/wp\/v2\/posts\/23098\/revisions\/23120"}],"wp:featuredmedia":[{"embeddable":true,"href":"https:\/\/blogs.correiobraziliense.com.br\/capital-sa\/wp-json\/wp\/v2\/media\/23100"}],"wp:attachment":[{"href":"https:\/\/blogs.correiobraziliense.com.br\/capital-sa\/wp-json\/wp\/v2\/media?parent=23098"}],"wp:term":[{"taxonomy":"category","embeddable":true,"href":"https:\/\/blogs.correiobraziliense.com.br\/capital-sa\/wp-json\/wp\/v2\/categories?post=23098"},{"taxonomy":"post_tag","embeddable":true,"href":"https:\/\/blogs.correiobraziliense.com.br\/capital-sa\/wp-json\/wp\/v2\/tags?post=23098"}],"curies":[{"name":"wp","href":"https:\/\/api.w.org\/{rel}","templated":true}]}}