{"id":23090,"date":"2026-06-17T14:31:54","date_gmt":"2026-06-17T17:31:54","guid":{"rendered":"https:\/\/blogs.correiobraziliense.com.br\/capital-sa\/?p=23090"},"modified":"2026-06-17T14:38:52","modified_gmt":"2026-06-17T17:38:52","slug":"prazo-final-das-inscricoes-para-o-premio-sebrae-mulher-de-negocios","status":"publish","type":"post","link":"https:\/\/blogs.correiobraziliense.com.br\/capital-sa\/2026\/06\/17\/prazo-final-das-inscricoes-para-o-premio-sebrae-mulher-de-negocios\/","title":{"rendered":"Prazo final das inscri\u00e7\u00f5es para o Pr\u00eamio Sebrae Mulher de Neg\u00f3cios"},"content":{"rendered":"<p class=\"p1\"><strong>Por SAMANTA SALLUM\u00a0<\/strong><\/p>\n<p class=\"p1\"><span class=\"s1\">As inscri\u00e7\u00f5es para o Pr\u00eamio Sebrae Mulher de Neg\u00f3cios (PSMN) 2026 est\u00e3o em contagem regressiva: o prazo para participar desta edi\u00e7\u00e3o termina na pr\u00f3xima sexta-feira (19). As candidatas concorrer\u00e3o a diversos pr\u00eamios que somam R$ 500 mil. A iniciativa reconhece hist\u00f3rias de mulheres que transformam ideias em resultados com inova\u00e7\u00e3o e fazem a diferen\u00e7a em sua regi\u00e3o, gerando impacto social e econ\u00f4mico.<\/span><\/p>\n<p class=\"p1\"><span class=\"s1\"> Podem participar mulheres maiores de 18 anos, cis ou trans, produtoras rurais, artes\u00e3s, microempreendedoras individuais (MEI) e donas de microempresa (ME) ou empresa de pequeno porte (EPP). Al\u00e9m disso, \u00e9 preciso que o neg\u00f3cio tenha sido formalizado antes de 1\u00ba de janeiro de 2025. Inscri\u00e7\u00f5es podem ser feitas pelo site sebrae.com.br\/subsites\/premio-sebrae-mulher-de-negocios.<\/span><\/p>\n<p class=\"p1\"><strong><span class=\"s1\">Dinheiro e capacita\u00e7\u00e3o profissional <\/span><\/strong><\/p>\n<p class=\"p1\"><span class=\"s1\">As vencedoras de cada uma das cinco categorias em disputa receber\u00e3o R$ 50 mil e mentoria on-line com especialistas. J\u00e1 as segundas e terceiras colocadas recebem R$ 30 mil e R$ 20 mil, respectivamente. Al\u00e9m disso, os tr\u00eas primeiros lugares de cada categoria ter\u00e3o direito \u00e0 capacita\u00e7\u00e3o pelo Empretec, miss\u00e3o t\u00e9cnica e custeio da participa\u00e7\u00e3o presencial na final nacional.<\/span><\/p>\n<p class=\"p1\"><strong><span class=\"s1\">Confira os pr\u00e9-requisitos de cada uma das cinco categorias em disputa<\/span><\/strong><\/p>\n<p class=\"p1\"><span class=\"s1\">\u00bb MEI: mulheres que s\u00e3o microempreendedoras individuais e com faturamento m\u00e1ximo anual de at\u00e9 R$ 81 mil.<\/span><\/p>\n<p class=\"p1\"><span class=\"s1\">\u00bb Pequenos neg\u00f3cios: propriet\u00e1rias de micro e pequenas empresas que tenham faturamento anual de R$ 82 mil a R$ 4,8 milh\u00f5es.<\/span><\/p>\n<p class=\"p1\"><span class=\"s1\">\u00bb Produtoras rurais e artes\u00e3s: mulheres que explorem atividades agr\u00edcolas, pecu\u00e1rias e\/ou pesqueiras e do ramo <\/span>do artesanato.<\/p>\n<p class=\"p1\"><span class=\"s1\">\u00bb Ci\u00eancia e tecnologia: mulheres que criam produtos inovadores usando conhecimentos cient\u00edficos e t\u00e9cnicas avan\u00e7adas ou pioneiras.<\/span><\/p>\n<p class=\"p1\"><span class=\"s1\">\u00bb Neg\u00f3cios internacionais: propriet\u00e1rias de empresas que atuem em mercados internacionais.<\/span><\/p>\n<p><strong><span class=\"s1\">Acompanhe a Capital S\/A na TV Bras\u00edlia todas as ter\u00e7as e quintas-feiras, 18h30\u00a0no JL ao vivo<\/span><\/strong><\/p>\n<p><iframe loading=\"lazy\" title=\"A NOVA ERA DA SAUDABILIDADE: O IMPACTO NO CONSUMO DOS BRASILEIROS\" width=\"1440\" height=\"810\" src=\"https:\/\/www.youtube.com\/embed\/ELJ_GEa53o4?feature=oembed\" frameborder=\"0\" allow=\"accelerometer; autoplay; clipboard-write; encrypted-media; gyroscope; picture-in-picture; web-share\" referrerpolicy=\"strict-origin-when-cross-origin\" allowfullscreen><\/iframe><\/p>\n","protected":false},"excerpt":{"rendered":"<p>Por SAMANTA SALLUM\u00a0 As inscri\u00e7\u00f5es para o Pr\u00eamio Sebrae Mulher de Neg\u00f3cios (PSMN) 2026 est\u00e3o em contagem regressiva: o prazo para participar desta edi\u00e7\u00e3o termina na pr\u00f3xima sexta-feira (19). As candidatas concorrer\u00e3o a diversos pr\u00eamios que somam R$ 500 mil. A iniciativa reconhece hist\u00f3rias de mulheres que transformam ideias em resultados com inova\u00e7\u00e3o e fazem a diferen\u00e7a em sua regi\u00e3o, [&hellip;]<\/p>\n","protected":false},"author":125,"featured_media":23093,"comment_status":"open","ping_status":"open","sticky":false,"template":"","format":"standard","meta":{"footnotes":""},"categories":[6],"tags":[],"class_list":["post-23090","post","type-post","status-publish","format-standard","has-post-thumbnail","hentry","category-coluna-capital-s-a"],"_links":{"self":[{"href":"https:\/\/blogs.correiobraziliense.com.br\/capital-sa\/wp-json\/wp\/v2\/posts\/23090","targetHints":{"allow":["GET"]}}],"collection":[{"href":"https:\/\/blogs.correiobraziliense.com.br\/capital-sa\/wp-json\/wp\/v2\/posts"}],"about":[{"href":"https:\/\/blogs.correiobraziliense.com.br\/capital-sa\/wp-json\/wp\/v2\/types\/post"}],"author":[{"embeddable":true,"href":"https:\/\/blogs.correiobraziliense.com.br\/capital-sa\/wp-json\/wp\/v2\/users\/125"}],"replies":[{"embeddable":true,"href":"https:\/\/blogs.correiobraziliense.com.br\/capital-sa\/wp-json\/wp\/v2\/comments?post=23090"}],"version-history":[{"count":6,"href":"https:\/\/blogs.correiobraziliense.com.br\/capital-sa\/wp-json\/wp\/v2\/posts\/23090\/revisions"}],"predecessor-version":[{"id":23097,"href":"https:\/\/blogs.correiobraziliense.com.br\/capital-sa\/wp-json\/wp\/v2\/posts\/23090\/revisions\/23097"}],"wp:featuredmedia":[{"embeddable":true,"href":"https:\/\/blogs.correiobraziliense.com.br\/capital-sa\/wp-json\/wp\/v2\/media\/23093"}],"wp:attachment":[{"href":"https:\/\/blogs.correiobraziliense.com.br\/capital-sa\/wp-json\/wp\/v2\/media?parent=23090"}],"wp:term":[{"taxonomy":"category","embeddable":true,"href":"https:\/\/blogs.correiobraziliense.com.br\/capital-sa\/wp-json\/wp\/v2\/categories?post=23090"},{"taxonomy":"post_tag","embeddable":true,"href":"https:\/\/blogs.correiobraziliense.com.br\/capital-sa\/wp-json\/wp\/v2\/tags?post=23090"}],"curies":[{"name":"wp","href":"https:\/\/api.w.org\/{rel}","templated":true}]}}