{"id":23079,"date":"2026-06-16T15:10:55","date_gmt":"2026-06-16T18:10:55","guid":{"rendered":"https:\/\/blogs.correiobraziliense.com.br\/capital-sa\/?p=23079"},"modified":"2026-06-16T15:17:32","modified_gmt":"2026-06-16T18:17:32","slug":"flavio-bolsonaro-caiado-e-zema-confirmam-encontro-na-confederacao-da-industria","status":"publish","type":"post","link":"https:\/\/blogs.correiobraziliense.com.br\/capital-sa\/2026\/06\/16\/flavio-bolsonaro-caiado-e-zema-confirmam-encontro-na-confederacao-da-industria\/","title":{"rendered":"Fl\u00e1vio Bolsonaro, Caiado e Zema confirmam encontro na Confedera\u00e7\u00e3o da Ind\u00fastria"},"content":{"rendered":"<p><strong>Por SAMANTA SALLUM\u00a0<\/strong><\/p>\n<p class=\"p1\"><span class=\"s1\">A Confedera\u00e7\u00e3o Nacional da Ind\u00fastria (CNI) fez um chamamento aos pr\u00e9-candidatos \u00e0 Presid\u00eancia da Rep\u00fablica e tr\u00eas j\u00e1 confirmaram. A entidade promove, em 22 de junho, pr\u00f3xima segunda-feira, em Bras\u00edlia, o evento <em>A Ind\u00fastria na Agenda dos Presidenci\u00e1veis,<\/em> que reunir\u00e1 lideran\u00e7as da ind\u00fastria brasileira para debater os principais desafios e oportunidades para o desenvolvimento do pa\u00eds. Os pr\u00e9-candidatos ao Pal\u00e1cio do Planalto Fl\u00e1vio Bolsonaro (PL), Romeu Zema (Novo) e Ronaldo Caiado (PSD) j\u00e1 responderam ao convite, garantindo que estar\u00e3o presentes. Taxa das blusinhas, tarifas dos EUA aos produtos brasileiros e fim da escala 6&#215;1 estar\u00e3o entre os temas a serem tratados.<\/span><\/p>\n<p>As participa\u00e7\u00f5es de cada um ocorrer\u00e3o em momentos distintos entre 12h e 18h. Realizado a cada quatro anos, o evento \u00e9 oportunidade para os concorrentes apresentarem propostas, ouvirem demandas do setor industrial e responderem a perguntas de empres\u00e1rios.<\/p>\n<p class=\"p1\"><strong><span class=\"s1\">\u00c0 espera de Lula <\/span><\/strong><\/p>\n<p class=\"p1\"><span class=\"s1\">Durante o encontro, ser\u00e1 entregue o documento <em>Construindo o Brasil 2050<\/em>, com as propostas da ind\u00fastria para os pr\u00f3ximos quatro anos, elaborado pela CNI.<span class=\"Apple-converted-space\">\u00a0 <\/span>O presidente Lula (PT) foi convidado, mas ainda n\u00e3o respondeu se ir\u00e1 participar.<\/span><\/p>\n<p class=\"p1\"><strong><span class=\"s1\">Produtividade e competitividade <\/span><\/strong><\/p>\n<p class=\"p1\"><span class=\"s1\">Educa\u00e7\u00e3o profissional e tecnol\u00f3gica como estrat\u00e9gica para preparar o pa\u00eds para os desafios da transforma\u00e7\u00e3o digital e da economia verde: essa \u00e9 uma das propostas de destaque do documento. A CNI aponta que o Brasil avan\u00e7ou no acesso \u00e0 educa\u00e7\u00e3o nas \u00faltimas d\u00e9cadas, mas isso n\u00e3o se refletiu em ganhos consistentes de produtividade e competitividade.<br \/>\n<\/span><\/p>\n<p class=\"p1\"><span class=\"s1\">Entre 1981 e 2024, o PIB per capita brasileiro cresceu, em m\u00e9dia, apenas 1% ao ano, enquanto a produtividade por hora trabalhada avan\u00e7ou apenas 0,5% ao ano, segundo dados da FGV IBRE. O b\u00f4nus demogr\u00e1fico, que chegou pr\u00f3ximo a 2% ao ano entre 1991 e 2010, torna-se negativo j\u00e1 nesta d\u00e9cada, reduzindo a contribui\u00e7\u00e3o da popula\u00e7\u00e3o economicamente ativa para o avan\u00e7o da economia.<\/span><\/p>\n<div class=\"entry-content mgt-xlarge\">\n<p><strong><span class=\"s1\">Acompanhe a Capital S\/A na TV Bras\u00edlia todas as ter\u00e7as e quintas-feiras, 18h30\u00a0no JL ao vivo<\/span><\/strong><\/p>\n<p><iframe loading=\"lazy\" title=\"NORDESTE LIDERA OS MAIORES AVAN\u00c7OS EM DESENVOLVIMENTO HUMANO NO PA\u00cdS, MAS DF CONTINUA EM 1\u00ba LUGAR\" width=\"1440\" height=\"810\" src=\"https:\/\/www.youtube.com\/embed\/-Rl8rVnraLQ?feature=oembed\" frameborder=\"0\" allow=\"accelerometer; autoplay; clipboard-write; encrypted-media; gyroscope; picture-in-picture; web-share\" referrerpolicy=\"strict-origin-when-cross-origin\" allowfullscreen><\/iframe><\/p>\n<\/div>\n","protected":false},"excerpt":{"rendered":"<p>Por SAMANTA SALLUM\u00a0 A Confedera\u00e7\u00e3o Nacional da Ind\u00fastria (CNI) fez um chamamento aos pr\u00e9-candidatos \u00e0 Presid\u00eancia da Rep\u00fablica e tr\u00eas j\u00e1 confirmaram. A entidade promove, em 22 de junho, pr\u00f3xima segunda-feira, em Bras\u00edlia, o evento A Ind\u00fastria na Agenda dos Presidenci\u00e1veis, que reunir\u00e1 lideran\u00e7as da ind\u00fastria brasileira para debater os principais desafios e oportunidades para o desenvolvimento do pa\u00eds. Os [&hellip;]<\/p>\n","protected":false},"author":125,"featured_media":23085,"comment_status":"open","ping_status":"open","sticky":false,"template":"","format":"standard","meta":{"footnotes":""},"categories":[6],"tags":[],"class_list":["post-23079","post","type-post","status-publish","format-standard","has-post-thumbnail","hentry","category-coluna-capital-s-a"],"_links":{"self":[{"href":"https:\/\/blogs.correiobraziliense.com.br\/capital-sa\/wp-json\/wp\/v2\/posts\/23079","targetHints":{"allow":["GET"]}}],"collection":[{"href":"https:\/\/blogs.correiobraziliense.com.br\/capital-sa\/wp-json\/wp\/v2\/posts"}],"about":[{"href":"https:\/\/blogs.correiobraziliense.com.br\/capital-sa\/wp-json\/wp\/v2\/types\/post"}],"author":[{"embeddable":true,"href":"https:\/\/blogs.correiobraziliense.com.br\/capital-sa\/wp-json\/wp\/v2\/users\/125"}],"replies":[{"embeddable":true,"href":"https:\/\/blogs.correiobraziliense.com.br\/capital-sa\/wp-json\/wp\/v2\/comments?post=23079"}],"version-history":[{"count":9,"href":"https:\/\/blogs.correiobraziliense.com.br\/capital-sa\/wp-json\/wp\/v2\/posts\/23079\/revisions"}],"predecessor-version":[{"id":23089,"href":"https:\/\/blogs.correiobraziliense.com.br\/capital-sa\/wp-json\/wp\/v2\/posts\/23079\/revisions\/23089"}],"wp:featuredmedia":[{"embeddable":true,"href":"https:\/\/blogs.correiobraziliense.com.br\/capital-sa\/wp-json\/wp\/v2\/media\/23085"}],"wp:attachment":[{"href":"https:\/\/blogs.correiobraziliense.com.br\/capital-sa\/wp-json\/wp\/v2\/media?parent=23079"}],"wp:term":[{"taxonomy":"category","embeddable":true,"href":"https:\/\/blogs.correiobraziliense.com.br\/capital-sa\/wp-json\/wp\/v2\/categories?post=23079"},{"taxonomy":"post_tag","embeddable":true,"href":"https:\/\/blogs.correiobraziliense.com.br\/capital-sa\/wp-json\/wp\/v2\/tags?post=23079"}],"curies":[{"name":"wp","href":"https:\/\/api.w.org\/{rel}","templated":true}]}}