{"id":23052,"date":"2026-06-15T13:52:02","date_gmt":"2026-06-15T16:52:02","guid":{"rendered":"https:\/\/blogs.correiobraziliense.com.br\/capital-sa\/?p=23052"},"modified":"2026-06-15T14:31:49","modified_gmt":"2026-06-15T17:31:49","slug":"df-e-destaque-em-premiacao-nacional-do-setor-atacadista","status":"publish","type":"post","link":"https:\/\/blogs.correiobraziliense.com.br\/capital-sa\/2026\/06\/15\/df-e-destaque-em-premiacao-nacional-do-setor-atacadista\/","title":{"rendered":"DF \u00e9 destaque em premia\u00e7\u00e3o nacional do setor atacadista"},"content":{"rendered":"<p><em>Grupo Dia a Dia e Sobebe Distribui\u00e7\u00e3o receberam trof\u00e9us entre as maiores e melhores empresas do Brasil\u00a0<\/em><\/p>\n<p class=\"p1\"><strong>Por SAMANTA SALLUM\u00a0<\/strong><\/p>\n<p><strong>Atibaia (SP) &#8211;<\/strong> A Conven\u00e7\u00e3o Nacional da Associa\u00e7\u00e3o Brasileira do Setor Atacadista Distribuidor foi encerrada com um dos momentos mais aguardados por empres\u00e1rios e lideran\u00e7as do setor: a cerim\u00f4nia de premia\u00e7\u00e3o do Ranking Abad\/ NielsenIQ 2026 \u2014 Ano Base 2025. A homenagem reconheceu as empresas que mais se destacaram em seus estados, refor\u00e7ando a atua\u00e7\u00e3o para o abastecimento nacional. Foram concedidos trof\u00e9us para os Maiores Atacadistas e Distribuidores e para Destaque Distribuidor.<\/p>\n<p>Os pr\u00eamios foram entregues pelo presidente da Abad, Leonardo Miguel Severini. A Associa\u00e7\u00e3o celebrou 45 anos de exist\u00eancia com um grande evento em Atibaia (SP), que reuniu mais de 1 mil lideran\u00e7as empresariais do setor. O Sindiatacadista do DF foi representado pelo presidente da entidade, Alaor Gomes Neto, e pelo vice, \u00c1lvaro Silveira Jr.<\/p>\n<p class=\"p1\"><span class=\"s1\">O trof\u00e9u maior Atacadista Distribuidor Estadual do Centro-Oeste foi para o o Grupo Dia a Dia do Distrito Federal. Tamb\u00e9m est\u00e1 em 3o lugar do pa\u00eds em faturamento: R$ 6.67 bilh\u00f5es.\u00a0<\/span>E o Destaque Distribuidor da capital federal foi para a Sobebe Distribui\u00e7\u00e3o.<\/p>\n<p><iframe loading=\"lazy\" title=\"A NOVA ERA DA SAUDABILIDADE: O IMPACTO NO CONSUMO DOS BRASILEIROS\" width=\"1440\" height=\"810\" src=\"https:\/\/www.youtube.com\/embed\/ELJ_GEa53o4?feature=oembed\" frameborder=\"0\" allow=\"accelerometer; autoplay; clipboard-write; encrypted-media; gyroscope; picture-in-picture; web-share\" referrerpolicy=\"strict-origin-when-cross-origin\" allowfullscreen><\/iframe><\/p>\n<p class=\"p1\"><span class=\"s1\"> &#8220;O Distrito Federal tem se destacado como um importante centro log\u00edstico, e nossas empresas est\u00e3o entre as gigantes do pa\u00eds&#8221;, celebrou Alaor, presidente do Sindiatacadista.<br \/>\n<\/span><\/p>\n<p class=\"p1\"><span class=\"s1\">\u201cEu acho que \u00e9 um reconhecimento pelo nosso trabalho, com muita humildade, simplicidade. \u00c9 o terceiro ano que estamos aqui. E eu tenho o privil\u00e9gio e o prazer de estar junto com a Sobebe representando todo o nosso segmento atacadista no DF&#8221;, completou Branco Amaral, s\u00f3cio do Dia a Dia.<\/span><\/p>\n<blockquote class=\"wp-embedded-content\" data-secret=\"czz6naWuOj\"><p><a href=\"https:\/\/blogs.correiobraziliense.com.br\/capital-sa\/2026\/05\/17\/empresa-do-df-e-a-3a-do-pais-com-maior-faturamento-no-setor-de-atacado\/\">Empresa do DF \u00e9 a 3\u00aa do pa\u00eds com maior  faturamento no setor de atacado<\/a><\/p><\/blockquote>\n<p><iframe loading=\"lazy\" class=\"wp-embedded-content\" sandbox=\"allow-scripts\" security=\"restricted\" style=\"position: absolute; clip: rect(1px, 1px, 1px, 1px);\" src=\"https:\/\/blogs.correiobraziliense.com.br\/capital-sa\/2026\/05\/17\/empresa-do-df-e-a-3a-do-pais-com-maior-faturamento-no-setor-de-atacado\/embed\/#?secret=czz6naWuOj\" data-secret=\"czz6naWuOj\" width=\"600\" height=\"338\" title=\"&#8220;Empresa do DF \u00e9 a 3\u00aa do pa\u00eds com maior  faturamento no setor de atacado&#8221; &#8212; Capital S\/A\" frameborder=\"0\" marginwidth=\"0\" marginheight=\"0\" scrolling=\"no\"><\/iframe><\/p>\n<p><strong><span class=\"s1\">Acompanhe a Capital S\/A na TV Bras\u00edlia todas as ter\u00e7as e quintas-feiras, 18h30\u00a0no JL ao vivo<\/span><\/strong><\/p>\n","protected":false},"excerpt":{"rendered":"<p>Grupo Dia a Dia e Sobebe Distribui\u00e7\u00e3o receberam trof\u00e9us entre as maiores e melhores empresas do Brasil\u00a0 Por SAMANTA SALLUM\u00a0 Atibaia (SP) &#8211; A Conven\u00e7\u00e3o Nacional da Associa\u00e7\u00e3o Brasileira do Setor Atacadista Distribuidor foi encerrada com um dos momentos mais aguardados por empres\u00e1rios e lideran\u00e7as do setor: a cerim\u00f4nia de premia\u00e7\u00e3o do Ranking Abad\/ NielsenIQ 2026 \u2014 Ano Base 2025. [&hellip;]<\/p>\n","protected":false},"author":125,"featured_media":23073,"comment_status":"open","ping_status":"open","sticky":false,"template":"","format":"standard","meta":{"footnotes":""},"categories":[6],"tags":[],"class_list":["post-23052","post","type-post","status-publish","format-standard","has-post-thumbnail","hentry","category-coluna-capital-s-a"],"_links":{"self":[{"href":"https:\/\/blogs.correiobraziliense.com.br\/capital-sa\/wp-json\/wp\/v2\/posts\/23052","targetHints":{"allow":["GET"]}}],"collection":[{"href":"https:\/\/blogs.correiobraziliense.com.br\/capital-sa\/wp-json\/wp\/v2\/posts"}],"about":[{"href":"https:\/\/blogs.correiobraziliense.com.br\/capital-sa\/wp-json\/wp\/v2\/types\/post"}],"author":[{"embeddable":true,"href":"https:\/\/blogs.correiobraziliense.com.br\/capital-sa\/wp-json\/wp\/v2\/users\/125"}],"replies":[{"embeddable":true,"href":"https:\/\/blogs.correiobraziliense.com.br\/capital-sa\/wp-json\/wp\/v2\/comments?post=23052"}],"version-history":[{"count":8,"href":"https:\/\/blogs.correiobraziliense.com.br\/capital-sa\/wp-json\/wp\/v2\/posts\/23052\/revisions"}],"predecessor-version":[{"id":23075,"href":"https:\/\/blogs.correiobraziliense.com.br\/capital-sa\/wp-json\/wp\/v2\/posts\/23052\/revisions\/23075"}],"wp:featuredmedia":[{"embeddable":true,"href":"https:\/\/blogs.correiobraziliense.com.br\/capital-sa\/wp-json\/wp\/v2\/media\/23073"}],"wp:attachment":[{"href":"https:\/\/blogs.correiobraziliense.com.br\/capital-sa\/wp-json\/wp\/v2\/media?parent=23052"}],"wp:term":[{"taxonomy":"category","embeddable":true,"href":"https:\/\/blogs.correiobraziliense.com.br\/capital-sa\/wp-json\/wp\/v2\/categories?post=23052"},{"taxonomy":"post_tag","embeddable":true,"href":"https:\/\/blogs.correiobraziliense.com.br\/capital-sa\/wp-json\/wp\/v2\/tags?post=23052"}],"curies":[{"name":"wp","href":"https:\/\/api.w.org\/{rel}","templated":true}]}}