{"id":23044,"date":"2026-06-15T10:39:25","date_gmt":"2026-06-15T13:39:25","guid":{"rendered":"https:\/\/blogs.correiobraziliense.com.br\/capital-sa\/?p=23044"},"modified":"2026-06-15T14:03:44","modified_gmt":"2026-06-15T17:03:44","slug":"educacao-financeira-e-beneficios-tributarios-impulsionam-previdencia-privada","status":"publish","type":"post","link":"https:\/\/blogs.correiobraziliense.com.br\/capital-sa\/2026\/06\/15\/educacao-financeira-e-beneficios-tributarios-impulsionam-previdencia-privada\/","title":{"rendered":"Educa\u00e7\u00e3o financeira e benef\u00edcios tribut\u00e1rios impulsionam previd\u00eancia privada"},"content":{"rendered":"<p class=\"p1\"><strong>Por SAMANTA SALLUM<\/strong><\/p>\n<p class=\"p1\"><span class=\"s1\">O mercado de previd\u00eancia privada segue em expans\u00e3o em todo o Brasil. Os planos abertos j\u00e1 superaram R$ 54 bilh\u00f5es em contribui\u00e7\u00f5es no 1\u00ba quadrimestre de 2026, segundo a Fenaprevi. O\u00a0<\/span>movimento acompanha uma maior diversifica\u00e7\u00e3o dos investimentos e o interesse por solu\u00e7\u00f5es que combinem aumento de patrim\u00f4nio e efici\u00eancia tribut\u00e1ria. Entre elas, est\u00e1 o PGBL, modalidade que permite deduzir at\u00e9 12% da renda tribut\u00e1vel na declara\u00e7\u00e3o completa do imposto de renda.<\/p>\n<p>Na capital federal, onde a renda m\u00e9dia mensal alcan\u00e7ou R$ 5.147 em 2025 \u2014 a maior do pa\u00eds, de acordo com o IBGE \u2014, a busca por planejamento financeiro de longo prazo tamb\u00e9m avan\u00e7a. No 1\u00ba trimestre de 2026, a Bradesco Vida e Previd\u00eancia registrou R$ 198 milh\u00f5es em contribui\u00e7\u00f5es para previd\u00eancia privada na regi\u00e3o, crescimento de 32,9% em rela\u00e7\u00e3o ao mesmo per\u00edodo do ano anterior.<\/p>\n<p class=\"p1\"><span class=\"s1\">&#8220;A educa\u00e7\u00e3o financeira tem ampliado a compreens\u00e3o dos brasileiros sobre a import\u00e2ncia de planejar o futuro. No DF, observamos um p\u00fablico cada vez mais atento \u00e0 constru\u00e7\u00e3o de patrim\u00f4nio e \u00e0 prepara\u00e7\u00e3o para a aposentadoria, fatores que contribuem para o crescimento da previd\u00eancia privada&#8221;, disse \u00e0 coluna Estev\u00e3o Scripilliti, diretor da Bradesco Vida e Previd\u00eancia.<\/span><\/p>\n<p><strong><span class=\"s1\">Acompanhe a Capital S\/A na TV Bras\u00edlia todas as ter\u00e7as e quintas-feiras, 18h30\u00a0no JL ao vivo<\/span><\/strong><\/p>\n","protected":false},"excerpt":{"rendered":"<p>Por SAMANTA SALLUM O mercado de previd\u00eancia privada segue em expans\u00e3o em todo o Brasil. Os planos abertos j\u00e1 superaram R$ 54 bilh\u00f5es em contribui\u00e7\u00f5es no 1\u00ba quadrimestre de 2026, segundo a Fenaprevi. O\u00a0movimento acompanha uma maior diversifica\u00e7\u00e3o dos investimentos e o interesse por solu\u00e7\u00f5es que combinem aumento de patrim\u00f4nio e efici\u00eancia tribut\u00e1ria. Entre elas, est\u00e1 o PGBL, modalidade que [&hellip;]<\/p>\n","protected":false},"author":125,"featured_media":23051,"comment_status":"open","ping_status":"open","sticky":false,"template":"","format":"standard","meta":{"footnotes":""},"categories":[6],"tags":[],"class_list":["post-23044","post","type-post","status-publish","format-standard","has-post-thumbnail","hentry","category-coluna-capital-s-a"],"_links":{"self":[{"href":"https:\/\/blogs.correiobraziliense.com.br\/capital-sa\/wp-json\/wp\/v2\/posts\/23044","targetHints":{"allow":["GET"]}}],"collection":[{"href":"https:\/\/blogs.correiobraziliense.com.br\/capital-sa\/wp-json\/wp\/v2\/posts"}],"about":[{"href":"https:\/\/blogs.correiobraziliense.com.br\/capital-sa\/wp-json\/wp\/v2\/types\/post"}],"author":[{"embeddable":true,"href":"https:\/\/blogs.correiobraziliense.com.br\/capital-sa\/wp-json\/wp\/v2\/users\/125"}],"replies":[{"embeddable":true,"href":"https:\/\/blogs.correiobraziliense.com.br\/capital-sa\/wp-json\/wp\/v2\/comments?post=23044"}],"version-history":[{"count":5,"href":"https:\/\/blogs.correiobraziliense.com.br\/capital-sa\/wp-json\/wp\/v2\/posts\/23044\/revisions"}],"predecessor-version":[{"id":23059,"href":"https:\/\/blogs.correiobraziliense.com.br\/capital-sa\/wp-json\/wp\/v2\/posts\/23044\/revisions\/23059"}],"wp:featuredmedia":[{"embeddable":true,"href":"https:\/\/blogs.correiobraziliense.com.br\/capital-sa\/wp-json\/wp\/v2\/media\/23051"}],"wp:attachment":[{"href":"https:\/\/blogs.correiobraziliense.com.br\/capital-sa\/wp-json\/wp\/v2\/media?parent=23044"}],"wp:term":[{"taxonomy":"category","embeddable":true,"href":"https:\/\/blogs.correiobraziliense.com.br\/capital-sa\/wp-json\/wp\/v2\/categories?post=23044"},{"taxonomy":"post_tag","embeddable":true,"href":"https:\/\/blogs.correiobraziliense.com.br\/capital-sa\/wp-json\/wp\/v2\/tags?post=23044"}],"curies":[{"name":"wp","href":"https:\/\/api.w.org\/{rel}","templated":true}]}}