{"id":23014,"date":"2026-06-10T16:45:42","date_gmt":"2026-06-10T19:45:42","guid":{"rendered":"https:\/\/blogs.correiobraziliense.com.br\/capital-sa\/?p=23014"},"modified":"2026-06-11T00:02:30","modified_gmt":"2026-06-11T03:02:30","slug":"celina-leao-se-reune-com-empresas-do-setor-imobiliario-confiem-no-brb","status":"publish","type":"post","link":"https:\/\/blogs.correiobraziliense.com.br\/capital-sa\/2026\/06\/10\/celina-leao-se-reune-com-empresas-do-setor-imobiliario-confiem-no-brb\/","title":{"rendered":"Celina Le\u00e3o se re\u00fane com empresas do setor imobili\u00e1rio: \u201cConfiem no BRB\u201d"},"content":{"rendered":"<p class=\"p1\" style=\"text-align: left\"><em>Entidades da constru\u00e7\u00e3o civil eram pr\u00f3ximas do ex-presidente do banco, Paulo Henrique Costa que est\u00e1 preso por fraudes no esc\u00e2ndalo do Master\u00a0<\/em><\/p>\n<p><strong>Por SAMANTA SALLUM\u00a0<\/strong><\/p>\n<p class=\"p1\"><span class=\"s1\">No dia seguinte \u00e0 decis\u00e3o da C\u00e2mara Legislativa do Distrito Federal (CLDF), que aprovou o empr\u00e9stimo de R$ 6,6 bilh\u00f5es para socorrer o Banco de Bras\u00edlia (BRB), a governadora Celina Le\u00e3o se reuniu com as lideran\u00e7as do setor imobili\u00e1rio do Distrito Federal.<\/span><\/p>\n<p class=\"p1\"><span class=\"s1\">\u201cTalvez seja muito simb\u00f3lico estarmos aqui no dia seguinte \u00e0 solu\u00e7\u00e3o do BRB. N\u00f3s sabemos o que o banco significa para o DF. Confiem no BRB\u201d, disse. Ela participou da reuni\u00e3o de diretoria da Associa\u00e7\u00e3o de Empresas do Mercado Imobili\u00e1rio do Distrito Federal (ADEMI DF), na sede da entidade em Bras\u00edlia, na manh\u00e3 dessa quarta-feira. O encontro foi fechado, sem a presen\u00e7a da imprensa.<\/span><\/p>\n<p class=\"p1\"><span class=\"s1\">As construtoras pediram mais a\u00e7\u00e3o do governo no combate \u00e0 ocupa\u00e7\u00e3o ilegal de terras p\u00fablicas no DF, que se tornam novos aglomerados irregulares de moradias. Esse mesmo grupo reagiu \u00e0 regulariza\u00e7\u00e3o da Col\u00f4nia Agr\u00edcola 26 de Setembro, que, de n\u00facleo rural, virou ocupa\u00e7\u00e3o urbana com 12 mil moradores.<\/span><\/p>\n<p>A governadora do DF tem, na \u00e1rea, reduto eleitoral, trabalhando ativamente pela legaliza\u00e7\u00e3o da ocupa\u00e7\u00e3o. E acaba de criar oficialmente uma administra\u00e7\u00e3o regional para o local.<\/p>\n<p><strong>Grupo ligado a Ibaneis\u00a0<\/strong><\/p>\n<p class=\"p1\"><span class=\"s1\">Tamb\u00e9m participaram do encontro os presidentes do Sindicato da Ind\u00fastria da Constru\u00e7\u00e3o (Sinduscon-DF), Adalberto Valad\u00e3o J\u00fanior; da Associa\u00e7\u00e3o Brasiliense de Construtores (ASBRACO), Afonso Assad; do Conselho de Desenvolvimento Econ\u00f4mico, Sustent\u00e1vel e Estrat\u00e9gico do\u00a0Distrito Federal (CODESE DF), Dionyzio Kavdianos; e o vice-presidente financeiro da C\u00e2mara Brasileira daInd\u00fastria da Constru\u00e7\u00e3o (CBIC), Eduardo Aroeira Almeida.<\/span><\/p>\n<p>O grupo sempre teve pr\u00f3xima rela\u00e7\u00e3o com o ex-governador Ibaneis Rocha e com o ex-presidente do BRB, Paulo Henrique Costa. O BRB, nos \u00faltimos anos, tornou-se o principal financiador de empreendimentos imobili\u00e1rios no DF e tamb\u00e9m para quem precisava comprar a casa pr\u00f3pria.<\/p>\n<p>A influ\u00eancia de Paulo Henrique Costa no setor fez com que o atual presidente do Sinduscon, Adalberto Valad\u00e3o; e o empres\u00e1rio Leonardo \u00c1vila, integrante da dire\u00e7\u00e3o da Ademi, comprassem a\u00e7\u00f5es do BRB e depois as revendessem para Daniel Vorcaro, dono do banco Master.<\/p>\n<div class=\"entry-content mgt-xlarge\">\n<p><strong><span class=\"s1\">Acompanhe a Capital S\/A na TV Bras\u00edlia todas as ter\u00e7as e quintas-feiras, 18h30\u00a0no JL ao vivo<\/span><\/strong><\/p>\n<p><iframe loading=\"lazy\" title=\"NORDESTE LIDERA OS MAIORES AVAN\u00c7OS EM DESENVOLVIMENTO HUMANO NO PA\u00cdS, MAS DF CONTINUA EM 1\u00ba LUGAR\" width=\"1440\" height=\"810\" src=\"https:\/\/www.youtube.com\/embed\/-Rl8rVnraLQ?feature=oembed\" frameborder=\"0\" allow=\"accelerometer; autoplay; clipboard-write; encrypted-media; gyroscope; picture-in-picture; web-share\" referrerpolicy=\"strict-origin-when-cross-origin\" allowfullscreen><\/iframe><\/p>\n<\/div>\n","protected":false},"excerpt":{"rendered":"<p>Entidades da constru\u00e7\u00e3o civil eram pr\u00f3ximas do ex-presidente do banco, Paulo Henrique Costa que est\u00e1 preso por fraudes no esc\u00e2ndalo do Master\u00a0 Por SAMANTA SALLUM\u00a0 No dia seguinte \u00e0 decis\u00e3o da C\u00e2mara Legislativa do Distrito Federal (CLDF), que aprovou o empr\u00e9stimo de R$ 6,6 bilh\u00f5es para socorrer o Banco de Bras\u00edlia (BRB), a governadora Celina Le\u00e3o se reuniu com as [&hellip;]<\/p>\n","protected":false},"author":125,"featured_media":23017,"comment_status":"open","ping_status":"open","sticky":false,"template":"","format":"standard","meta":{"footnotes":""},"categories":[6],"tags":[],"class_list":["post-23014","post","type-post","status-publish","format-standard","has-post-thumbnail","hentry","category-coluna-capital-s-a"],"_links":{"self":[{"href":"https:\/\/blogs.correiobraziliense.com.br\/capital-sa\/wp-json\/wp\/v2\/posts\/23014","targetHints":{"allow":["GET"]}}],"collection":[{"href":"https:\/\/blogs.correiobraziliense.com.br\/capital-sa\/wp-json\/wp\/v2\/posts"}],"about":[{"href":"https:\/\/blogs.correiobraziliense.com.br\/capital-sa\/wp-json\/wp\/v2\/types\/post"}],"author":[{"embeddable":true,"href":"https:\/\/blogs.correiobraziliense.com.br\/capital-sa\/wp-json\/wp\/v2\/users\/125"}],"replies":[{"embeddable":true,"href":"https:\/\/blogs.correiobraziliense.com.br\/capital-sa\/wp-json\/wp\/v2\/comments?post=23014"}],"version-history":[{"count":19,"href":"https:\/\/blogs.correiobraziliense.com.br\/capital-sa\/wp-json\/wp\/v2\/posts\/23014\/revisions"}],"predecessor-version":[{"id":23035,"href":"https:\/\/blogs.correiobraziliense.com.br\/capital-sa\/wp-json\/wp\/v2\/posts\/23014\/revisions\/23035"}],"wp:featuredmedia":[{"embeddable":true,"href":"https:\/\/blogs.correiobraziliense.com.br\/capital-sa\/wp-json\/wp\/v2\/media\/23017"}],"wp:attachment":[{"href":"https:\/\/blogs.correiobraziliense.com.br\/capital-sa\/wp-json\/wp\/v2\/media?parent=23014"}],"wp:term":[{"taxonomy":"category","embeddable":true,"href":"https:\/\/blogs.correiobraziliense.com.br\/capital-sa\/wp-json\/wp\/v2\/categories?post=23014"},{"taxonomy":"post_tag","embeddable":true,"href":"https:\/\/blogs.correiobraziliense.com.br\/capital-sa\/wp-json\/wp\/v2\/tags?post=23014"}],"curies":[{"name":"wp","href":"https:\/\/api.w.org\/{rel}","templated":true}]}}