{"id":2295,"date":"2021-03-03T12:05:25","date_gmt":"2021-03-03T15:05:25","guid":{"rendered":"https:\/\/blogs.correiobraziliense.com.br\/capital-sa\/?p=2295"},"modified":"2021-03-03T12:05:25","modified_gmt":"2021-03-03T15:05:25","slug":"parcerias-para-socorrer-os-empresarios","status":"publish","type":"post","link":"https:\/\/blogs.correiobraziliense.com.br\/capital-sa\/2021\/03\/03\/parcerias-para-socorrer-os-empresarios\/","title":{"rendered":"Parcerias para socorrer os empres\u00e1rios"},"content":{"rendered":"<p>O Sebrae e a C\u00e2mara de Dirigentes Lojistas do DF assinam hoje parceria para oferecer consultoria gratuita a empres\u00e1rios associados da entidade. O objetivo \u00e9 garantir assessoramento especializado para o setor enfrentar o momento de crise devido \u00e0 pandemia e ao lockdown decretado pelo GDF.<\/p>\n<p>\u201cVamos fazer um diagn\u00f3stico das empresas para o empreendedor poder se reorganizar financeiramente diante das dificuldades atuais\u201d, explica Valdir Oliveira, superintendente do Sebrae no DF. A mesma parceria ser\u00e1 feita com o Sindicato das Academias de Gin\u00e1stica.<\/p>\n<p>O presidente da CDL-DF, Wagner Silveira, explica que o objetivo da iniciativa \u00e9 oferecer assist\u00eancia aos lojistas nesse momento desafiador. &#8220;O empres\u00e1rio vai poder se sentir mais tranquilo com uma pessoa capacitada orientando sobre as principais quest\u00f5es da empresa.&#8221;<\/p>\n<p><strong>Equil\u00edbrio e serenidade<\/strong><\/p>\n<p>O Sebrae vem aumentando a capacidade de atendimento e oferecendo cada vez mais servi\u00e7os de apoio ao empreendedor. O n\u00famero de horas contratadas de consultoria aumentou em cinco vezes em janeiro, comparado ao mesmo m\u00eas do ano passado. Chegaram a 25 mil.<\/p>\n<blockquote><p>\u201cO que precisamos neste momento \u00e9 de equil\u00edbrio e serenidade para superar o momento. As lideran\u00e7as empresariais precisam estar com esse sentimento para encontrar a melhor solu\u00e7\u00e3o junto do GDF, a fim de que as atividades possam ser retomadas o mais r\u00e1pido poss\u00edvel e de forma segura\u201d, afirmou Oliveira.<\/p><\/blockquote>\n","protected":false},"excerpt":{"rendered":"<p>O Sebrae e a C\u00e2mara de Dirigentes Lojistas do DF assinam hoje parceria para oferecer consultoria gratuita a empres\u00e1rios associados da entidade. O objetivo \u00e9 garantir assessoramento especializado para o setor enfrentar o momento de crise devido \u00e0 pandemia e ao lockdown decretado pelo GDF. \u201cVamos fazer um diagn\u00f3stico das empresas para o empreendedor poder se reorganizar financeiramente diante das [&hellip;]<\/p>\n","protected":false},"author":125,"featured_media":2298,"comment_status":"open","ping_status":"open","sticky":false,"template":"","format":"standard","meta":{"footnotes":""},"categories":[6],"tags":[],"class_list":["post-2295","post","type-post","status-publish","format-standard","has-post-thumbnail","hentry","category-coluna-capital-s-a"],"_links":{"self":[{"href":"https:\/\/blogs.correiobraziliense.com.br\/capital-sa\/wp-json\/wp\/v2\/posts\/2295","targetHints":{"allow":["GET"]}}],"collection":[{"href":"https:\/\/blogs.correiobraziliense.com.br\/capital-sa\/wp-json\/wp\/v2\/posts"}],"about":[{"href":"https:\/\/blogs.correiobraziliense.com.br\/capital-sa\/wp-json\/wp\/v2\/types\/post"}],"author":[{"embeddable":true,"href":"https:\/\/blogs.correiobraziliense.com.br\/capital-sa\/wp-json\/wp\/v2\/users\/125"}],"replies":[{"embeddable":true,"href":"https:\/\/blogs.correiobraziliense.com.br\/capital-sa\/wp-json\/wp\/v2\/comments?post=2295"}],"version-history":[{"count":2,"href":"https:\/\/blogs.correiobraziliense.com.br\/capital-sa\/wp-json\/wp\/v2\/posts\/2295\/revisions"}],"predecessor-version":[{"id":2297,"href":"https:\/\/blogs.correiobraziliense.com.br\/capital-sa\/wp-json\/wp\/v2\/posts\/2295\/revisions\/2297"}],"wp:featuredmedia":[{"embeddable":true,"href":"https:\/\/blogs.correiobraziliense.com.br\/capital-sa\/wp-json\/wp\/v2\/media\/2298"}],"wp:attachment":[{"href":"https:\/\/blogs.correiobraziliense.com.br\/capital-sa\/wp-json\/wp\/v2\/media?parent=2295"}],"wp:term":[{"taxonomy":"category","embeddable":true,"href":"https:\/\/blogs.correiobraziliense.com.br\/capital-sa\/wp-json\/wp\/v2\/categories?post=2295"},{"taxonomy":"post_tag","embeddable":true,"href":"https:\/\/blogs.correiobraziliense.com.br\/capital-sa\/wp-json\/wp\/v2\/tags?post=2295"}],"curies":[{"name":"wp","href":"https:\/\/api.w.org\/{rel}","templated":true}]}}