{"id":22909,"date":"2026-06-01T16:10:16","date_gmt":"2026-06-01T19:10:16","guid":{"rendered":"https:\/\/blogs.correiobraziliense.com.br\/capital-sa\/?p=22909"},"modified":"2026-06-01T16:15:57","modified_gmt":"2026-06-01T19:15:57","slug":"sou-advogada-antes-de-ser-governadora-ideia-foi-minha-diz-celina-sobre-acao-no-stf","status":"publish","type":"post","link":"https:\/\/blogs.correiobraziliense.com.br\/capital-sa\/2026\/06\/01\/sou-advogada-antes-de-ser-governadora-ideia-foi-minha-diz-celina-sobre-acao-no-stf\/","title":{"rendered":"\u201cEsta a\u00ed a resposta para quem me subestimou. A ideia foi minha\u201d, diz Celina sobre a\u00e7\u00e3o no STF"},"content":{"rendered":"<p><strong><em>Por SAMANTA SALLUM\u00a0<\/em><\/strong><\/p>\n<p class=\"p1\">Perguntada de quem foi iniciativa de entrar com a\u00e7\u00e3o judicial no Supremo Tribunal Federal para que o governo federal ajudasse no socorro ao BRB, se tinha sido uma sugest\u00e3o da consultoria jur\u00eddica do GDF ou do ex-chefe da Casa Civil, o advogado Gustavo Rocha e seu potencial vice na chapa, a governadora Celina Le\u00e3o afirmou que a ideia foi dela.<\/p>\n<p class=\"p1\">\u201cSou advogada, antes de ser governadora. Pensei nessa linha de atua\u00e7\u00e3o e quem subestimou a minha capacidade de gest\u00e3o e de resolu\u00e7\u00e3o est\u00e1 vendo agora o resultado\u201d, afirmou \u00e0 <strong>Capital S\/A.\u00a0<\/strong><\/p>\n<p><iframe loading=\"lazy\" title=\"AP\u00d3S ACORDO, CHEGA AO FIM SITUA\u00c7\u00c3O AGONIZANTE DO BRB | CAPITAL S\/A\" width=\"1440\" height=\"810\" src=\"https:\/\/www.youtube.com\/embed\/DH3Qi3uor38?feature=oembed\" frameborder=\"0\" allow=\"accelerometer; autoplay; clipboard-write; encrypted-media; gyroscope; picture-in-picture; web-share\" referrerpolicy=\"strict-origin-when-cross-origin\" allowfullscreen><\/iframe><\/p>\n<p>Horas antes de ser internada para cuidar de um pneumot\u00f3rax, no s\u00e1bado, a governadora do DF celebrava o acordo selado com o governo federal de socorro financeiro ao BRB. Ainda bem disposta, estava empolgada com a solu\u00e7\u00e3o para o banco mediada pelo ministro do Supremo, Luiz Fux, na quinta-feira passada.<\/p>\n<p>O governo federal aceitou ajudar, mas pelo lado t\u00e9cnico; abrindo portas; sem transferir recursos diretamente ao BRB.<\/p>\n<p><strong><span class=\"s1\">Acompanhe a Capital S\/A na TV Bras\u00edlia todas as ter\u00e7as e quintas-feiras, 18h30\u00a0no JL ao vivo<\/span><\/strong><\/p>\n<p>&nbsp;<\/p>\n","protected":false},"excerpt":{"rendered":"<p>Por SAMANTA SALLUM\u00a0 Perguntada de quem foi iniciativa de entrar com a\u00e7\u00e3o judicial no Supremo Tribunal Federal para que o governo federal ajudasse no socorro ao BRB, se tinha sido uma sugest\u00e3o da consultoria jur\u00eddica do GDF ou do ex-chefe da Casa Civil, o advogado Gustavo Rocha e seu potencial vice na chapa, a governadora Celina Le\u00e3o afirmou que a [&hellip;]<\/p>\n","protected":false},"author":125,"featured_media":22917,"comment_status":"open","ping_status":"open","sticky":false,"template":"","format":"standard","meta":{"footnotes":""},"categories":[6],"tags":[],"class_list":["post-22909","post","type-post","status-publish","format-standard","has-post-thumbnail","hentry","category-coluna-capital-s-a"],"_links":{"self":[{"href":"https:\/\/blogs.correiobraziliense.com.br\/capital-sa\/wp-json\/wp\/v2\/posts\/22909","targetHints":{"allow":["GET"]}}],"collection":[{"href":"https:\/\/blogs.correiobraziliense.com.br\/capital-sa\/wp-json\/wp\/v2\/posts"}],"about":[{"href":"https:\/\/blogs.correiobraziliense.com.br\/capital-sa\/wp-json\/wp\/v2\/types\/post"}],"author":[{"embeddable":true,"href":"https:\/\/blogs.correiobraziliense.com.br\/capital-sa\/wp-json\/wp\/v2\/users\/125"}],"replies":[{"embeddable":true,"href":"https:\/\/blogs.correiobraziliense.com.br\/capital-sa\/wp-json\/wp\/v2\/comments?post=22909"}],"version-history":[{"count":12,"href":"https:\/\/blogs.correiobraziliense.com.br\/capital-sa\/wp-json\/wp\/v2\/posts\/22909\/revisions"}],"predecessor-version":[{"id":22922,"href":"https:\/\/blogs.correiobraziliense.com.br\/capital-sa\/wp-json\/wp\/v2\/posts\/22909\/revisions\/22922"}],"wp:featuredmedia":[{"embeddable":true,"href":"https:\/\/blogs.correiobraziliense.com.br\/capital-sa\/wp-json\/wp\/v2\/media\/22917"}],"wp:attachment":[{"href":"https:\/\/blogs.correiobraziliense.com.br\/capital-sa\/wp-json\/wp\/v2\/media?parent=22909"}],"wp:term":[{"taxonomy":"category","embeddable":true,"href":"https:\/\/blogs.correiobraziliense.com.br\/capital-sa\/wp-json\/wp\/v2\/categories?post=22909"},{"taxonomy":"post_tag","embeddable":true,"href":"https:\/\/blogs.correiobraziliense.com.br\/capital-sa\/wp-json\/wp\/v2\/tags?post=22909"}],"curies":[{"name":"wp","href":"https:\/\/api.w.org\/{rel}","templated":true}]}}