{"id":22871,"date":"2026-05-29T12:58:52","date_gmt":"2026-05-29T15:58:52","guid":{"rendered":"https:\/\/blogs.correiobraziliense.com.br\/capital-sa\/?p=22871"},"modified":"2026-05-30T21:03:09","modified_gmt":"2026-05-31T00:03:09","slug":"banco-do-brasil-e-caixa-vao-participar-de-garantia-a-operacao-de-emprestimo-ao-brb","status":"publish","type":"post","link":"https:\/\/blogs.correiobraziliense.com.br\/capital-sa\/2026\/05\/29\/banco-do-brasil-e-caixa-vao-participar-de-garantia-a-operacao-de-emprestimo-ao-brb\/","title":{"rendered":"Banco do Brasil e Caixa v\u00e3o participar de garantia \u00e0 opera\u00e7\u00e3o de empr\u00e9stimo ao BRB"},"content":{"rendered":"<p><em>Representante do Fundo Garantidor de Cr\u00e9dito (FGC) participou de reuni\u00e3o no STF para fechar acordo. E ministro Fux pediu celeridade para que se resolvesse a concess\u00e3o do aporte financeiro. Entenda o que GDF e governo federal definiram\u00a0<\/em><\/p>\n<p><strong>Por SAMANTA SALLUM\u00a0<\/strong><\/p>\n<p>Apesar de n\u00e3o conceder o aval oficial para empr\u00e9stimo do GDF com o FGC, a forma de o Minist\u00e9rio da Fazenda colaborar no caso foi autorizando o Banco do Brasil e a Caixa Econ\u00f4mica Federal a participarem do <em>pool<\/em> de institui\u00e7\u00f5es financeiras que vai dar a carta fian\u00e7a de garantia para a opera\u00e7\u00e3o. Nos bastidores, o ministro da Fazenda, Dario Durigan, com o consentimento do presidente da Rep\u00fablica, Lula, permitiu que os dois bancos ajudem na solu\u00e7\u00e3o do caso. Mas isso n\u00e3o significa que v\u00e3o repassar recursos diretamente. Apenas, ser\u00e3o avalistas junto a bancos privados da transa\u00e7\u00e3o.<\/p>\n<p>O acordo fechado ontem autoriza o Governo do Distrito Federal a pegar um empr\u00e9stimo de R$ 6,6 bilh\u00f5es junto ao Fundo Garantidor de Cr\u00e9dito (FGC). Esse fundo \u00e9 abastecido por dinheiro dos bancos privados.<\/p>\n<p>Um representante do FGC participou de forma on-line da reuni\u00e3o de ontem no STF, que selou o acordo. O pr\u00f3prio ministro do Supremo Tribunal Federal Luiz Fux pediu celeridade ao Fundo na an\u00e1lise do empr\u00e9stimo ao BRB. O acordo foi mediado pelo ministro, porque o GDF entrou com a\u00e7\u00e3o judicial pedindo que o governo federal n\u00e3o se omitisse na situa\u00e7\u00e3o.<\/p>\n<p><strong>Entenda a opera\u00e7\u00e3o com o acordo judicial:<\/strong><\/p>\n<p>Com a media\u00e7\u00e3o do STF, Uni\u00e3o e DF chegaram a um entendimento para flexibilizar regras fiscais e permitir a opera\u00e7\u00e3o sem que a Uni\u00e3o precisasse entrar como avalista.<\/p>\n<p><strong>Mudan\u00e7as<\/strong><br \/>\n\u00bbAntes do acordo: o DF tinha limite de cerca de R$ 900 milh\u00f5es para empr\u00e9stimos;<br \/>\n\u00bb Ap\u00f3s o entendimento: ser\u00e1 poss\u00edvel viabilizar opera\u00e7\u00e3o de at\u00e9 R$ 6,5 bilh\u00f5es.<\/p>\n<p><iframe loading=\"lazy\" frameborder=\"0\" width=\"1440\" height=\"809\" src=\"https:\/\/geo.dailymotion.com\/player.html?video=xac1u32&#038;\" allowfullscreen allow=\"autoplay; fullscreen; picture-in-picture; web-share\"><\/iframe><\/p>\n<p><strong>Garantias em caso de inadimpl\u00eancia\u00a0<\/strong><br \/>\nComo a Uni\u00e3o n\u00e3o dar\u00e1 garantia ao empr\u00e9stimo, o DF precisar\u00e1 apresentar contragarantias. A combina\u00e7\u00e3o prev\u00ea o uso de recursos do Fundo de Participa\u00e7\u00e3o dos Estados (FPE) e do Fundo de Participa\u00e7\u00e3o dos Munic\u00edpios (FPM). Esses fundos s\u00e3o transfer\u00eancias federais feitas regularmente aos governos estaduais e municipais. Na pr\u00e1tica, se houver inadimpl\u00eancia, os bancos poder\u00e3o acessar parte desses recursos para receber os pagamentos da d\u00edvida. Outras garantias, como dividendos e participa\u00e7\u00e3o acion\u00e1ria, tamb\u00e9m poder\u00e3o ser usadas.<\/p>\n<p><strong>Restri\u00e7\u00f5es de despesas<\/strong><br \/>\nEm troca da flexibiliza\u00e7\u00e3o das regras, o Distrito Federal assumiu compromissos de ajuste fiscal. O acordo prev\u00ea restri\u00e7\u00f5es como:<\/p>\n<p>\u00bb proibi\u00e7\u00e3o de novos concursos p\u00fablicos;<br \/>\n\u00bb limita\u00e7\u00e3o de reajustes salariais;<br \/>\n\u00bb veda\u00e7\u00e3o \u00e0 cria\u00e7\u00e3o de cargos que aumentem despesas.<\/p>\n<p>As medidas valer\u00e3o at\u00e9 que o empr\u00e9stimo seja quitado ou at\u00e9 que o DF volte a atingir nota A+ na avalia\u00e7\u00e3o de capacidade de pagamento do Tesouro Nacional.<\/p>\n<p class=\"p1\"><strong><span class=\"s1\">Acompanhe a Capital S\/A na TV Bras\u00edlia todas as ter\u00e7as e quintas-feiras, 18h30\u00a0no JL ao vivo\u00a0<\/span><\/strong><\/p>\n","protected":false},"excerpt":{"rendered":"<p>Representante do Fundo Garantidor de Cr\u00e9dito (FGC) participou de reuni\u00e3o no STF para fechar acordo. E ministro Fux pediu celeridade para que se resolvesse a concess\u00e3o do aporte financeiro. Entenda o que GDF e governo federal definiram\u00a0 Por SAMANTA SALLUM\u00a0 Apesar de n\u00e3o conceder o aval oficial para empr\u00e9stimo do GDF com o FGC, a forma de o Minist\u00e9rio da [&hellip;]<\/p>\n","protected":false},"author":125,"featured_media":22875,"comment_status":"open","ping_status":"open","sticky":false,"template":"","format":"standard","meta":{"footnotes":""},"categories":[6],"tags":[],"class_list":["post-22871","post","type-post","status-publish","format-standard","has-post-thumbnail","hentry","category-coluna-capital-s-a"],"_links":{"self":[{"href":"https:\/\/blogs.correiobraziliense.com.br\/capital-sa\/wp-json\/wp\/v2\/posts\/22871","targetHints":{"allow":["GET"]}}],"collection":[{"href":"https:\/\/blogs.correiobraziliense.com.br\/capital-sa\/wp-json\/wp\/v2\/posts"}],"about":[{"href":"https:\/\/blogs.correiobraziliense.com.br\/capital-sa\/wp-json\/wp\/v2\/types\/post"}],"author":[{"embeddable":true,"href":"https:\/\/blogs.correiobraziliense.com.br\/capital-sa\/wp-json\/wp\/v2\/users\/125"}],"replies":[{"embeddable":true,"href":"https:\/\/blogs.correiobraziliense.com.br\/capital-sa\/wp-json\/wp\/v2\/comments?post=22871"}],"version-history":[{"count":5,"href":"https:\/\/blogs.correiobraziliense.com.br\/capital-sa\/wp-json\/wp\/v2\/posts\/22871\/revisions"}],"predecessor-version":[{"id":22880,"href":"https:\/\/blogs.correiobraziliense.com.br\/capital-sa\/wp-json\/wp\/v2\/posts\/22871\/revisions\/22880"}],"wp:featuredmedia":[{"embeddable":true,"href":"https:\/\/blogs.correiobraziliense.com.br\/capital-sa\/wp-json\/wp\/v2\/media\/22875"}],"wp:attachment":[{"href":"https:\/\/blogs.correiobraziliense.com.br\/capital-sa\/wp-json\/wp\/v2\/media?parent=22871"}],"wp:term":[{"taxonomy":"category","embeddable":true,"href":"https:\/\/blogs.correiobraziliense.com.br\/capital-sa\/wp-json\/wp\/v2\/categories?post=22871"},{"taxonomy":"post_tag","embeddable":true,"href":"https:\/\/blogs.correiobraziliense.com.br\/capital-sa\/wp-json\/wp\/v2\/tags?post=22871"}],"curies":[{"name":"wp","href":"https:\/\/api.w.org\/{rel}","templated":true}]}}