{"id":2282,"date":"2021-03-03T07:53:47","date_gmt":"2021-03-03T10:53:47","guid":{"rendered":"https:\/\/blogs.correiobraziliense.com.br\/capital-sa\/?p=2282"},"modified":"2021-03-03T09:41:31","modified_gmt":"2021-03-03T12:41:31","slug":"vice-presidente-da-cnc-fala-sobre-disputa-eleitoral-na-fecomercio-df","status":"publish","type":"post","link":"https:\/\/blogs.correiobraziliense.com.br\/capital-sa\/2021\/03\/03\/vice-presidente-da-cnc-fala-sobre-disputa-eleitoral-na-fecomercio-df\/","title":{"rendered":"Vice-presidente da CNC fala sobre disputa eleitoral na Fecom\u00e9rcio-DF"},"content":{"rendered":"<p>Por Samanta Sallum<\/p>\n<p class=\"p1\"><span class=\"s1\"><br \/>\nMesmo com o clima tenso e de den\u00fancias, est\u00e1 confirmada para sexta-feira a elei\u00e7\u00e3o a presidente da Fecom\u00e9rcio no Distrito Federal. Os dois candidatos, os empres\u00e1rios Ovidio Maia e Jos\u00e9 Aparecido, foram alvos de acusa\u00e7\u00f5es, mas ainda sem conclus\u00f5es. Apesar de n\u00e3o haver remunera\u00e7\u00e3o para exercer o cargo, o pleito est\u00e1 sendo bastante disputado, pois duas entidades importantes est\u00e3o sob o guarda-chuva da Fecom\u00e9rcio: o Sesc e o Senac regionais.<br \/>\n<\/span><\/p>\n<p><span class=\"s2\"><b>Blindagem e fiscaliza\u00e7\u00e3o<\/b><\/span><\/p>\n<p>Para garantir que as entidades do Distrito Federal\u00a0n\u00e3o fossem utilizadas de forma inadequada no processo eleitoral, a Confedera\u00e7\u00e3o Nacional do Com\u00e9rcio (CNC) determinou uma gest\u00e3o compartilhada. E est\u00e1 enviando dois observadores para acompanhar o pleito at\u00e9 sexta-feira.<\/p>\n<p><b>O nome da CNC<\/b><\/p>\n<p>As inst\u00e2ncias nacionais do Sesc e do Senac indicaram um representante para administrar as duas entidades regionais. O vice-presidente da CNC, Valdeci Cavalcante, foi designado para a miss\u00e3o.<\/p>\n<p><b>Segue abaixo \u00edntegra da entrevista do vice-presidente da CNC, Valdeci Cavalcante, \u00e0 coluna Capital S\/A.<br \/>\n<\/b><\/p>\n<p class=\"p1\"><span class=\"s1\"><i>Qual o motivo da interven\u00e7\u00e3o da CNC na gest\u00e3o da Fecom\u00e9rcio-DF por 90 dias ? <\/i><\/span><\/p>\n<p class=\"p1\"><span class=\"s1\">O<span class=\"Apple-converted-space\">\u00a0 <\/span>presidente dos conselhos nacionais do Sesc e do Senac, Jos\u00e9 Roberto Tadros, diante de den\u00fancias apresentadas e para garantir que o Sesc e o Senac do Distrito Federal n\u00e3o fossem utilizados de forma inadequada no processo eleitoral da Federa\u00e7\u00e3o, determinou a vig\u00eancia tempor\u00e1ria do dispostivo da administra\u00e7\u00e3o compartilhada. Assim,<span class=\"Apple-converted-space\">\u00a0 <\/span>as inst\u00e2ncias nacionais das duas institui\u00e7\u00f5es indicam um representante para administrar o Sesc e o Senac regionais, de forma compartilhada com o presidente interino da Fecom\u00e9rcio, o 1\u00ba vice-presidente, Edson de Castro.<\/span><\/p>\n<p>N\u00e3o h\u00e1, portanto, interven\u00e7\u00e3o no Sesc e no Senac do DF, mas um regime tempor\u00e1rio de administra\u00e7\u00e3o compartilhada, visando garantir a lisura do processo eleitoral da Federa\u00e7\u00e3o.<\/p>\n<p><b><i>A CNC apoia algum candidato ?<\/i><\/b><\/p>\n<p class=\"p1\"><span class=\"s1\">A CNC n\u00e3o interv\u00e9m nas federa\u00e7\u00f5es que integram o Sistema Com\u00e9rcio, nem interfere em candidaturas que participam dos processos eleitorais das entidades. A Confedera\u00e7\u00e3o apenas trabalha de forma coordenada com as entidades para que os processos eleitorais possam transcorrer de forma alinhada com os estatutos e para garantir que os candidatos concorrentes tenham conduta ilibada, \u00e9tica e que cumpram com os requisitos necess\u00e1rios, como ser comerciantes h\u00e1 mais de dois anos e filiados a uma entidade sindical do com\u00e9rcio.<\/span><\/p>\n<p class=\"p1\"><span class=\"s1\"><i>Qual o papel da CNC na condu\u00e7\u00e3o do atual processo eleitoral ? <\/i><\/span><\/p>\n<p class=\"p1\"><span class=\"s1\">A CNC, como \u00e9 de praxe, est\u00e1 enviando dois observadores para acompanhar o processo eleitoral. <\/span><\/p>\n<p class=\"p1\"><span class=\"s1\"><i>O que muda no Sesc e no Senac ?<\/i><\/span><\/p>\n<p class=\"p1\"><span class=\"s1\"> Os Conselhos Regionais do Sesc e do Senac continuam funcionando normalmente, tendo apenas um presidente temporariamente designado que vai administrar as duas institui\u00e7\u00f5es de forma compartilhada com o presidente interino da Fecom\u00e9rcio-DF.<\/span><\/p>\n<p class=\"p1\"><span class=\"s1\"><i>A CNC vai tomar alguma provid\u00eancia sobre as den\u00fancias em rela\u00e7\u00e3o atua\u00e7\u00e3o dos dois candidatos: Ov\u00eddio Maia e Jos\u00e9 Aparecido ?<\/i><\/span><\/p>\n<p class=\"p1\"><span class=\"s1\">A Confedera\u00e7\u00e3o j\u00e1 emitiu parecer, encaminhado ao presidente interino da entidade, Edson de Castro, sobre as den\u00fancias apresentadas contra os candidatos Jos\u00e9 Aparecido da Costa Freire e Ov\u00eddio Maia.<\/span><\/p>\n<p class=\"p1\"><span class=\"s1\">O candidato Jos\u00e9 Aparecido foi denunciado por infringir o artigo 43 do Estatuto da Fecom\u00e9rcio-DF, homologado pela CNC, que determina a inelegibilidade do candidato quando h\u00e1 condena\u00e7\u00e3o por crime doloso transitada em julgado. O parecer da CNC tamb\u00e9m analisa a acusa\u00e7\u00e3o de que o candidato teria omitido a informa\u00e7\u00e3o dessa condena\u00e7\u00e3o transitada em julgado em declara\u00e7\u00f5es anteriores exigidas para participar de processos eleitorais na Fecom\u00e9rcio e na CNC, o que caracterizaria o crime de falsidade ideol\u00f3gica.<\/span><\/p>\n<p class=\"p1\"><span class=\"s1\"><i>E sobre o caso de Ov\u00eddio Maia? <\/i><\/span><\/p>\n<p class=\"p1\"><span class=\"s1\">Em rela\u00e7\u00e3o a compra do im\u00f3vel realizada pelo Senac-DF para moderniza\u00e7\u00e3o das instala\u00e7\u00f5es da institui\u00e7\u00e3o em Bras\u00edlia, o pr\u00f3prio administrador tempor\u00e1rio designado para o Sesc e o Senac em Bras\u00edlia, Valdeci Cavalcante, j\u00e1 apresentou uma resolu\u00e7\u00e3o do Conselho Nacional do Senac, aprovando toda a transa\u00e7\u00e3o comercial, efetuada de acordo com o rigoroso processo t\u00e9cnico e administrativo, previsto nessas aquisi\u00e7\u00f5es, nos n\u00edveis nacional e regional, n\u00e3o havendo nada que desabone o referido processo.<\/span><\/p>\n","protected":false},"excerpt":{"rendered":"<p>Por Samanta Sallum Mesmo com o clima tenso e de den\u00fancias, est\u00e1 confirmada para sexta-feira a elei\u00e7\u00e3o a presidente da Fecom\u00e9rcio no Distrito Federal. Os dois candidatos, os empres\u00e1rios Ovidio Maia e Jos\u00e9 Aparecido, foram alvos de acusa\u00e7\u00f5es, mas ainda sem conclus\u00f5es. Apesar de n\u00e3o haver remunera\u00e7\u00e3o para exercer o cargo, o pleito est\u00e1 sendo bastante disputado, pois duas entidades [&hellip;]<\/p>\n","protected":false},"author":125,"featured_media":2289,"comment_status":"open","ping_status":"open","sticky":false,"template":"","format":"standard","meta":{"footnotes":""},"categories":[6],"tags":[],"class_list":["post-2282","post","type-post","status-publish","format-standard","has-post-thumbnail","hentry","category-coluna-capital-s-a"],"_links":{"self":[{"href":"https:\/\/blogs.correiobraziliense.com.br\/capital-sa\/wp-json\/wp\/v2\/posts\/2282","targetHints":{"allow":["GET"]}}],"collection":[{"href":"https:\/\/blogs.correiobraziliense.com.br\/capital-sa\/wp-json\/wp\/v2\/posts"}],"about":[{"href":"https:\/\/blogs.correiobraziliense.com.br\/capital-sa\/wp-json\/wp\/v2\/types\/post"}],"author":[{"embeddable":true,"href":"https:\/\/blogs.correiobraziliense.com.br\/capital-sa\/wp-json\/wp\/v2\/users\/125"}],"replies":[{"embeddable":true,"href":"https:\/\/blogs.correiobraziliense.com.br\/capital-sa\/wp-json\/wp\/v2\/comments?post=2282"}],"version-history":[{"count":10,"href":"https:\/\/blogs.correiobraziliense.com.br\/capital-sa\/wp-json\/wp\/v2\/posts\/2282\/revisions"}],"predecessor-version":[{"id":2294,"href":"https:\/\/blogs.correiobraziliense.com.br\/capital-sa\/wp-json\/wp\/v2\/posts\/2282\/revisions\/2294"}],"wp:featuredmedia":[{"embeddable":true,"href":"https:\/\/blogs.correiobraziliense.com.br\/capital-sa\/wp-json\/wp\/v2\/media\/2289"}],"wp:attachment":[{"href":"https:\/\/blogs.correiobraziliense.com.br\/capital-sa\/wp-json\/wp\/v2\/media?parent=2282"}],"wp:term":[{"taxonomy":"category","embeddable":true,"href":"https:\/\/blogs.correiobraziliense.com.br\/capital-sa\/wp-json\/wp\/v2\/categories?post=2282"},{"taxonomy":"post_tag","embeddable":true,"href":"https:\/\/blogs.correiobraziliense.com.br\/capital-sa\/wp-json\/wp\/v2\/tags?post=2282"}],"curies":[{"name":"wp","href":"https:\/\/api.w.org\/{rel}","templated":true}]}}