{"id":22762,"date":"2026-05-17T16:38:40","date_gmt":"2026-05-17T19:38:40","guid":{"rendered":"https:\/\/blogs.correiobraziliense.com.br\/capital-sa\/?p=22762"},"modified":"2026-05-18T01:07:03","modified_gmt":"2026-05-18T04:07:03","slug":"empresa-do-df-e-a-3a-do-pais-com-maior-faturamento-no-setor-de-atacado","status":"publish","type":"post","link":"https:\/\/blogs.correiobraziliense.com.br\/capital-sa\/2026\/05\/17\/empresa-do-df-e-a-3a-do-pais-com-maior-faturamento-no-setor-de-atacado\/","title":{"rendered":"Empresa do DF \u00e9 a 3\u00aa do pa\u00eds com maior  faturamento no setor de atacado"},"content":{"rendered":"<p><strong>Atacad\u00e3o SP lidera ranking com faturamento de R$ 89 bilh\u00f5es. Veja lista\u00a0<\/strong><\/p>\n<p><strong>Por SAMANTA SALLUM\u00a0<\/strong><\/p>\n<p class=\"p1\"><span class=\"s1\">O mercado atacadista distribuidor brasileiro encerrou 2025 com faturamento de R$ 616,6 bilh\u00f5es, segundo o Ranking ABAD NielsenIQ 2026 \u2014 Ano Base 2025, o que representa crescimento nominal de 17,27% no per\u00edodo. Descontada a infla\u00e7\u00e3o medida pelo IPCA (\u00cdndice Nacional de Pre\u00e7os ao Consumidor Amplo), o avan\u00e7o real foi de 11%.<br \/>\n<\/span><\/p>\n<p class=\"p1\"><span class=\"s1\">O levantamento contou com a participa\u00e7\u00e3o de 768 empresas. A base analisada considerou 1.181.640 pontos de venda. \u201cO setor atacadista distribuidor brasileiro exerce uma fun\u00e7\u00e3o primordial no abastecimento do pa\u00eds\u201d, afirma Leonardo Miguel Severini, presidente nacional da Abad e da Unecs. <\/span><\/p>\n<p class=\"p1\"><span class=\"s1\">No ranking divulgado ontem pela entidade, o DF \u00e9 destaque entre as maiores empresas com o Atacad\u00e3o Dia a Dia.<\/span><\/p>\n<p><strong>Top 10 Empresas \u2014 Faturamento<\/strong><br \/>\n<strong>Posi\u00e7\u00e3o Empresa UF Ano 2025 (em R$)<\/strong><\/p>\n<p>1 Atacad\u00e3o SP R$ 89.945.000.000<\/p>\n<p>2 Grupo Martins MG R$ 7.556.624.078<\/p>\n<p>3 Atacad\u00e3o Dia a Dia DF R$ 6.677.352.458<\/p>\n<p>4 Tambasa Atacadista MG R$ 6.663.329.613<\/p>\n<p>5 Comercial Zaffari RS 6.403.158.804<\/p>\n<p>6 Atakad\u00e3o Atakarejo BA R$ 6.317.018.314<\/p>\n<p>7 Delly\u2019s Food Services SC R$ 5.809.256.492<\/p>\n<p>8 Decminas MG R$ 5.105.272.519<\/p>\n<p>9 Grupo Braveo Tiscoski SP R$ 4.377.344.665<\/p>\n<p>10 JC Distribui\u00e7\u00e3o GO R$ 4.239.336.608<\/p>\n<p><strong><em>Acompanhe a Capital S\/A na TV Bras\u00edlia todas as ter\u00e7as e quintas-feiras, 18h30\u00a0<\/em><\/strong><strong><em>no JL ao vivo\u00a0<\/em><\/strong><\/p>\n<p>https:\/\/www.youtube.com\/live\/0X-EvTNhCgo?si=Wz3KaNBID_UVI6SO<\/p>\n<p>&nbsp;<\/p>\n","protected":false},"excerpt":{"rendered":"<p>Atacad\u00e3o SP lidera ranking com faturamento de R$ 89 bilh\u00f5es. Veja lista\u00a0 Por SAMANTA SALLUM\u00a0 O mercado atacadista distribuidor brasileiro encerrou 2025 com faturamento de R$ 616,6 bilh\u00f5es, segundo o Ranking ABAD NielsenIQ 2026 \u2014 Ano Base 2025, o que representa crescimento nominal de 17,27% no per\u00edodo. Descontada a infla\u00e7\u00e3o medida pelo IPCA (\u00cdndice Nacional de Pre\u00e7os ao Consumidor Amplo), [&hellip;]<\/p>\n","protected":false},"author":125,"featured_media":22771,"comment_status":"open","ping_status":"open","sticky":false,"template":"","format":"standard","meta":{"footnotes":""},"categories":[1],"tags":[],"class_list":["post-22762","post","type-post","status-publish","format-standard","has-post-thumbnail","hentry","category-sem-categoria"],"_links":{"self":[{"href":"https:\/\/blogs.correiobraziliense.com.br\/capital-sa\/wp-json\/wp\/v2\/posts\/22762","targetHints":{"allow":["GET"]}}],"collection":[{"href":"https:\/\/blogs.correiobraziliense.com.br\/capital-sa\/wp-json\/wp\/v2\/posts"}],"about":[{"href":"https:\/\/blogs.correiobraziliense.com.br\/capital-sa\/wp-json\/wp\/v2\/types\/post"}],"author":[{"embeddable":true,"href":"https:\/\/blogs.correiobraziliense.com.br\/capital-sa\/wp-json\/wp\/v2\/users\/125"}],"replies":[{"embeddable":true,"href":"https:\/\/blogs.correiobraziliense.com.br\/capital-sa\/wp-json\/wp\/v2\/comments?post=22762"}],"version-history":[{"count":13,"href":"https:\/\/blogs.correiobraziliense.com.br\/capital-sa\/wp-json\/wp\/v2\/posts\/22762\/revisions"}],"predecessor-version":[{"id":22779,"href":"https:\/\/blogs.correiobraziliense.com.br\/capital-sa\/wp-json\/wp\/v2\/posts\/22762\/revisions\/22779"}],"wp:featuredmedia":[{"embeddable":true,"href":"https:\/\/blogs.correiobraziliense.com.br\/capital-sa\/wp-json\/wp\/v2\/media\/22771"}],"wp:attachment":[{"href":"https:\/\/blogs.correiobraziliense.com.br\/capital-sa\/wp-json\/wp\/v2\/media?parent=22762"}],"wp:term":[{"taxonomy":"category","embeddable":true,"href":"https:\/\/blogs.correiobraziliense.com.br\/capital-sa\/wp-json\/wp\/v2\/categories?post=22762"},{"taxonomy":"post_tag","embeddable":true,"href":"https:\/\/blogs.correiobraziliense.com.br\/capital-sa\/wp-json\/wp\/v2\/tags?post=22762"}],"curies":[{"name":"wp","href":"https:\/\/api.w.org\/{rel}","templated":true}]}}