{"id":22752,"date":"2026-05-18T00:11:13","date_gmt":"2026-05-18T03:11:13","guid":{"rendered":"https:\/\/blogs.correiobraziliense.com.br\/capital-sa\/?p=22752"},"modified":"2026-05-18T00:17:24","modified_gmt":"2026-05-18T03:17:24","slug":"taxa-das-blusinhas-deixa-alckmin-de-saia-justa","status":"publish","type":"post","link":"https:\/\/blogs.correiobraziliense.com.br\/capital-sa\/2026\/05\/18\/taxa-das-blusinhas-deixa-alckmin-de-saia-justa\/","title":{"rendered":"Taxa das blusinhas deixa Alckmin de saia-justa"},"content":{"rendered":"<p class=\"p1\"><em>Com\u00e9rcio e ind\u00fastria nacional se sentem tra\u00eddos por presidente Lula. O vice Geraldo Alckmin, que era interlocutor do setor produtivo junto ao governo, foi voto vencido no caso. \u00a0Arrecada\u00e7\u00e3o com o imposto foi\u00a0<\/em><em>mais de R$ 3 bilh\u00f5es desde julho de 2024\u00a0<\/em><\/p>\n<p><strong><em>Por SAMANTA SALLUM\u00a0<\/em><\/strong><\/p>\n<p class=\"p1\"><span class=\"s1\">Como ministro do Desenvolvimento, Ind\u00fastria, Com\u00e9rcio e Servi\u00e7os, Geraldo Alckmin ajudou a articular a cria\u00e7\u00e3o da taxa das blusinhas, em 2024, atendendo aos apelos da CNC e da CNI. As confedera\u00e7\u00f5es do com\u00e9rcio e da ind\u00fastria apresentaram, \u00e0 \u00e9poca, estudos que mostravam os preju\u00edzos causados \u00e0 economia nacional com a isen\u00e7\u00e3o da taxa de importa\u00e7\u00e3o de compras at\u00e9 US$ 50. At\u00e9 o in\u00edcio do m\u00eas, ele defendia a manuten\u00e7\u00e3o. Mas, diante da proximidade das elei\u00e7\u00f5es, a convic\u00e7\u00e3o esmoreceu.<br \/>\n<\/span><\/p>\n<p class=\"p1\"><span class=\"s1\">O governo Lula vem numa ofensiva em busca de popularidade com medidas como o programa Desenrola. Agora, zera o imposto das \u201cblusinhas\u201d importadas. O empresariado do com\u00e9rcio e da ind\u00fastria chiou com o an\u00fancio feito e alega que o pa\u00eds perde empregos com a medida.<\/span><\/p>\n<p><strong>Forte rea\u00e7\u00e3o\u00a0<\/strong><\/p>\n<p class=\"p1\"><span class=\"s1\">Pegos de surpresa e sem direito a prepara\u00e7\u00e3o para a medida que acabou com a taxa das blusinhas. Assim o setor empresarial reagiu \u00e0 decis\u00e3o do presidente Lula de zerar imposto federal sobre importa\u00e7\u00e3o de produtos at\u00e9 50 d\u00f3lares, o equivalente a R$ 250.<\/span><\/p>\n<p class=\"p1\"><span class=\"s1\"> Lula assinou a medida na tarde de ter\u00e7a-feira. Os representantes do setor produtivo afirmam que o impacto ser\u00e1 nefasto para pequenas empresas que n\u00e3o conseguem concorrer com os produtos chinesas em pre\u00e7os.<br \/>\n<\/span><\/p>\n<p class=\"p1\"><span class=\"s1\">Para o empresariado, Lula favoreceu \u00e0 ind\u00fastria chinesa. Sem aviso pr\u00e9vio, a medida foi considerada eleitoreira, desconsiderando os levantamentos das entidades empresariais sobre impacto social do aperto financeiro dos pequenos neg\u00f3cios. Com a taxa das blusinhas, o governo arrecadou \u00a0mais de R$ 3 bilh\u00f5es desde junho de 2024.<\/span><\/p>\n<p><iframe loading=\"lazy\" title=\"COM\u00c9RCIO DO DF SE PREPARA PARA O DIA LIVRE DE IMPOSTOS COM DESCONTOS DE AT\u00c9 30%\" width=\"1440\" height=\"810\" src=\"https:\/\/www.youtube.com\/embed\/0_xQO53AhAY?feature=oembed\" frameborder=\"0\" allow=\"accelerometer; autoplay; clipboard-write; encrypted-media; gyroscope; picture-in-picture; web-share\" referrerpolicy=\"strict-origin-when-cross-origin\" allowfullscreen><\/iframe><\/p>\n<p class=\"p1\"><strong><span class=\"s1\">Desequil\u00edbrio competitivo<\/span><\/strong><\/p>\n<p class=\"p1\"><span class=\"s1\">A Confedera\u00e7\u00e3o Nacional do Com\u00e9rcio de Bens, Servi\u00e7os e Turismo (CNC) ressaltou que a taxa\u00e7\u00e3o de importa\u00e7\u00f5es representava instrumento necess\u00e1rio de compensa\u00e7\u00e3o para o empres\u00e1rio brasileiro diante de um cen\u00e1rio marcado por desequil\u00edbrios.<br \/>\n<\/span><\/p>\n<p class=\"p1\"><span class=\"s1\">\u201cO Brasil corre o risco de ampliar a depend\u00eancia externa e fragilizar cadeias produtivas locais, caso o debate seja conduzido apenas sob o prisma do consumo imediato. O tema precisa ser tratado sob a \u00f3tica da defesa do emprego, da competitividade e da soberania econ\u00f4mica\u201d, destacou a entidade.<\/span><\/p>\n<p class=\"p1\"><strong><span class=\"s1\">Fim da taxa das blusinhas causar\u00e1 perda de empregos e preju\u00edzo \u00e0 economia brasileira, avalia CNI<\/span><\/strong><\/p>\n<p class=\"p1\"><span class=\"s1\">Pouco tempo depois do an\u00fancio da medida pelo presidente Lula, a Confedera\u00e7\u00e3o Nacional da Ind\u00fastria (CNI) j\u00e1 emitiu uma rea\u00e7\u00e3o. Afirmou que representa uma vantagem concedida a ind\u00fastrias estrangeiras em detrimento do setor produtivo nacional. A entidade enfatizou que a medida impactar\u00e1, principalmente, micro e pequenas empresas e resultar\u00e1 na perda de empregos.<\/span><\/p>\n<p class=\"p1\"><strong><span class=\"s1\">Dificuldade para o setor t\u00eaxtil<\/span><\/strong><\/p>\n<p class=\"p1\"><span class=\"s1\">\u201cPermitir a entrada de importa\u00e7\u00f5es de at\u00e9 50 d\u00f3lares sem tributa\u00e7\u00e3o \u00e9 o mesmo que financiar a ind\u00fastria de pa\u00edses como a China, principal exportador de produtos de baixo valor para o Brasil, especialmente no setor t\u00eaxtil. O preju\u00edzo \u00e9 direto a quem fabrica e comercializa em territ\u00f3rio brasileiro\u201d, afirma o presidente da CNI, Ricardo Alban.<\/span><\/p>\n<p><strong><em>Acompanhe a Capital S\/A na TV Bras\u00edlia todas as ter\u00e7as e quintas-feiras, 18h30\u00a0<\/em><\/strong><strong><em>no JL ao vivo<\/em><\/strong><\/p>\n","protected":false},"excerpt":{"rendered":"<p>Com\u00e9rcio e ind\u00fastria nacional se sentem tra\u00eddos por presidente Lula. O vice Geraldo Alckmin, que era interlocutor do setor produtivo junto ao governo, foi voto vencido no caso. \u00a0Arrecada\u00e7\u00e3o com o imposto foi\u00a0mais de R$ 3 bilh\u00f5es desde julho de 2024\u00a0 Por SAMANTA SALLUM\u00a0 Como ministro do Desenvolvimento, Ind\u00fastria, Com\u00e9rcio e Servi\u00e7os, Geraldo Alckmin ajudou a articular a cria\u00e7\u00e3o da [&hellip;]<\/p>\n","protected":false},"author":125,"featured_media":22757,"comment_status":"open","ping_status":"open","sticky":false,"template":"","format":"standard","meta":{"footnotes":""},"categories":[6],"tags":[],"class_list":["post-22752","post","type-post","status-publish","format-standard","has-post-thumbnail","hentry","category-coluna-capital-s-a"],"_links":{"self":[{"href":"https:\/\/blogs.correiobraziliense.com.br\/capital-sa\/wp-json\/wp\/v2\/posts\/22752","targetHints":{"allow":["GET"]}}],"collection":[{"href":"https:\/\/blogs.correiobraziliense.com.br\/capital-sa\/wp-json\/wp\/v2\/posts"}],"about":[{"href":"https:\/\/blogs.correiobraziliense.com.br\/capital-sa\/wp-json\/wp\/v2\/types\/post"}],"author":[{"embeddable":true,"href":"https:\/\/blogs.correiobraziliense.com.br\/capital-sa\/wp-json\/wp\/v2\/users\/125"}],"replies":[{"embeddable":true,"href":"https:\/\/blogs.correiobraziliense.com.br\/capital-sa\/wp-json\/wp\/v2\/comments?post=22752"}],"version-history":[{"count":8,"href":"https:\/\/blogs.correiobraziliense.com.br\/capital-sa\/wp-json\/wp\/v2\/posts\/22752\/revisions"}],"predecessor-version":[{"id":22761,"href":"https:\/\/blogs.correiobraziliense.com.br\/capital-sa\/wp-json\/wp\/v2\/posts\/22752\/revisions\/22761"}],"wp:featuredmedia":[{"embeddable":true,"href":"https:\/\/blogs.correiobraziliense.com.br\/capital-sa\/wp-json\/wp\/v2\/media\/22757"}],"wp:attachment":[{"href":"https:\/\/blogs.correiobraziliense.com.br\/capital-sa\/wp-json\/wp\/v2\/media?parent=22752"}],"wp:term":[{"taxonomy":"category","embeddable":true,"href":"https:\/\/blogs.correiobraziliense.com.br\/capital-sa\/wp-json\/wp\/v2\/categories?post=22752"},{"taxonomy":"post_tag","embeddable":true,"href":"https:\/\/blogs.correiobraziliense.com.br\/capital-sa\/wp-json\/wp\/v2\/tags?post=22752"}],"curies":[{"name":"wp","href":"https:\/\/api.w.org\/{rel}","templated":true}]}}