{"id":2261,"date":"2021-03-01T20:51:34","date_gmt":"2021-03-01T23:51:34","guid":{"rendered":"https:\/\/blogs.correiobraziliense.com.br\/capital-sa\/?p=2261"},"modified":"2021-03-01T21:20:25","modified_gmt":"2021-03-02T00:20:25","slug":"faculdade-de-medicina-da-unb-rebate-crm","status":"publish","type":"post","link":"https:\/\/blogs.correiobraziliense.com.br\/capital-sa\/2021\/03\/01\/faculdade-de-medicina-da-unb-rebate-crm\/","title":{"rendered":"Faculdade de Medicina da Unb apoia decreto do GDF"},"content":{"rendered":"<p class=\"p2\"><span class=\"s1\">A Faculdade de Medicina da Universidade de Bras\u00edlia rebateu a posi\u00e7\u00e3o do CRM. E reiterou apoio \u00e0s medidas de restri\u00e7\u00e3o adotadas pelo GDF.<\/span><\/p>\n<p class=\"p2\"><span class=\"s1\">Manifestou \u201cprofunda preocupa\u00e7\u00e3o\u201d\u00a0<\/span>com a divulga\u00e7\u00e3o da nota p\u00fablica do Conselho Regional de Medicina do Distrito Federal contra o lockdown.<\/p>\n<blockquote>\n<p class=\"p2\"><span class=\"s1\">\u201cAssim, surpreende-nos o CRM-DF ao argumentar contra uma medida destinada a evitar a morte das pessoas afetadas pela doen\u00e7a, em prol de interesses de natureza econ\u00f4mica e alheios ao seu dever de zelar pelo bom exerc\u00edcio da profiss\u00e3o m\u00e9dica\u201d, destaca o manifesto da Unb.<\/span><\/p>\n<\/blockquote>\n<p class=\"p2\"><span class=\"s1\">A faculdade de Medicina alerta que\u00a0<\/span>a transmiss\u00e3o de SARS-CoV-2 apresenta curva ascendente, tanto no DF quanto nos munic\u00edpios da Regi\u00e3o Integrada de Desenvolvimento do Distrito Federal (RIDE), com a ocupa\u00e7\u00e3o de praticamente a totalidade dos leitos de UTI dispon\u00edveis.<\/p>\n<p class=\"p2\">\u201cA situa\u00e7\u00e3o \u00e9 cr\u00edtica e, como tal, exige interven\u00e7\u00e3o imediata e categ\u00f3rica para diminuir o risco de perda de vidas pela falta de aten\u00e7\u00e3o adequada aos casos mais graves de Covid-19 e de evitar mortes por outros agravos prevenindo o colapso do sistema de sa\u00fade\u201d, ressalta a universidade.<\/p>\n","protected":false},"excerpt":{"rendered":"<p>A Faculdade de Medicina da Universidade de Bras\u00edlia rebateu a posi\u00e7\u00e3o do CRM. E reiterou apoio \u00e0s medidas de restri\u00e7\u00e3o adotadas pelo GDF. Manifestou \u201cprofunda preocupa\u00e7\u00e3o\u201d\u00a0com a divulga\u00e7\u00e3o da nota p\u00fablica do Conselho Regional de Medicina do Distrito Federal contra o lockdown. \u201cAssim, surpreende-nos o CRM-DF ao argumentar contra uma medida destinada a evitar a morte das pessoas afetadas pela [&hellip;]<\/p>\n","protected":false},"author":125,"featured_media":2265,"comment_status":"open","ping_status":"open","sticky":false,"template":"","format":"standard","meta":{"footnotes":""},"categories":[6],"tags":[],"class_list":["post-2261","post","type-post","status-publish","format-standard","has-post-thumbnail","hentry","category-coluna-capital-s-a"],"_links":{"self":[{"href":"https:\/\/blogs.correiobraziliense.com.br\/capital-sa\/wp-json\/wp\/v2\/posts\/2261","targetHints":{"allow":["GET"]}}],"collection":[{"href":"https:\/\/blogs.correiobraziliense.com.br\/capital-sa\/wp-json\/wp\/v2\/posts"}],"about":[{"href":"https:\/\/blogs.correiobraziliense.com.br\/capital-sa\/wp-json\/wp\/v2\/types\/post"}],"author":[{"embeddable":true,"href":"https:\/\/blogs.correiobraziliense.com.br\/capital-sa\/wp-json\/wp\/v2\/users\/125"}],"replies":[{"embeddable":true,"href":"https:\/\/blogs.correiobraziliense.com.br\/capital-sa\/wp-json\/wp\/v2\/comments?post=2261"}],"version-history":[{"count":8,"href":"https:\/\/blogs.correiobraziliense.com.br\/capital-sa\/wp-json\/wp\/v2\/posts\/2261\/revisions"}],"predecessor-version":[{"id":2271,"href":"https:\/\/blogs.correiobraziliense.com.br\/capital-sa\/wp-json\/wp\/v2\/posts\/2261\/revisions\/2271"}],"wp:featuredmedia":[{"embeddable":true,"href":"https:\/\/blogs.correiobraziliense.com.br\/capital-sa\/wp-json\/wp\/v2\/media\/2265"}],"wp:attachment":[{"href":"https:\/\/blogs.correiobraziliense.com.br\/capital-sa\/wp-json\/wp\/v2\/media?parent=2261"}],"wp:term":[{"taxonomy":"category","embeddable":true,"href":"https:\/\/blogs.correiobraziliense.com.br\/capital-sa\/wp-json\/wp\/v2\/categories?post=2261"},{"taxonomy":"post_tag","embeddable":true,"href":"https:\/\/blogs.correiobraziliense.com.br\/capital-sa\/wp-json\/wp\/v2\/tags?post=2261"}],"curies":[{"name":"wp","href":"https:\/\/api.w.org\/{rel}","templated":true}]}}