{"id":22535,"date":"2026-04-25T17:14:20","date_gmt":"2026-04-25T20:14:20","guid":{"rendered":"https:\/\/blogs.correiobraziliense.com.br\/capital-sa\/?p=22535"},"modified":"2026-04-27T16:23:54","modified_gmt":"2026-04-27T19:23:54","slug":"gdf-tem-que-cortar-r-4-bilhoes-em-gastos-com-medida-de-emergencia","status":"publish","type":"post","link":"https:\/\/blogs.correiobraziliense.com.br\/capital-sa\/2026\/04\/25\/gdf-tem-que-cortar-r-4-bilhoes-em-gastos-com-medida-de-emergencia\/","title":{"rendered":"GDF tem que cortar R$ 4 bilh\u00f5es em gastos com medida de emerg\u00eancia"},"content":{"rendered":"<figure id=\"attachment_22540\" aria-describedby=\"caption-attachment-22540\" style=\"width: 682px\" class=\"wp-caption aligncenter\"><img loading=\"lazy\" decoding=\"async\" class=\"size-large wp-image-22540\" src=\"https:\/\/blogs.correiobraziliense.com.br\/capital-sa\/wp-content\/uploads\/sites\/59\/2026\/04\/WhatsApp-Image-2026-04-25-at-17.51.42-682x1024.jpeg\" alt=\"Valdivino Oliveira, secret\u00e1rio de Economia do DF. Foto: Vin\u00edcius de Melo\/Ascom\/Seec\" width=\"682\" height=\"1024\" srcset=\"https:\/\/blogs.correiobraziliense.com.br\/capital-sa\/wp-content\/uploads\/sites\/59\/2026\/04\/WhatsApp-Image-2026-04-25-at-17.51.42-682x1024.jpeg 682w, https:\/\/blogs.correiobraziliense.com.br\/capital-sa\/wp-content\/uploads\/sites\/59\/2026\/04\/WhatsApp-Image-2026-04-25-at-17.51.42-200x300.jpeg 200w, https:\/\/blogs.correiobraziliense.com.br\/capital-sa\/wp-content\/uploads\/sites\/59\/2026\/04\/WhatsApp-Image-2026-04-25-at-17.51.42-768x1152.jpeg 768w, https:\/\/blogs.correiobraziliense.com.br\/capital-sa\/wp-content\/uploads\/sites\/59\/2026\/04\/WhatsApp-Image-2026-04-25-at-17.51.42-1440x2161.jpeg 1440w, https:\/\/blogs.correiobraziliense.com.br\/capital-sa\/wp-content\/uploads\/sites\/59\/2026\/04\/WhatsApp-Image-2026-04-25-at-17.51.42-800x1200.jpeg 800w, https:\/\/blogs.correiobraziliense.com.br\/capital-sa\/wp-content\/uploads\/sites\/59\/2026\/04\/WhatsApp-Image-2026-04-25-at-17.51.42-550x825.jpeg 550w, https:\/\/blogs.correiobraziliense.com.br\/capital-sa\/wp-content\/uploads\/sites\/59\/2026\/04\/WhatsApp-Image-2026-04-25-at-17.51.42-230x345.jpeg 230w, https:\/\/blogs.correiobraziliense.com.br\/capital-sa\/wp-content\/uploads\/sites\/59\/2026\/04\/WhatsApp-Image-2026-04-25-at-17.51.42.jpeg 1706w\" sizes=\"auto, (max-width: 682px) 100vw, 682px\" \/><figcaption id=\"caption-attachment-22540\" class=\"wp-caption-text\">Valdivino Oliveira, secret\u00e1rio de Economia do DF. Foto: Vin\u00edcius de Melo\/Ascom\/Seec<\/figcaption><\/figure>\n<p class=\"p1\"><em>Preocupa\u00e7\u00e3o \u00e9 impedir que faltem recursos daqui alguns meses\u00a0 para pagar a folha do funcionalismo p\u00fablico e servi\u00e7os essenciais como sa\u00fade , limpeza p\u00fablica.<\/em><\/p>\n<p class=\"p1\"><strong><span class=\"s1\">Por SAMANTA SALLUM <\/span><\/strong><\/p>\n<p class=\"p1\"><span class=\"s1\">As contas do Governo do Distrito Federal (GDF) para este ano apontam um saldo negativo: gastos de R$ 20 bilh\u00f5es, com as chamadas de despesas de custeio, e previs\u00e3o de receita de apenas R$ 16 bilh\u00f5es. Para a bomba or\u00e7ament\u00e1ria n\u00e3o estourar, o novo secret\u00e1rio de Economia do DF, Valdivino Oliveira, alertou a governadora Celina Le\u00e3o sobre a proje\u00e7\u00e3o de d\u00e9ficit que pode chegar a mais de R$ 4 bilh\u00f5es. Por isso, ela assinou decreto mandando todas as \u00e1reas da administra\u00e7\u00e3o p\u00fablica cortarem gastos em at\u00e9 25%.<\/span><\/p>\n<p class=\"p1\"><span class=\"s1\">O secret\u00e1rio de Economia do DF, Valdivino de Oliveira, foi escolhido por Celina para assumir a pasta no in\u00edcio de abril. A miss\u00e3o: reorganizar as contas p\u00fablicas para que a atual governadora n\u00e3o seja responsabilizada depois por deixar uma bomba fiscal para o pr\u00f3ximo exerc\u00edcio de governo. A preocupa\u00e7\u00e3o \u00e9 impedir que faltem recursos daqui alguns meses<span class=\"Apple-converted-space\">\u00a0 <\/span>para pagar a folha do funcionalismo p\u00fablico e servi\u00e7os essenciais como sa\u00fade , limpeza p\u00fablica.<\/span><\/p>\n<p class=\"p1\"><span class=\"s1\">No final do ano passado, o GDF enfrentou dificuldades de caixa e chegou a atrasar pagamentos de contratos e de terceirizados. <\/span><\/p>\n<p class=\"p1\"><span class=\"s1\">O secret\u00e1rio de Economia explicou ao <strong>Blog<\/strong>\u00a0<\/span>que o decreto foi motivado por um cen\u00e1rio de desequil\u00edbrio nas contas p\u00fablicas previstos para 2026. Diante desse quadro, destacou a necessidade de ado\u00e7\u00e3o imediata de medidas de conten\u00e7\u00e3o. \u201cPrecis\u00e1vamos come\u00e7ar a cortar gastos agora para evitar que esse d\u00e9ficit se concretizasse no final do ano\u201d, frisou.<\/p>\n<p class=\"p1\"><span class=\"s1\">O secret\u00e1rio ressaltou que a meta de redu\u00e7\u00e3o n\u00e3o ser\u00e1 uniforme. \u201cO decreto prev\u00ea cortes de at\u00e9 25%, n\u00e3o necessariamente 25% em todas as \u00e1reas. Cada caso, cada setor ser\u00e1 analisado individualmente\u201d, explicou.<\/span><\/p>\n<p class=\"p1\"><span class=\"s1\">Ele garantiu que as \u00e1reas consideradas priorit\u00e1rias n\u00e3o ser\u00e3o afetadas. \u201cN\u00e3o vamos tirar recursos de servi\u00e7os essenciais, como ambul\u00e2ncias, sa\u00fade e atendimento \u00e0 popula\u00e7\u00e3o. Essas \u00e1reas ser\u00e3o preservadas\u201d, disse. \u201cCada \u00f3rg\u00e3o ter\u00e1 que fazer seu dever de casa e avaliar onde pode cortar, especialmente em gastos n\u00e3o essenciais\u201d, adicionou. <\/span><\/p>\n<p><iframe loading=\"lazy\" title=\"Capital S\/A\" width=\"1440\" height=\"810\" src=\"https:\/\/www.youtube.com\/embed\/videoseries?list=PLQ4vd9cZpWqsggflo87vUJd4VcYSuhMLc\" frameborder=\"0\" allow=\"accelerometer; autoplay; clipboard-write; encrypted-media; gyroscope; picture-in-picture; web-share\" referrerpolicy=\"strict-origin-when-cross-origin\" allowfullscreen><\/iframe><\/p>\n<p class=\"p1\"><span class=\"s1\">Entre os exemplos citados, o secret\u00e1rio de economia mencionou a suspens\u00e3o de despesas com eventos. \u201cNa Secretaria de Economia,por exemplo, havia um encontro nacional que custaria aproximadamente R$ 500 mil. Pedi para suspender esse gasto. O evento pode at\u00e9 acontecer, mas sem esse custo\u201d, afirmou. <\/span><\/p>\n<p class=\"p1\"><span class=\"s1\">Al\u00e9m disso, citou a possibilidade de revis\u00e3o de contratos de aluguel. \u201cSe uma secretaria tem dois ou tr\u00eas im\u00f3veis alugados, \u00e9 preciso avaliar se n\u00e3o \u00e9 poss\u00edvel concentrar as atividades em um \u00fanico espa\u00e7o e reduzir despesas\u201d, acrescentou.<\/span><\/p>\n","protected":false},"excerpt":{"rendered":"<p>Preocupa\u00e7\u00e3o \u00e9 impedir que faltem recursos daqui alguns meses\u00a0 para pagar a folha do funcionalismo p\u00fablico e servi\u00e7os essenciais como sa\u00fade , limpeza p\u00fablica. Por SAMANTA SALLUM As contas do Governo do Distrito Federal (GDF) para este ano apontam um saldo negativo: gastos de R$ 20 bilh\u00f5es, com as chamadas de despesas de custeio, e previs\u00e3o de receita de apenas [&hellip;]<\/p>\n","protected":false},"author":125,"featured_media":22540,"comment_status":"open","ping_status":"open","sticky":false,"template":"","format":"standard","meta":{"footnotes":""},"categories":[1],"tags":[],"class_list":["post-22535","post","type-post","status-publish","format-standard","has-post-thumbnail","hentry","category-sem-categoria"],"_links":{"self":[{"href":"https:\/\/blogs.correiobraziliense.com.br\/capital-sa\/wp-json\/wp\/v2\/posts\/22535","targetHints":{"allow":["GET"]}}],"collection":[{"href":"https:\/\/blogs.correiobraziliense.com.br\/capital-sa\/wp-json\/wp\/v2\/posts"}],"about":[{"href":"https:\/\/blogs.correiobraziliense.com.br\/capital-sa\/wp-json\/wp\/v2\/types\/post"}],"author":[{"embeddable":true,"href":"https:\/\/blogs.correiobraziliense.com.br\/capital-sa\/wp-json\/wp\/v2\/users\/125"}],"replies":[{"embeddable":true,"href":"https:\/\/blogs.correiobraziliense.com.br\/capital-sa\/wp-json\/wp\/v2\/comments?post=22535"}],"version-history":[{"count":7,"href":"https:\/\/blogs.correiobraziliense.com.br\/capital-sa\/wp-json\/wp\/v2\/posts\/22535\/revisions"}],"predecessor-version":[{"id":22544,"href":"https:\/\/blogs.correiobraziliense.com.br\/capital-sa\/wp-json\/wp\/v2\/posts\/22535\/revisions\/22544"}],"wp:featuredmedia":[{"embeddable":true,"href":"https:\/\/blogs.correiobraziliense.com.br\/capital-sa\/wp-json\/wp\/v2\/media\/22540"}],"wp:attachment":[{"href":"https:\/\/blogs.correiobraziliense.com.br\/capital-sa\/wp-json\/wp\/v2\/media?parent=22535"}],"wp:term":[{"taxonomy":"category","embeddable":true,"href":"https:\/\/blogs.correiobraziliense.com.br\/capital-sa\/wp-json\/wp\/v2\/categories?post=22535"},{"taxonomy":"post_tag","embeddable":true,"href":"https:\/\/blogs.correiobraziliense.com.br\/capital-sa\/wp-json\/wp\/v2\/tags?post=22535"}],"curies":[{"name":"wp","href":"https:\/\/api.w.org\/{rel}","templated":true}]}}