{"id":22478,"date":"2026-04-20T20:02:40","date_gmt":"2026-04-20T23:02:40","guid":{"rendered":"https:\/\/blogs.correiobraziliense.com.br\/capital-sa\/?p=22478"},"modified":"2026-04-21T11:22:25","modified_gmt":"2026-04-21T14:22:25","slug":"celina-leao-troca-comando-do-iprev-e-do-inas","status":"publish","type":"post","link":"https:\/\/blogs.correiobraziliense.com.br\/capital-sa\/2026\/04\/20\/celina-leao-troca-comando-do-iprev-e-do-inas\/","title":{"rendered":"Celina Le\u00e3o troca comando do Iprev e do Inas"},"content":{"rendered":"<p><em>A crise do Banco de Bras\u00edlia tamb\u00e9m atingiu o Iprev, que investiu R$ 6,5 milh\u00f5es em empresa ligada ao banco Master. Inas tamb\u00e9m enfrenta dificuldades\u00a0<\/em><\/p>\n<p><strong>Por SAMANTA SALLUM\u00a0<\/strong><\/p>\n<p class=\"p1\"><span class=\"s1\">Mais mudan\u00e7as em cargos estrat\u00e9gicos do GDF. A governadora Celina Le\u00e3o mexeu agora em outros setores que est\u00e3o em crise com d\u00e9ficits or\u00e7ament\u00e1rios.<span class=\"Apple-converted-space\">\u00a0<\/span>Ela nomeou hoje novos gestores para comandar o Instituto de Previd\u00eancia dos Servidores do Distrito Federal (Iprev-DF) e para o Instituto de Assist\u00eancia \u00e0 Sa\u00fade dos Servidores do Distrito Federal (Inas). As nomea\u00e7\u00f5es foram publicadas em edi\u00e7\u00e3o extra do DODF.<br \/>\n<\/span><\/p>\n<p class=\"p1\"><span class=\"s1\">No Iprev-DF, o comando passa a ser exercido por Geraldo Loren\u00e7o de Almeida (foto). J\u00e1 o Inas ser\u00e1 presidido por Pablo Vieira de Castro.<\/span><\/p>\n<p class=\"p1\"><span class=\"s1\">A crise financeira do Banco de Bras\u00edlia (BRB) tamb\u00e9m atingiu o Iprev, que \u00e9 um dos acionistas da institui\u00e7\u00e3o. O Instituto investiu R$ 6,5 milh\u00f5es no FIP Venture Brasil Central. O fundo \u00e9 administrado pela Trustee DTVM, institui\u00e7\u00e3o vinculada ao Banco Master, alvo das opera\u00e7\u00f5es Carbono Oculto e Compliance Zero.<br \/>\n<\/span><\/p>\n<p class=\"p1\"><span class=\"s1\">Em novembro de 2025, per\u00edodo em que o conglomerado Master iniciou processo de liquida\u00e7\u00e3o pelo Banco Central, o Iprev-DF mantinha valores aplicados.<\/span><\/p>\n<p><strong><em>Acompanhe a Capital S\/A na TV Bras\u00edlia todas as ter\u00e7as e quintas-feiras, 18h30\u00a0<\/em><\/strong><strong><em>no JL ao vivo<\/em><\/strong><\/p>\n<p><iframe loading=\"lazy\" title=\"VINHOS DE BRAS\u00cdLIA S\u00c3O VENCEDORES DE PREMIA\u00c7\u00c3O NACIONAL E INTERNACIONAL | CAPITAL S\/A\" width=\"1440\" height=\"810\" src=\"https:\/\/www.youtube.com\/embed\/JEqLQ92wWvw?feature=oembed\" frameborder=\"0\" allow=\"accelerometer; autoplay; clipboard-write; encrypted-media; gyroscope; picture-in-picture; web-share\" referrerpolicy=\"strict-origin-when-cross-origin\" allowfullscreen><\/iframe><\/p>\n<p class=\"p1\"><span class=\"s1\">Geraldo Loren\u00e7o de Almeida, que j\u00e1 foi diretor do BRB em gest\u00f5es passadas, chega ao Iprev-DF como auditor de controle interno. Servidor de carreira do GDF. At\u00e9 a nomea\u00e7\u00e3o, atuava como assessor especial no Gabinete da Vice-Governadoria e tamb\u00e9m ocupou a Secretaria Executiva de Turismo do Distrito Federal. Foi tamb\u00e9m secret\u00e1rio de Finan\u00e7as da Prefeitura de Goi\u00e2nia, em 2021.<\/span><\/p>\n<p class=\"p1\"><span class=\"s1\">A C\u00e2mara Legislativa do Distrito Federal aprovou recentemente um projeto de lei dd cr\u00e9dito adicional de R$ 765.253.602 ao Instituto de Previd\u00eancia dos Servidores do DF (Iprev).<\/span><\/p>\n<p class=\"p1\"><span class=\"s1\">Para o Inas, foi nomeado Pablo Vieira de Castro. Antes de assumir o cargo, ele integrava a Diretoria Executiva da Postal Sa\u00fade como diretor de Produtos, Mercado e Relacionamento, fun\u00e7\u00e3o para a qual foi indicado em 2024.<\/span><\/p>\n<p class=\"p1\"><span class=\"s1\">O Iprev-DF \u00e9 o \u00f3rg\u00e3o gestor do Regime Pr\u00f3prio de Previd\u00eancia Social do Distrito Federal. J\u00e1 o Inas mant\u00e9m o GDF Sa\u00fade, plano de assist\u00eancia suplementar oferecido em regime de autogest\u00e3o aos servidores do GDF e a seus dependentes.<\/span><\/p>\n","protected":false},"excerpt":{"rendered":"<p>A crise do Banco de Bras\u00edlia tamb\u00e9m atingiu o Iprev, que investiu R$ 6,5 milh\u00f5es em empresa ligada ao banco Master. Inas tamb\u00e9m enfrenta dificuldades\u00a0 Por SAMANTA SALLUM\u00a0 Mais mudan\u00e7as em cargos estrat\u00e9gicos do GDF. A governadora Celina Le\u00e3o mexeu agora em outros setores que est\u00e3o em crise com d\u00e9ficits or\u00e7ament\u00e1rios.\u00a0Ela nomeou hoje novos gestores para comandar o Instituto de [&hellip;]<\/p>\n","protected":false},"author":125,"featured_media":22497,"comment_status":"open","ping_status":"open","sticky":false,"template":"","format":"standard","meta":{"footnotes":""},"categories":[6],"tags":[],"class_list":["post-22478","post","type-post","status-publish","format-standard","has-post-thumbnail","hentry","category-coluna-capital-s-a"],"_links":{"self":[{"href":"https:\/\/blogs.correiobraziliense.com.br\/capital-sa\/wp-json\/wp\/v2\/posts\/22478","targetHints":{"allow":["GET"]}}],"collection":[{"href":"https:\/\/blogs.correiobraziliense.com.br\/capital-sa\/wp-json\/wp\/v2\/posts"}],"about":[{"href":"https:\/\/blogs.correiobraziliense.com.br\/capital-sa\/wp-json\/wp\/v2\/types\/post"}],"author":[{"embeddable":true,"href":"https:\/\/blogs.correiobraziliense.com.br\/capital-sa\/wp-json\/wp\/v2\/users\/125"}],"replies":[{"embeddable":true,"href":"https:\/\/blogs.correiobraziliense.com.br\/capital-sa\/wp-json\/wp\/v2\/comments?post=22478"}],"version-history":[{"count":11,"href":"https:\/\/blogs.correiobraziliense.com.br\/capital-sa\/wp-json\/wp\/v2\/posts\/22478\/revisions"}],"predecessor-version":[{"id":22501,"href":"https:\/\/blogs.correiobraziliense.com.br\/capital-sa\/wp-json\/wp\/v2\/posts\/22478\/revisions\/22501"}],"wp:featuredmedia":[{"embeddable":true,"href":"https:\/\/blogs.correiobraziliense.com.br\/capital-sa\/wp-json\/wp\/v2\/media\/22497"}],"wp:attachment":[{"href":"https:\/\/blogs.correiobraziliense.com.br\/capital-sa\/wp-json\/wp\/v2\/media?parent=22478"}],"wp:term":[{"taxonomy":"category","embeddable":true,"href":"https:\/\/blogs.correiobraziliense.com.br\/capital-sa\/wp-json\/wp\/v2\/categories?post=22478"},{"taxonomy":"post_tag","embeddable":true,"href":"https:\/\/blogs.correiobraziliense.com.br\/capital-sa\/wp-json\/wp\/v2\/tags?post=22478"}],"curies":[{"name":"wp","href":"https:\/\/api.w.org\/{rel}","templated":true}]}}