{"id":22423,"date":"2026-04-15T20:59:57","date_gmt":"2026-04-15T23:59:57","guid":{"rendered":"https:\/\/blogs.correiobraziliense.com.br\/capital-sa\/?p=22423"},"modified":"2026-04-16T00:00:00","modified_gmt":"2026-04-16T03:00:00","slug":"itau-vai-comprar-ativos-do-brb","status":"publish","type":"post","link":"https:\/\/blogs.correiobraziliense.com.br\/capital-sa\/2026\/04\/15\/itau-vai-comprar-ativos-do-brb\/","title":{"rendered":"Ita\u00fa Unibanco confirma que vai comprar ativos do BRB"},"content":{"rendered":"<p><em>Bradesco tamb\u00e9m est\u00e1 na negocia\u00e7\u00e3o.<\/em><br \/>\n<em>em cons\u00f3rcio e informou \u00e0 CVM<\/em><\/p>\n<p><strong>Por SAMANTA SALLUM\u00a0<\/strong><\/p>\n<p><span class=\"s1\">O banco\u00a0Ita\u00fa Unibanco\u00a0<\/span><span class=\"s1\">divulgou comunicado em resposta a questionamento feito pela Comiss\u00e3o de Valores Imobili\u00e1rios (CVM) sobre not\u00edcia publicada pelo <\/span><strong><span class=\"s2\">Correio Braziliense<\/span><span class=\"s1\">.\u00a0<\/span><\/strong>O Ita\u00fa Unibanco confirmou nesta quarta-feira (15) que uma de suas subsidi\u00e1rias &#8220;celebrou instrumento por meio do qual se comprometeu a adquirir&#8221; ativos do Banco de Bras\u00edlia (BRB). N\u00e3o foi informado valores ou detalhes do acordo.<\/p>\n<p>O diretor de Rela\u00e7\u00f5es com Investidores do banco, Gustavo Lopes Rodrigues, assinou o informe oficial. Esclareceu porque a institui\u00e7\u00e3o n\u00e3o publicou Fato Relevante para divulgar aos acionistas a transa\u00e7\u00e3o.<\/p>\n<p class=\"p1\"><span class=\"s1\">&#8220;N\u00e3o obstante, os valores envolvidos na referida transa\u00e7\u00e3o s\u00e3o imateriais para a Companhia, de acordo com os seus crit\u00e9rios, raz\u00e3o pela qual tal transa\u00e7\u00e3o n\u00e3o se qualifica como \u201cfato relevante\u201d para o Ita\u00fa Unibanco para fins da legisla\u00e7\u00e3o&#8221;, respondeu.<\/span><\/p>\n<p>O Bradesco tamb\u00e9m est\u00e1 na negocia\u00e7\u00e3o.<br \/>\nem cons\u00f3rcio com o Ita\u00fa. Respondeu tamb\u00e9m \u00e0 CVM e informou no entanto que o valor \u00e9 menor do que o mencionado na not\u00edcia.<\/p>\n<p class=\"p1\"><span class=\"s1\"><strong>Negocia\u00e7\u00e3o com BTG\u00a0<\/strong><br \/>\n<\/span><\/p>\n<p class=\"p1\">O banqueiro Andr\u00e9 Esteves, do BTG,\u00a0afirmou em evento em S\u00e3o Paulo que estaria avaliando a aquisi\u00e7\u00e3o de ativos do BRB e que Ita\u00fa Unibanco e o Bradesco &#8220;j\u00e1 negociaram com o BRB R$1 bilh\u00e3o em carteiras de contratos de empr\u00e9stimos concedidos pelos estados e munic\u00edpios com aval da Uni\u00e3o&#8221;. A informa\u00e7\u00e3o foi publicada em mat\u00e9ria do Correio Braziliense, na ter\u00e7a-feira, assinada pela jornalista Rosana Hessel.<\/p>\n<p class=\"p1\"><span class=\"s1\">O BRB enfrenta uma crise ap\u00f3s a compra\u00a0de carteiras do Banco Master. Segundo a institui\u00e7\u00e3o ser\u00e1 necess\u00e1rio provisionar \u00a0cerca de R$ 8,8 bilh\u00f5es. No entanto, uma auditoria forense independente apontou a necessidade de R$ 13 bilh\u00f5es.<\/span><\/p>\n<p class=\"p1\"><span class=\"s1\">A pr\u00f3pria institui\u00e7\u00e3o financeira informou que os ativos adquiridos do Master considerados saud\u00e1veis est\u00e3o avaliados em R$ 21,9 bilh\u00f5es.<\/span><\/p>\n<p><strong><em>Acompanhe a Capital S\/A na TV Bras\u00edlia todas as ter\u00e7as e quintas-feiras, 18h30\u00a0<\/em><\/strong><strong><em>no JL ao vivo<\/em><\/strong><\/p>\n<p><iframe loading=\"lazy\" frameborder=\"0\" width=\"1440\" height=\"809\" src=\"https:\/\/geo.dailymotion.com\/player.html?video=xa5mjte&#038;\" allowfullscreen allow=\"autoplay; fullscreen; picture-in-picture; web-share\"><\/iframe><\/p>\n","protected":false},"excerpt":{"rendered":"<p>Bradesco tamb\u00e9m est\u00e1 na negocia\u00e7\u00e3o. em cons\u00f3rcio e informou \u00e0 CVM Por SAMANTA SALLUM\u00a0 O banco\u00a0Ita\u00fa Unibanco\u00a0divulgou comunicado em resposta a questionamento feito pela Comiss\u00e3o de Valores Imobili\u00e1rios (CVM) sobre not\u00edcia publicada pelo Correio Braziliense.\u00a0O Ita\u00fa Unibanco confirmou nesta quarta-feira (15) que uma de suas subsidi\u00e1rias &#8220;celebrou instrumento por meio do qual se comprometeu a adquirir&#8221; ativos do Banco de [&hellip;]<\/p>\n","protected":false},"author":125,"featured_media":0,"comment_status":"open","ping_status":"open","sticky":false,"template":"","format":"standard","meta":{"footnotes":""},"categories":[6],"tags":[],"class_list":["post-22423","post","type-post","status-publish","format-standard","hentry","category-coluna-capital-s-a"],"_links":{"self":[{"href":"https:\/\/blogs.correiobraziliense.com.br\/capital-sa\/wp-json\/wp\/v2\/posts\/22423","targetHints":{"allow":["GET"]}}],"collection":[{"href":"https:\/\/blogs.correiobraziliense.com.br\/capital-sa\/wp-json\/wp\/v2\/posts"}],"about":[{"href":"https:\/\/blogs.correiobraziliense.com.br\/capital-sa\/wp-json\/wp\/v2\/types\/post"}],"author":[{"embeddable":true,"href":"https:\/\/blogs.correiobraziliense.com.br\/capital-sa\/wp-json\/wp\/v2\/users\/125"}],"replies":[{"embeddable":true,"href":"https:\/\/blogs.correiobraziliense.com.br\/capital-sa\/wp-json\/wp\/v2\/comments?post=22423"}],"version-history":[{"count":19,"href":"https:\/\/blogs.correiobraziliense.com.br\/capital-sa\/wp-json\/wp\/v2\/posts\/22423\/revisions"}],"predecessor-version":[{"id":22442,"href":"https:\/\/blogs.correiobraziliense.com.br\/capital-sa\/wp-json\/wp\/v2\/posts\/22423\/revisions\/22442"}],"wp:attachment":[{"href":"https:\/\/blogs.correiobraziliense.com.br\/capital-sa\/wp-json\/wp\/v2\/media?parent=22423"}],"wp:term":[{"taxonomy":"category","embeddable":true,"href":"https:\/\/blogs.correiobraziliense.com.br\/capital-sa\/wp-json\/wp\/v2\/categories?post=22423"},{"taxonomy":"post_tag","embeddable":true,"href":"https:\/\/blogs.correiobraziliense.com.br\/capital-sa\/wp-json\/wp\/v2\/tags?post=22423"}],"curies":[{"name":"wp","href":"https:\/\/api.w.org\/{rel}","templated":true}]}}