{"id":22358,"date":"2026-04-13T18:40:49","date_gmt":"2026-04-13T21:40:49","guid":{"rendered":"https:\/\/blogs.correiobraziliense.com.br\/capital-sa\/?p=22358"},"modified":"2026-04-14T23:27:15","modified_gmt":"2026-04-15T02:27:15","slug":"celina-troca-presidente-da-ceb-e-mercado-reage","status":"publish","type":"post","link":"https:\/\/blogs.correiobraziliense.com.br\/capital-sa\/2026\/04\/13\/celina-troca-presidente-da-ceb-e-mercado-reage\/","title":{"rendered":"Celina troca presidente da CEB e mercado reage"},"content":{"rendered":"<p class=\"p1\"><strong>Por SAMANTA SALLUM\u00a0<\/strong><\/p>\n<p class=\"p1\"><span class=\"s1\">Em meio ao preg\u00e3o da Bolsa de Valores de S\u00e3o Paulo, chegou a informa\u00e7\u00e3o de que a governadora do DF, Celina Le\u00e3o, vai trocar o presidente da CEB Holding. Sai Edison Garcia e entra Elie Issa El Chidiac<\/span><span class=\"s2\">. Ele assumir\u00e1 tanto a holding quanto a subsidi\u00e1ria de Ilumina\u00e7\u00e3o P\u00fablica e Servi\u00e7os (CEB Ipes).<\/span><\/p>\n<p class=\"p1\"><span class=\"s1\">A CEB corre para publicar um Fato Relevante aos acionistas conforme exig\u00eancia da CVM a ser cumprida por empresas de capital aberto. A informa\u00e7\u00e3o extraoficial fez as a\u00e7\u00f5es da CEB terem ligeira queda no dia hoje. De R$ 31,33 caiu \u00a0para R$ 29,96 no fechamento do dia de hoje da Bolsa. A informa\u00e7\u00e3o vazada pegou de surpresa o mercado financeiro, e a pr\u00f3pria dire\u00e7\u00e3o da CEB.<\/span><\/p>\n<p><span class=\"s1\">Elie Issa \u00e9 atual\u00a0<\/span>chefe da Coordena\u00e7\u00e3o de Planejamento da Novacap. J\u00e1 trabalhou na Companhia de Energia El\u00e9trica de Goi\u00e1s e foi tamb\u00e9m secret\u00e1rio de Assuntos Internacionais de Goi\u00e1s. No DF, passou pelo cargo de diretor da Caesb. Celina Le\u00e3o vem substituindo a equipe deixada por IbAneis Rocha. E Elie \u00e9 hoje de sua confian\u00e7a.<\/p>\n<p><strong>Crescimento da base de acionistas\u00a0<\/strong><\/p>\n<p>A CEB \u00a0passou de uma base 246 acionistas em 2019 para 10.214 em 2025. Realizou expressivas distribui\u00e7\u00f5es de dividendos ao acionista controlador GDF e investidores privados no mesmo per\u00edodo.<\/p>\n<p>A Companhia informou \u00e0 coluna \u201cque observar\u00e1 integralmente o rito de governan\u00e7a aplic\u00e1vel, com a submiss\u00e3o do nome indicado ao Conselho de Administra\u00e7\u00e3o para a devida delibera\u00e7\u00e3o.\u201d<\/p>\n<p>Edison Garcia deixa o comando da CEB ap\u00f3s mais de sete anos de mandato com uma gest\u00e3o. A maior realiza\u00e7\u00e3o de gest\u00e3o foi ter conduzido o bem sucedido processo de privatiza\u00e7\u00e3o de parte da CEB.<\/p>\n<p>Em dezembro de 2020, o Grupo Neoenergia, venceu, o leil\u00e3o de privatiza\u00e7\u00e3o da CEB Distribui\u00e7\u00e3o, na sede da B3, em S\u00e3o Paulo. O valor de arremate foi de R$ 2,515 bilh\u00f5es, um \u00e1gio de 76,63%.<\/p>\n<p><strong><em>Acompanhe a Capital S\/A na TV Bras\u00edlia todas as ter\u00e7as e quintas-feiras, 18h30\u00a0<\/em><\/strong><strong><em>no JL ao vivo<\/em><\/strong><\/p>\n<p><iframe loading=\"lazy\" title=\"ENDIVIDAMENTO BATE RECORDE E ATINGE 80% DAS FAM\u00cdLIAS NO PA\u00cdS | CAPITAL S\/A\" width=\"1440\" height=\"810\" src=\"https:\/\/www.youtube.com\/embed\/Izfc0lidEXc?feature=oembed\" frameborder=\"0\" allow=\"accelerometer; autoplay; clipboard-write; encrypted-media; gyroscope; picture-in-picture; web-share\" referrerpolicy=\"strict-origin-when-cross-origin\" allowfullscreen><\/iframe><\/p>\n","protected":false},"excerpt":{"rendered":"<p>Por SAMANTA SALLUM\u00a0 Em meio ao preg\u00e3o da Bolsa de Valores de S\u00e3o Paulo, chegou a informa\u00e7\u00e3o de que a governadora do DF, Celina Le\u00e3o, vai trocar o presidente da CEB Holding. Sai Edison Garcia e entra Elie Issa El Chidiac. Ele assumir\u00e1 tanto a holding quanto a subsidi\u00e1ria de Ilumina\u00e7\u00e3o P\u00fablica e Servi\u00e7os (CEB Ipes). A CEB corre para [&hellip;]<\/p>\n","protected":false},"author":125,"featured_media":22370,"comment_status":"open","ping_status":"open","sticky":false,"template":"","format":"standard","meta":{"footnotes":""},"categories":[6],"tags":[],"class_list":["post-22358","post","type-post","status-publish","format-standard","has-post-thumbnail","hentry","category-coluna-capital-s-a"],"_links":{"self":[{"href":"https:\/\/blogs.correiobraziliense.com.br\/capital-sa\/wp-json\/wp\/v2\/posts\/22358","targetHints":{"allow":["GET"]}}],"collection":[{"href":"https:\/\/blogs.correiobraziliense.com.br\/capital-sa\/wp-json\/wp\/v2\/posts"}],"about":[{"href":"https:\/\/blogs.correiobraziliense.com.br\/capital-sa\/wp-json\/wp\/v2\/types\/post"}],"author":[{"embeddable":true,"href":"https:\/\/blogs.correiobraziliense.com.br\/capital-sa\/wp-json\/wp\/v2\/users\/125"}],"replies":[{"embeddable":true,"href":"https:\/\/blogs.correiobraziliense.com.br\/capital-sa\/wp-json\/wp\/v2\/comments?post=22358"}],"version-history":[{"count":11,"href":"https:\/\/blogs.correiobraziliense.com.br\/capital-sa\/wp-json\/wp\/v2\/posts\/22358\/revisions"}],"predecessor-version":[{"id":22369,"href":"https:\/\/blogs.correiobraziliense.com.br\/capital-sa\/wp-json\/wp\/v2\/posts\/22358\/revisions\/22369"}],"wp:featuredmedia":[{"embeddable":true,"href":"https:\/\/blogs.correiobraziliense.com.br\/capital-sa\/wp-json\/wp\/v2\/media\/22370"}],"wp:attachment":[{"href":"https:\/\/blogs.correiobraziliense.com.br\/capital-sa\/wp-json\/wp\/v2\/media?parent=22358"}],"wp:term":[{"taxonomy":"category","embeddable":true,"href":"https:\/\/blogs.correiobraziliense.com.br\/capital-sa\/wp-json\/wp\/v2\/categories?post=22358"},{"taxonomy":"post_tag","embeddable":true,"href":"https:\/\/blogs.correiobraziliense.com.br\/capital-sa\/wp-json\/wp\/v2\/tags?post=22358"}],"curies":[{"name":"wp","href":"https:\/\/api.w.org\/{rel}","templated":true}]}}